{"id":185106,"date":"2025-12-12T08:37:14","date_gmt":"2025-12-12T08:37:14","guid":{"rendered":"https:\/\/www.europesays.com\/pt\/185106\/"},"modified":"2025-12-12T08:37:14","modified_gmt":"2025-12-12T08:37:14","slug":"ue-aciona-clausula-de-emergencia-para-imobilizar-indefinidamente-ativos-russos","status":"publish","type":"post","link":"https:\/\/www.europesays.com\/pt\/185106\/","title":{"rendered":"UE aciona cl\u00e1usula de emerg\u00eancia para imobilizar indefinidamente ativos russos"},"content":{"rendered":"<p>A Uni\u00e3o Europeia concordou em imobilizar indefinidamente os ativos do Banco Central russo, um elemento central do empr\u00e9stimo de repara\u00e7\u00e3o \u00e0 Ucr\u00e2nia, ainda em intensas negocia\u00e7\u00f5es antes de uma cimeira decisiva na pr\u00f3xima semana.<\/p>\n<p>Ao faz\u00ea-lo, a UE colocar\u00e1 os ativos sob a sua jurisdi\u00e7\u00e3o, num contexto em que se receia que os EUA procurem controlar os ativos congelados e os utilizem num futuro acordo com Moscovo, quando este negociar o fim da guerra.<\/p>\n<p>A imobiliza\u00e7\u00e3o a longo prazo foi acordada pelos embaixadores na tarde de quinta-feira ao abrigo do artigo 122\u00ba dos Tratados da UE, que exige apenas uma maioria qualificada dos Estados-membros e dispensa o Parlamento Europeu.<\/p>\n<p>A lei pro\u00edbe a transfer\u00eancia dos ativos no valor de 210 mil milh\u00f5es de euros para o Banco Central da R\u00fassia. A maior parte, 185 mil milh\u00f5es de euros, est\u00e1 depositada na Euroclear, uma central de dep\u00f3sito de t\u00edtulos em Bruxelas. Os restantes 25 mil milh\u00f5es de euros est\u00e3o depositados em bancos privados.<\/p>\n<p>At\u00e9 agora, os fundos t\u00eam estado imobilizados ao abrigo de um regime de san\u00e7\u00f5es padr\u00e3o, que depende da unanimidade dos 27 e \u00e9 vulner\u00e1vel a vetos individuais.<\/p>\n<p>Mas, na semana passada, a Comiss\u00e3o Europeia decidiu invocar o artigo 122\u00ba para manter os ativos afastados da R\u00fassia num futuro pr\u00f3ximo. O artigo 122.\u00ba j\u00e1 foi utilizado anteriormente para fazer face a situa\u00e7\u00f5es de emerg\u00eancia econ\u00f3mica, como a pandemia de COVID-19 e a crise energ\u00e9tica.<\/p>\n<p>Numa interpreta\u00e7\u00e3o inovadora, a Comiss\u00e3o argumentou que as ondas de choque desencadeadas pela invas\u00e3o em grande escala da Ucr\u00e2nia pela R\u00fassia causaram um &#8220;impacto econ\u00f3mico grave&#8221; para a UE no seu conjunto, desencadeando &#8220;graves perturba\u00e7\u00f5es do aprovisionamento, maior incerteza, aumento dos pr\u00e9mios de risco, redu\u00e7\u00e3o do investimento e das despesas dos consumidores&#8221;, bem como in\u00fameros ataques h\u00edbridos sob a forma de incurs\u00f5es de drones, sabotagem e campanhas de desinforma\u00e7\u00e3o.<\/p>\n<p>&#8220;\u00c9 urgente impedir que os fundos sejam transferidos para a R\u00fassia para limitar os danos \u00e0 economia da Uni\u00e3o&#8221;, afirmou a proposta na sua introdu\u00e7\u00e3o.<\/p>\n<p>De acordo com a proibi\u00e7\u00e3o, os 210 mil milh\u00f5es de euros ser\u00e3o libertados quando as a\u00e7\u00f5es da R\u00fassia &#8220;deixarem objetivamente de representar riscos substanciais&#8221; para a economia europeia e Moscovo tiver pago repara\u00e7\u00f5es \u00e0 Ucr\u00e2nia &#8220;sem consequ\u00eancias econ\u00f3micas e financeiras&#8221; para o bloco.<\/p>\n<p>A liberta\u00e7\u00e3o da R\u00fassia s\u00f3 ser\u00e1 poss\u00edvel ap\u00f3s uma nova maioria qualificada.<\/p>\n<p>&#8220;O artigo 122.\u00ba visa essencialmente colocar a imobiliza\u00e7\u00e3o dos ativos numa base mais sustentada, de modo a n\u00e3o se prolongar a imobiliza\u00e7\u00e3o de seis em seis meses&#8221;, afirmou um diplomata de alto n\u00edvel, sob condi\u00e7\u00e3o de anonimato.<\/p>\n<p>&#8220;O Conselho Europeu j\u00e1 tinha decidido que isto deveria ser feito &#8211; que os ativos deveriam permanecer imobilizados at\u00e9 que a R\u00fassia pagasse os danos de guerra &#8211; pelo que se poderia dizer que a decis\u00e3o baseada no 122 \u00e9 uma implementa\u00e7\u00e3o dessa decis\u00e3o do Conselho Europeu&#8221;.<\/p>\n<p>Reagir contra Trump e proteger Kiev<\/p>\n<p>No m\u00eas passado, os europeus tomaram conhecimento, atrav\u00e9s dos meios de comunica\u00e7\u00e3o social, de um plano de 28 pontos elaborado secretamente por funcion\u00e1rios norte-americanos e russos para p\u00f4r fim \u00e0 guerra na Ucr\u00e2nia.<\/p>\n<p>O ponto 14 do plano dizia que os ativos russos deveriam ser utilizados para benef\u00edcio comercial de Washington e Moscovo, uma ideia controversa que os aliados ocidentais rapidamente rejeitaram.<\/p>\n<p>Ao imobilizar os ativos atrav\u00e9s de uma maioria qualificada, a UE estar\u00e1 numa <a href=\"https:\/\/pt.euronews.com\/my-europe\/2025\/12\/05\/ue-desafia-putin-e-trump-com-emprestimo-de-reparacoes-a-ucrania\" rel=\"nofollow noopener\" target=\"_blank\"><strong>posi\u00e7\u00e3o mais forte<\/strong><\/a><a href=\"https:\/\/pt.euronews.com\/my-europe\/2025\/12\/05\/ue-desafia-putin-e-trump-com-emprestimo-de-reparacoes-a-ucrania\" rel=\"nofollow noopener\" target=\"_blank\"> <\/a>para resistir a press\u00f5es externas e evitar vetos indesej\u00e1veis (os EUA t\u00eam sido vagos sobre se querem que o bloco avance com o empr\u00e9stimo de repara\u00e7\u00f5es).<\/p>\n<p>A proibi\u00e7\u00e3o a longo prazo \u00e9 um pilar importante da proposta da Comiss\u00e3o de canalizar os ativos russos para um empr\u00e9stimo de repara\u00e7\u00e3o a juro zero para apoiar a Ucr\u00e2nia, ao qual a B\u00e9lgica, como principal deposit\u00e1ria dos fundos, continua a resistir ferozmente.<\/p>\n<p>Os embaixadores est\u00e3o atualmente a analisar linha a linha os<a href=\"https:\/\/pt.euronews.com\/my-europe\/2025\/12\/08\/emprestimo-de-indemnizacao-a-ucrania-suscita-duvidas-a-medida-que-se-aproxima-o-prazo-fina\" rel=\"nofollow noopener\" target=\"_blank\"> <\/a><a href=\"https:\/\/pt.euronews.com\/my-europe\/2025\/12\/08\/emprestimo-de-indemnizacao-a-ucrania-suscita-duvidas-a-medida-que-se-aproxima-o-prazo-fina\" rel=\"nofollow noopener\" target=\"_blank\"><strong>textos jur\u00eddicos<\/strong><\/a><a href=\"https:\/\/pt.euronews.com\/my-europe\/2025\/12\/08\/emprestimo-de-indemnizacao-a-ucrania-suscita-duvidas-a-medida-que-se-aproxima-o-prazo-fina\" rel=\"nofollow noopener\" target=\"_blank\"> <\/a>e t\u00eam discuss\u00f5es agendadas para quinta, sexta-feira e mesmo domingo.<\/p>\n<p>O objetivo \u00e9 resolver o maior n\u00famero poss\u00edvel de quest\u00f5es antes de os l\u00edderes da UE se reunirem para uma cimeira decisiva, a 18 de dezembro, em que decidir\u00e3o como angariar 90 mil milh\u00f5es de euros para satisfazer as necessidades or\u00e7amentais e militares da Ucr\u00e2nia para 2026 e 2027.<\/p>\n<p>A B\u00e9lgica apresentou dezenas de p\u00e1ginas de altera\u00e7\u00f5es aos textos legais, segundo diplomatas familiarizados com o processo. As altera\u00e7\u00f5es, que n\u00e3o s\u00e3o p\u00fablicas, complicam o que j\u00e1 era um dossier altamente complexo e sens\u00edvel.<\/p>\n<p>Na quarta-feira, o primeiro-ministro belga, Bart De Wever, p\u00f4s em d\u00favida a adequa\u00e7\u00e3o da disposi\u00e7\u00e3o e a exist\u00eancia de uma emerg\u00eancia econ\u00f3mica que a justifique.<\/p>\n<p>&#8220;Trata-se de dinheiro de um pa\u00eds com o qual n\u00e3o estamos em guerra&#8221;, afirmou De Wever, em declara\u00e7\u00f5es aos jornalistas no parlamento belga. &#8220;Seria como entrar numa embaixada, tirar toda a mob\u00edlia e vend\u00ea-la&#8221;.<\/p>\n<p>Em resposta \u00e0s cr\u00edticas, um porta-voz da Comiss\u00e3o Europeia afirmou que era &#8220;razo\u00e1vel&#8221; argumentar que a guerra da R\u00fassia tinha provocado ondas de choque em toda a economia europeia e que, por isso, a aplica\u00e7\u00e3o do artigo 122\u00ba tinha m\u00e9rito legal.<\/p>\n<p>&#8220;Se olharmos para a situa\u00e7\u00e3o sem a guerra, veremos certamente uma situa\u00e7\u00e3o econ\u00f3mica mais pr\u00f3spera na Europa&#8221;, afirmou o porta-voz.<\/p>\n<p><strong>As tr\u00eas condi\u00e7\u00f5es<\/strong><\/p>\n<p>Embora a B\u00e9lgica <a href=\"https:\/\/pt.euronews.com\/my-europe\/2025\/11\/28\/fundamentalmente-errado-primeiro-ministro-belga-reitera-oposicao-ao-emprestimo-de-indemniz\" rel=\"nofollow noopener\" target=\"_blank\"><strong>n\u00e3o esconda<\/strong><\/a><a href=\"https:\/\/pt.euronews.com\/my-europe\/2025\/11\/28\/fundamentalmente-errado-primeiro-ministro-belga-reitera-oposicao-ao-emprestimo-de-indemniz\" rel=\"nofollow noopener\" target=\"_blank\"> <\/a>a sua avers\u00e3o ao empr\u00e9stimo de indemniza\u00e7\u00e3o, est\u00e1 disposta a dar a sua b\u00ean\u00e7\u00e3o se forem cumpridas tr\u00eas condi\u00e7\u00f5es fundamentais, disse De Wever na quarta-feira.<\/p>\n<p>A primeira condi\u00e7\u00e3o \u00e9 a mutualiza\u00e7\u00e3o total dos riscos por todos os Estados-membros.<\/p>\n<p>A Comiss\u00e3o prop\u00f4s dividir as garantias em duas parcelas de 105 mil milh\u00f5es de euros cada, para cobrir os 210 mil milh\u00f5es de euros de ativos russos detidos no territ\u00f3rio da UE. No entanto, a B\u00e9lgica pretende uma maior cobertura contra qualquer eventualidade, como as senten\u00e7as judiciais.<\/p>\n<p>Em privado, os diplomatas dizem que a cobertura poder\u00e1 exceder os 210 mil milh\u00f5es de euros e ser combinada numa \u00fanica tranche para acalmar as preocupa\u00e7\u00f5es belgas. Mas a perspetiva de concess\u00e3o de garantias ilimitadas, que De Wever parece favorecer, \u00e9 considerada invi\u00e1vel.<\/p>\n<p>A segunda condi\u00e7\u00e3o \u00e9 a garantia de liquidez da Euroclear, a institui\u00e7\u00e3o sediada em Bruxelas que det\u00e9m 185 mil milh\u00f5es de euros dos ativos russos imobilizados. A B\u00e9lgica receia que, se os ativos forem libertados prematuramente, a Euroclear n\u00e3o possa honrar os seus compromissos legais com o Banco Central russo e seja responsabilizada por incumprimento de contrato.<\/p>\n<p>Mas a proibi\u00e7\u00e3o prevista no artigo 122\u00ba torna a liberta\u00e7\u00e3o prematura praticamente imposs\u00edvel.<\/p>\n<p>Como salvaguarda adicional, a Comiss\u00e3o diz que emprestar\u00e1 dinheiro aos Estados-membros que tenham dificuldade em obter rapidamente o dinheiro para as suas garantias, se estas forem ativadas. (O Banco Central Europeu recusou-se <a href=\"https:\/\/www.euronews.com\/my-europe\/2025\/12\/02\/ecb-declines-to-provide-emergency-liquidity-for-reparations-loan-to-ukraine\" rel=\"nofollow noopener\" target=\"_blank\"><strong>firmemente<\/strong><\/a> a fornecer este apoio de liquidez).<\/p>\n<p>A terceira condi\u00e7\u00e3o da B\u00e9lgica \u00e9 a partilha total dos encargos, o que significa reunir os 185 mil milh\u00f5es de euros em ativos detidos no Euroclear e os 25 mil milh\u00f5es de euros detidos em bancos privados em Fran\u00e7a, Alemanha, Su\u00e9cia e Chipre, bem como na B\u00e9lgica.<\/p>\n<p>Embora as propostas da Comiss\u00e3o pretendam mobilizar a totalidade dos 210 mil milh\u00f5es de euros, n\u00e3o \u00e9 claro at\u00e9 que ponto Fran\u00e7a, que det\u00e9m cerca de 18 mil milh\u00f5es de euros, est\u00e1 disposta a alinhar. A privacidade e o segredo s\u00e3o princ\u00edpios sacrossantos no setor banc\u00e1rio.<\/p>\n<p>O Eliseu n\u00e3o respondeu a um pedido de coment\u00e1rio da Euronews.<\/p>\n<p>De Wever avisa que, se estes tr\u00eas crit\u00e9rios n\u00e3o forem cumpridos e a UE avan\u00e7ar com o empr\u00e9stimo de indemniza\u00e7\u00e3o, a B\u00e9lgica ir\u00e1 interpor um recurso judicial.<\/p>\n<p>&#8220;Se for tomada uma decis\u00e3o que, na minha opini\u00e3o, \u00e9 manifestamente contr\u00e1ria \u00e0 legalidade, que n\u00e3o faz sentido e que envolve riscos muito grandes para este pa\u00eds, ent\u00e3o n\u00e3o se pode excluir nada&#8221;, disse o primeiro-ministro.<\/p>\n<p>Na quinta-feira, o ministro do Or\u00e7amento, Vincent Van Peteghem, disse que o pa\u00eds seria &#8220;muito construtivo&#8221; nas conversa\u00e7\u00f5es, mas n\u00e3o aceitaria &#8220;qualquer compromisso imprudente&#8221;.<\/p>\n<p>Os diplomatas admitem que passar por cima da B\u00e9lgica para aprovar o empr\u00e9stimo com uma maioria qualificada seria politicamente insustent\u00e1vel. Se as reservas belgas persistirem, o bloco tentar\u00e1 emitir 90 mil milh\u00f5es de euros de d\u00edvida conjunta, o que a Hungria n\u00e3o deixar\u00e1 de fazer descarrilar.<\/p>\n","protected":false},"excerpt":{"rendered":"A Uni\u00e3o Europeia concordou em imobilizar indefinidamente os ativos do Banco Central russo, um elemento central do empr\u00e9stimo&hellip;\n","protected":false},"author":2,"featured_media":185107,"comment_status":"","ping_status":"","sticky":false,"template":"","format":"standard","meta":{"footnotes":""},"categories":[50],"tags":[35783,3917,27,28,15,16,14,25,26,21,22,62,12,13,19,20,23,24,839,17,18,840,29,30,31,636,63,64,65],"class_list":{"0":"post-185106","1":"post","2":"type-post","3":"status-publish","4":"format-standard","5":"has-post-thumbnail","7":"category-mundo","8":"tag-bart-de-wever","9":"tag-belgica","10":"tag-breaking-news","11":"tag-breakingnews","12":"tag-featured-news","13":"tag-featurednews","14":"tag-headlines","15":"tag-latest-news","16":"tag-latestnews","17":"tag-main-news","18":"tag-mainnews","19":"tag-mundo","20":"tag-news","21":"tag-noticias","22":"tag-noticias-principais","23":"tag-noticiasprincipais","24":"tag-principais-noticias","25":"tag-principaisnoticias","26":"tag-russia","27":"tag-top-stories","28":"tag-topstories","29":"tag-ucrania","30":"tag-ultimas","31":"tag-ultimas-noticias","32":"tag-ultimasnoticias","33":"tag-uniao-europeia","34":"tag-world","35":"tag-world-news","36":"tag-worldnews"},"share_on_mastodon":{"url":"https:\/\/pubeurope.com\/@pt\/115705691832357187","error":""},"_links":{"self":[{"href":"https:\/\/www.europesays.com\/pt\/wp-json\/wp\/v2\/posts\/185106","targetHints":{"allow":["GET"]}}],"collection":[{"href":"https:\/\/www.europesays.com\/pt\/wp-json\/wp\/v2\/posts"}],"about":[{"href":"https:\/\/www.europesays.com\/pt\/wp-json\/wp\/v2\/types\/post"}],"author":[{"embeddable":true,"href":"https:\/\/www.europesays.com\/pt\/wp-json\/wp\/v2\/users\/2"}],"replies":[{"embeddable":true,"href":"https:\/\/www.europesays.com\/pt\/wp-json\/wp\/v2\/comments?post=185106"}],"version-history":[{"count":0,"href":"https:\/\/www.europesays.com\/pt\/wp-json\/wp\/v2\/posts\/185106\/revisions"}],"wp:featuredmedia":[{"embeddable":true,"href":"https:\/\/www.europesays.com\/pt\/wp-json\/wp\/v2\/media\/185107"}],"wp:attachment":[{"href":"https:\/\/www.europesays.com\/pt\/wp-json\/wp\/v2\/media?parent=185106"}],"wp:term":[{"taxonomy":"category","embeddable":true,"href":"https:\/\/www.europesays.com\/pt\/wp-json\/wp\/v2\/categories?post=185106"},{"taxonomy":"post_tag","embeddable":true,"href":"https:\/\/www.europesays.com\/pt\/wp-json\/wp\/v2\/tags?post=185106"}],"curies":[{"name":"wp","href":"https:\/\/api.w.org\/{rel}","templated":true}]}}