{"id":185108,"date":"2025-12-12T08:38:08","date_gmt":"2025-12-12T08:38:08","guid":{"rendered":"https:\/\/www.europesays.com\/pt\/185108\/"},"modified":"2025-12-12T08:38:08","modified_gmt":"2025-12-12T08:38:08","slug":"greve-geral-nao-teve-qualquer-impacto-no-setor-metalurgico-e-metalomecanico","status":"publish","type":"post","link":"https:\/\/www.europesays.com\/pt\/185108\/","title":{"rendered":"Greve geral n\u00e3o teve qualquer impacto no setor metal\u00fargico e metalomec\u00e2nico"},"content":{"rendered":"<p>        Um outro dado que atesta de forma inequ\u00edvoca que a greve foi inexpressiva \u00e9 a contabiliza\u00e7\u00e3o das empresas em que n\u00e3o se registou uma \u00fanica ades\u00e3o \u00e0 greve, conforme sublinha Rafael Campos Pereira, Vice-Presidente Executivo da AIMMAP, \u201cverificando-se que n\u00e3o houve qualquer ades\u00e3o \u00e0 paralisa\u00e7\u00e3o em mais de 95% das empresas do Metal Portugal. Inclusivamente, pode sublinhar-se que o n\u00famero de empresas sem ades\u00f5es foi at\u00e9 superior ao habitual em greves anteriores\u201d.    <\/p>\n<p>Ap\u00f3s verificadas e trabalhadas as respostas constantes dessa amostra, a AIMMAP constatou que o grau de ades\u00e3o \u00e0 greve nas empresas filiadas foi pouco mais do que residual, tendo os grevistas correspondido a menos de 2% do total dos trabalhadores ao servi\u00e7o nas empresas em causa.<\/p>\n<p>Um outro dado que atesta de forma inequ\u00edvoca que a greve foi inexpressiva \u00e9 a contabiliza\u00e7\u00e3o das empresas em que n\u00e3o se registou uma \u00fanica ades\u00e3o \u00e0 greve, conforme sublinha Rafael Campos Pereira, Vice-Presidente Executivo da AIMMAP, \u201cverificando-se que n\u00e3o houve qualquer ades\u00e3o \u00e0 paralisa\u00e7\u00e3o em mais de 95% das empresas do Metal Portugal. Inclusivamente, pode sublinhar-se que o n\u00famero de empresas sem ades\u00f5es foi at\u00e9 superior ao habitual em greves anteriores\u201d.<\/p>\n<p>Para a recolha de informa\u00e7\u00f5es foram contactadas diretamente mais de tr\u00eas centenas de empresas associadas da AIMMAP, tendo sido recolhida uma amostra fidedigna e absolutamente cred\u00edvel.<\/p>\n<p>\u00a0<\/p>\n","protected":false},"excerpt":{"rendered":"Um outro dado que atesta de forma inequ\u00edvoca que a greve foi inexpressiva \u00e9 a contabiliza\u00e7\u00e3o das empresas&hellip;\n","protected":false},"author":2,"featured_media":177749,"comment_status":"","ping_status":"","sticky":false,"template":"","format":"standard","meta":{"footnotes":""},"categories":[10],"tags":[27,28,15,16,14,25,26,21,22,12,13,19,20,32,23,24,33,17,18,29,30,31],"class_list":{"0":"post-185108","1":"post","2":"type-post","3":"status-publish","4":"format-standard","5":"has-post-thumbnail","7":"category-portugal","8":"tag-breaking-news","9":"tag-breakingnews","10":"tag-featured-news","11":"tag-featurednews","12":"tag-headlines","13":"tag-latest-news","14":"tag-latestnews","15":"tag-main-news","16":"tag-mainnews","17":"tag-news","18":"tag-noticias","19":"tag-noticias-principais","20":"tag-noticiasprincipais","21":"tag-portugal","22":"tag-principais-noticias","23":"tag-principaisnoticias","24":"tag-pt","25":"tag-top-stories","26":"tag-topstories","27":"tag-ultimas","28":"tag-ultimas-noticias","29":"tag-ultimasnoticias"},"share_on_mastodon":{"url":"https:\/\/pubeurope.com\/@pt\/115705695652975106","error":""},"_links":{"self":[{"href":"https:\/\/www.europesays.com\/pt\/wp-json\/wp\/v2\/posts\/185108","targetHints":{"allow":["GET"]}}],"collection":[{"href":"https:\/\/www.europesays.com\/pt\/wp-json\/wp\/v2\/posts"}],"about":[{"href":"https:\/\/www.europesays.com\/pt\/wp-json\/wp\/v2\/types\/post"}],"author":[{"embeddable":true,"href":"https:\/\/www.europesays.com\/pt\/wp-json\/wp\/v2\/users\/2"}],"replies":[{"embeddable":true,"href":"https:\/\/www.europesays.com\/pt\/wp-json\/wp\/v2\/comments?post=185108"}],"version-history":[{"count":0,"href":"https:\/\/www.europesays.com\/pt\/wp-json\/wp\/v2\/posts\/185108\/revisions"}],"wp:featuredmedia":[{"embeddable":true,"href":"https:\/\/www.europesays.com\/pt\/wp-json\/wp\/v2\/media\/177749"}],"wp:attachment":[{"href":"https:\/\/www.europesays.com\/pt\/wp-json\/wp\/v2\/media?parent=185108"}],"wp:term":[{"taxonomy":"category","embeddable":true,"href":"https:\/\/www.europesays.com\/pt\/wp-json\/wp\/v2\/categories?post=185108"},{"taxonomy":"post_tag","embeddable":true,"href":"https:\/\/www.europesays.com\/pt\/wp-json\/wp\/v2\/tags?post=185108"}],"curies":[{"name":"wp","href":"https:\/\/api.w.org\/{rel}","templated":true}]}}