{"id":185112,"date":"2025-12-12T08:47:12","date_gmt":"2025-12-12T08:47:12","guid":{"rendered":"https:\/\/www.europesays.com\/pt\/185112\/"},"modified":"2025-12-12T08:47:12","modified_gmt":"2025-12-12T08:47:12","slug":"rodrigo-mora-saiu-se-bem-e-estou-feliz-ontem-teve-um-pequeno-problema","status":"publish","type":"post","link":"https:\/\/www.europesays.com\/pt\/185112\/","title":{"rendered":"\u00abRodrigo Mora saiu-se bem e estou feliz. Ontem teve um pequeno problema&#8230;\u00bb"},"content":{"rendered":"<p><strong>Declara\u00e7\u00f5es do treinador do FC Porto, Francesco Farioli, na sala de imprensa do Est\u00e1dio do Drag\u00e3o, ap\u00f3s a <a href=\"https:\/\/maisfutebol.iol.pt\/jogo\/aominuto\/fc-porto\/malmo\/13830276\" target=\"_blank\" rel=\"nofollow noopener\">vit\u00f3ria por 2-1 ante o Malm\u00f6<\/a>, em jogo da sexta jornada da fase de liga da Liga Europa:<\/strong><\/p>\n<p><strong>Sobre a import\u00e2ncia de\u00a0Rodrigo Mora na cria\u00e7\u00e3o de ocasi\u00f5es e na vit\u00f3ria:<\/strong><\/p>\n<p>\u00abA contribui\u00e7\u00e3o foi boa no \u00faltimo ter\u00e7o, mas hoje, tamb\u00e9m muito na segunda fase de constru\u00e7\u00e3o. O 1-0 surge de uma combina\u00e7\u00e3o em espa\u00e7o curto, entre o Kiwior, o Pablo e o Rodrigo. Ele saiu-se muito bem, teve a assist\u00eancia para o Samu, mas tamb\u00e9m teve outros momentos em que deu qualidade com bola, nomeadamente para o Froholdt [ndr: cruzamentos] e outras decis\u00f5es. Ele saiu-se bem, tamb\u00e9m com grande atitude defensiva. Muito feliz, tamb\u00e9m porque ele jogou, mesmo n\u00e3o estando fisicamente na melhor forma, porque ontem teve um pequeno problema numa perna. Aprecio o sacrif\u00edcio que teve para estar com a equipa, ajudar-nos e ter essa contribui\u00e7\u00e3o.\u00bb<\/p>\n","protected":false},"excerpt":{"rendered":"Declara\u00e7\u00f5es do treinador do FC Porto, Francesco Farioli, na sala de imprensa do Est\u00e1dio do Drag\u00e3o, ap\u00f3s a&hellip;\n","protected":false},"author":2,"featured_media":185113,"comment_status":"","ping_status":"","sticky":false,"template":"","format":"standard","meta":{"footnotes":""},"categories":[87],"tags":[135,2095,282,1011,46,37666,32,33,47,2435,134],"class_list":{"0":"post-185112","1":"post","2":"type-post","3":"status-publish","4":"format-standard","5":"has-post-thumbnail","7":"category-desporto","8":"tag-desporto","9":"tag-farioli","10":"tag-fc-porto","11":"tag-francesco-farioli","12":"tag-maisfutebol","13":"tag-mora-farioli","14":"tag-portugal","15":"tag-pt","16":"tag-pura-paixao","17":"tag-rodrigo-mora","18":"tag-sports"},"share_on_mastodon":{"url":"https:\/\/pubeurope.com\/@pt\/115705731173653591","error":""},"_links":{"self":[{"href":"https:\/\/www.europesays.com\/pt\/wp-json\/wp\/v2\/posts\/185112","targetHints":{"allow":["GET"]}}],"collection":[{"href":"https:\/\/www.europesays.com\/pt\/wp-json\/wp\/v2\/posts"}],"about":[{"href":"https:\/\/www.europesays.com\/pt\/wp-json\/wp\/v2\/types\/post"}],"author":[{"embeddable":true,"href":"https:\/\/www.europesays.com\/pt\/wp-json\/wp\/v2\/users\/2"}],"replies":[{"embeddable":true,"href":"https:\/\/www.europesays.com\/pt\/wp-json\/wp\/v2\/comments?post=185112"}],"version-history":[{"count":0,"href":"https:\/\/www.europesays.com\/pt\/wp-json\/wp\/v2\/posts\/185112\/revisions"}],"wp:featuredmedia":[{"embeddable":true,"href":"https:\/\/www.europesays.com\/pt\/wp-json\/wp\/v2\/media\/185113"}],"wp:attachment":[{"href":"https:\/\/www.europesays.com\/pt\/wp-json\/wp\/v2\/media?parent=185112"}],"wp:term":[{"taxonomy":"category","embeddable":true,"href":"https:\/\/www.europesays.com\/pt\/wp-json\/wp\/v2\/categories?post=185112"},{"taxonomy":"post_tag","embeddable":true,"href":"https:\/\/www.europesays.com\/pt\/wp-json\/wp\/v2\/tags?post=185112"}],"curies":[{"name":"wp","href":"https:\/\/api.w.org\/{rel}","templated":true}]}}