{"id":185120,"date":"2025-12-12T08:53:14","date_gmt":"2025-12-12T08:53:14","guid":{"rendered":"https:\/\/www.europesays.com\/pt\/185120\/"},"modified":"2025-12-12T08:53:14","modified_gmt":"2025-12-12T08:53:14","slug":"jorge-pinto-e-andre-ventura-trocam-acusacoes-e-defendem-visoes-opostas","status":"publish","type":"post","link":"https:\/\/www.europesays.com\/pt\/185120\/","title":{"rendered":"Jorge Pinto e Andr\u00e9 Ventura trocam acusa\u00e7\u00f5es e defendem vis\u00f5es opostas"},"content":{"rendered":"<p>Jorge Pinto e Andr\u00e9 Ventura protagonizaram esta quinta-feira \u00e0 noite um debate tenso e marcado por ataques pessoais que dominaram o tom da discuss\u00e3o. O confronto, emitido na SIC, centrou-se tanto em quest\u00f5es de gest\u00e3o interna dos respetivos espa\u00e7os pol\u00edticos como em vis\u00f5es divergentes sobre o papel constitucional do Presidente da Rep\u00fablica, com ambos os candidatos a tentarem transformar epis\u00f3dios concretos em argumentos eleitorais.<\/p>\n<p>O debate teve v\u00e1rios momentos de pico em que as acusa\u00e7\u00f5es foram lan\u00e7adas de forma direta e repetida. Jorge Pintoprocurou p\u00f4r em causa a capacidade de lideran\u00e7a do advers\u00e1rio ao afirmar que \u201cAndr\u00e9 Ventura n\u00e3o consegue p\u00f4r a casa em ordem, quanto mais o pa\u00eds em ordem\u201d. O candidato apoiado pelo Livre recorreu a epis\u00f3dios recentes de sa\u00eddas de autarcas como prova da fragilidade organizativa que atribui ao projeto pol\u00edtico liderado por Ventura.<\/p>\n<p>J\u00e1 Andr\u00e9 Ventura, por seu lado, repetiu v\u00e1rias vezes o argumento de que Pinto e o seu partido quer &#8220;sustentar a tralha que n\u00e3o interessa para nada&#8221;. Isto porque, disse, !tem zero propostas para lei laboral e fiscal.\u201d<\/p>\n<p>O Livre \u201cvota contra medidas do Chega porque quer iuma economia em que os que trabalham estejam a sustentar os que o partido gosta, os que n\u00e3o fazem nada, os que vivem \u00e0 conta do Estado e a tralha que n\u00e3o interessa para nada\u201d.<\/p>\n<p>A Constitui\u00e7\u00e3o e modelo pol\u00edtico<\/p>\n<p>Al\u00e9m das trocas pessoais, o confronto teve um eixo program\u00e1tico claro. Jorge Pinto defendeu a atual distribui\u00e7\u00e3o de poderes e o papel constitucional do Presidente, afirmando que <strong>\u201ca Constitui\u00e7\u00e3o tem a distribui\u00e7\u00e3o ideal dos poderes\u201d<\/strong> e que <strong>\u201co semi-parlamentarismo \u00e9 bom para o pa\u00eds\u201d<\/strong>. <\/p>\n<p>Pinto quis passar a imagem do candidato defensor da estabilidade institucional e do respeito pela letra da Constitui\u00e7\u00e3o, resumindo a sua proposta com a frase: \u201cQuero ser o Presidente da Rep\u00fablica que est\u00e1 ao lado da Constitui\u00e7\u00e3o porque ela \u00e9 boa ao nosso pa\u00eds\u201d.<\/p>\n<p>Estas posi\u00e7\u00f5es serviram para contrastar com a imagem que Ventura tenta projetar, de candidato mais disruptivo e medi\u00e1tico, transformando a discuss\u00e3o constitucional num campo de batalha ret\u00f3rico entre estabilidade e visibilidade p\u00fablica.<\/p>\n<p>O debate teve ainda um momento em que Jorge Pinto anunciou que iria formalizar a sua candidatura esta sexta-feira (o candidato do Livre ainda n\u00e3o entregou as 7500 assinaturas exigidas no Tribunal Constitucional, algo que Ventura lembrou durante o debate)<\/p>\n<p><strong>Pinto aproveitou a oportunidade para dizer que a sua mandat\u00e1ria nacional ser\u00e1 Leonor Caldeira, advogada que defendeu fam\u00edlia Coxi em julgamento contra o l\u00edder do Chega. <\/strong><\/p>\n<p>A isto, Andr\u00e9 Ventura respondeu que \u201cJorge Pinto representa o pa\u00eds da bandidagem, dos subsidiodependentes, da mama de Abril\u201d.<\/p>\n<p>O confronto desta noite deixou claro que a campanha presidencial se joga tanto em argumentos program\u00e1ticos sobre o papel do Estado como em batalhas de imagem e credibilidade. A polariza\u00e7\u00e3o entre a defesa da ordem institucional e a aposta na mobiliza\u00e7\u00e3o medi\u00e1tica promete marcar os pr\u00f3ximos epis\u00f3dios da campanha.<\/p>\n","protected":false},"excerpt":{"rendered":"Jorge Pinto e Andr\u00e9 Ventura protagonizaram esta quinta-feira \u00e0 noite um debate tenso e marcado por ataques pessoais&hellip;\n","protected":false},"author":2,"featured_media":185121,"comment_status":"","ping_status":"","sticky":false,"template":"","format":"standard","meta":{"footnotes":""},"categories":[10],"tags":[27,28,14074,15,16,14,25,26,21,22,12,13,19,20,32,5215,1076,23,24,33,17,18,29,30,31],"class_list":{"0":"post-185120","1":"post","2":"type-post","3":"status-publish","4":"format-standard","5":"has-post-thumbnail","7":"category-portugal","8":"tag-breaking-news","9":"tag-breakingnews","10":"tag-debate","11":"tag-featured-news","12":"tag-featurednews","13":"tag-headlines","14":"tag-latest-news","15":"tag-latestnews","16":"tag-main-news","17":"tag-mainnews","18":"tag-news","19":"tag-noticias","20":"tag-noticias-principais","21":"tag-noticiasprincipais","22":"tag-portugal","23":"tag-presidenciais","24":"tag-presidenciais-2026","25":"tag-principais-noticias","26":"tag-principaisnoticias","27":"tag-pt","28":"tag-top-stories","29":"tag-topstories","30":"tag-ultimas","31":"tag-ultimas-noticias","32":"tag-ultimasnoticias"},"share_on_mastodon":{"url":"https:\/\/pubeurope.com\/@pt\/115705754673381001","error":""},"_links":{"self":[{"href":"https:\/\/www.europesays.com\/pt\/wp-json\/wp\/v2\/posts\/185120","targetHints":{"allow":["GET"]}}],"collection":[{"href":"https:\/\/www.europesays.com\/pt\/wp-json\/wp\/v2\/posts"}],"about":[{"href":"https:\/\/www.europesays.com\/pt\/wp-json\/wp\/v2\/types\/post"}],"author":[{"embeddable":true,"href":"https:\/\/www.europesays.com\/pt\/wp-json\/wp\/v2\/users\/2"}],"replies":[{"embeddable":true,"href":"https:\/\/www.europesays.com\/pt\/wp-json\/wp\/v2\/comments?post=185120"}],"version-history":[{"count":0,"href":"https:\/\/www.europesays.com\/pt\/wp-json\/wp\/v2\/posts\/185120\/revisions"}],"wp:featuredmedia":[{"embeddable":true,"href":"https:\/\/www.europesays.com\/pt\/wp-json\/wp\/v2\/media\/185121"}],"wp:attachment":[{"href":"https:\/\/www.europesays.com\/pt\/wp-json\/wp\/v2\/media?parent=185120"}],"wp:term":[{"taxonomy":"category","embeddable":true,"href":"https:\/\/www.europesays.com\/pt\/wp-json\/wp\/v2\/categories?post=185120"},{"taxonomy":"post_tag","embeddable":true,"href":"https:\/\/www.europesays.com\/pt\/wp-json\/wp\/v2\/tags?post=185120"}],"curies":[{"name":"wp","href":"https:\/\/api.w.org\/{rel}","templated":true}]}}