{"id":185138,"date":"2025-12-12T09:10:24","date_gmt":"2025-12-12T09:10:24","guid":{"rendered":"https:\/\/www.europesays.com\/pt\/185138\/"},"modified":"2025-12-12T09:10:24","modified_gmt":"2025-12-12T09:10:24","slug":"eleito-o-mais-rico-do-mundo-cantor-bilionario-venceu-processo-de-10-anos-na-justica","status":"publish","type":"post","link":"https:\/\/www.europesays.com\/pt\/185138\/","title":{"rendered":"Eleito o mais rico do mundo, cantor bilion\u00e1rio venceu processo de 10 anos na Justi\u00e7a"},"content":{"rendered":"<p>O rapper americano <strong>Jay-Z <\/strong>(56) termina o ano de 2025 comemorando o t\u00edtulo de <a href=\"https:\/\/caras.com.br\/musica\/jay-z-e-eleito-o-musico-mais-rico-do-mundo-confira-sua-fortuna.phtml\" rel=\"nofollow noopener\" target=\"_blank\">m\u00fasico mais rico do mundo<\/a>, segundo a Forbes. Na reta final do ano, o cantor tamb\u00e9m encerrou um dos processos mais longos e pol\u00eamicos de sua vida. Ap\u00f3s mais de uma d\u00e9cada de batalha judicial, a Justi\u00e7a dos Estados Unidos decidiu que <strong>Rymir Satterthwaite<\/strong> (30) n\u00e3o poder\u00e1 mais entrar com pedidos nem exigir testes de paternidade contra o artista.<\/p>\n<p>A decis\u00e3o foi tomada em novembro, <a href=\"https:\/\/caras.com.br\/musica\/jovem-processa-jay-z-dizendo-que-o-rapper-e-seu-pai-veja-fotos-e-compare.phtml\" rel=\"nofollow noopener\" target=\"_blank\">encerrando um caso que come\u00e7ou em 2010<\/a>, quando <strong>Wanda<\/strong> \u2014 m\u00e3e de Rymir \u2014 solicitou a realiza\u00e7\u00e3o de testes de DNA tanto de Jay-Z quanto de <strong>Robert Graves<\/strong>, com quem mantinha um relacionamento na \u00e9poca. Ela alegava que s\u00f3 havia se relacionado sexualmente com os dois antes da gravidez.<\/p>\n<p>Graves realizou o exame e comprovou que n\u00e3o era o pai biol\u00f3gico. Jay-Z, por\u00e9m, sempre negou as acusa\u00e7\u00f5es, e seus advogados classificaram as alega\u00e7\u00f5es como \u201cass\u00e9dio\u201d. O caso ganhou proje\u00e7\u00e3o em 2015, quando documentos sugeriram que o rapper teria mentido em um tribunal de Nova Jersey para evitar o teste de DNA \u2014 algo que nunca foi provado judicialmente.<\/p>\n<p>Com a morte de Wanda em 2016, Rymir continuou tentando avan\u00e7ar com o processo e afirmou ter gastado mais de US$ 20 mil (cerca de R$ 100 mil) ao longo dos anos. Todos os pedidos foram negados at\u00e9 a decis\u00e3o final desta semana, que o impede definitivamente de prosseguir com a a\u00e7\u00e3o.<\/p>\n<p>\t <img loading=\"lazy\" decoding=\"async\" class=\"size-medium wp-image-1043113 img-fluid lazy\" alt=\"Rymir Satterthwaite, de 30 anos, dizia ser filho de Jay-Z (Foto: Reprodu\u00e7\u00e3o)\" width=\"406\" height=\"228\" src=\"https:\/\/www.europesays.com\/pt\/wp-content\/uploads\/2025\/12\/Rymir-Satterthwaite-de-30-anos-dizia-ser-filho-de-Jay-Z-406x228.jpg\"  \/>Rymir Satterthwaite, de 30 anos, dizia ser filho de Jay-Z (Foto: Reprodu\u00e7\u00e3o) O m\u00fasico mais rico do planeta <\/p>\n<p>Paralelamente ao encerramento do caso, Jay-Z refor\u00e7a sua posi\u00e7\u00e3o de magnata. Em agosto de 2025, a Forbes o elegeu o artista mais rico do mundo, com fortuna estimada em US$ 2,5 bilh\u00f5es \u2014 ultrapassando nomes como <strong>Taylor Swift<\/strong> (35), que liderou o ranking no ano anterior com US$ 1,6 bilh\u00e3o.<\/p>\n<p><strong>Leia tamb\u00e9m<\/strong>: <a href=\"https:\/\/caras.com.br\/datas-especiais\/eleito-o-mais-rico-do-mundo-cantor-chega-aos-56-anos-com-mansao-de-100-milhoes-de-dolares.phtml\" rel=\"nofollow noopener\" target=\"_blank\">Eleito o mais rico do mundo, cantor chega aos 56 anos com mans\u00e3o de 100 milh\u00f5es de d\u00f3lares<\/a><\/p>\n<p>Embora n\u00e3o lance m\u00fasicas ou fa\u00e7a turn\u00eas com frequ\u00eancia, o rapper consolidou um imp\u00e9rio empresarial. Ele \u00e9 fundador da Roc Nation, uma das maiores empresas de entretenimento do mundo, que atua em \u00e1reas como m\u00fasica, agenciamento de carreiras, esportes, publica\u00e7\u00f5es e distribui\u00e7\u00e3o. O jogador brasileiro <strong>Vini Jr<\/strong>. (25) \u00e9 um dos talentos agenciados pela companhia.<\/p>\n<p>Na vida pessoal, ele \u00e9 casado desde abril de 2008 com <strong>Beyonc\u00e9<\/strong> (44). Juntos, eles s\u00e3o pais de de tr\u00eas filhos: <strong>Blue Ivy<\/strong> (13) e os g\u00eameos <strong>Rumi<\/strong> e <strong>Sir<\/strong> (8).<\/p>\n<p>\t <img loading=\"lazy\" decoding=\"async\" class=\"size-full wp-image-881711 img-fluid lazy\" alt=\"Filhas de Beyonc\u00e9 fazem rara apari\u00e7\u00e3o com o pai em evento esportivo\" width=\"1300\" height=\"867\" src=\"https:\/\/www.europesays.com\/pt\/wp-content\/uploads\/2025\/12\/jay-z-filhas-de-beyonce-2.jpg\"\/>Filhas de Beyonc\u00e9 fazem rara apari\u00e7\u00e3o com o pai em evento esportivo <\/p>\n<p><strong>Confira Jay-Z chegando ao lado de Beyonc\u00e9 no Grand Prix este ano:<\/strong><\/p>\n<blockquote class=\"instagram-media\" style=\"background: #FFF; border: 0; border-radius: 3px; box-shadow: 0 0 1px 0 rgba(0,0,0,0.5),0 1px 10px 0 rgba(0,0,0,0.15); margin: 1px; max-width: 540px; min-width: 326px; padding: 0; width: calc(100% - 2px);\" data-instgrm-captioned=\"\" data-instgrm-permalink=\"https:\/\/www.instagram.com\/reel\/DRYL5ZiDb2p\/?utm_source=ig_embed&amp;utm_campaign=loading\" data-instgrm-version=\"14\"><\/blockquote>\n<p>\t                                            <script async src=\"\/\/www.instagram.com\/embed.js\"><\/script><\/p>\n","protected":false},"excerpt":{"rendered":"O rapper americano Jay-Z (56) termina o ano de 2025 comemorando o t\u00edtulo de m\u00fasico mais rico do&hellip;\n","protected":false},"author":2,"featured_media":185139,"comment_status":"","ping_status":"","sticky":false,"template":"","format":"standard","meta":{"footnotes":""},"categories":[145],"tags":[211,210,114,115,82,30669,150,32,33],"class_list":{"0":"post-185138","1":"post","2":"type-post","3":"status-publish","4":"format-standard","5":"has-post-thumbnail","7":"category-celebridades","8":"tag-celebridades","9":"tag-celebrities","10":"tag-entertainment","11":"tag-entretenimento","12":"tag-internacional","13":"tag-jay-z","14":"tag-musica","15":"tag-portugal","16":"tag-pt"},"share_on_mastodon":{"url":"https:\/\/pubeurope.com\/@pt\/115705821861126660","error":""},"_links":{"self":[{"href":"https:\/\/www.europesays.com\/pt\/wp-json\/wp\/v2\/posts\/185138","targetHints":{"allow":["GET"]}}],"collection":[{"href":"https:\/\/www.europesays.com\/pt\/wp-json\/wp\/v2\/posts"}],"about":[{"href":"https:\/\/www.europesays.com\/pt\/wp-json\/wp\/v2\/types\/post"}],"author":[{"embeddable":true,"href":"https:\/\/www.europesays.com\/pt\/wp-json\/wp\/v2\/users\/2"}],"replies":[{"embeddable":true,"href":"https:\/\/www.europesays.com\/pt\/wp-json\/wp\/v2\/comments?post=185138"}],"version-history":[{"count":0,"href":"https:\/\/www.europesays.com\/pt\/wp-json\/wp\/v2\/posts\/185138\/revisions"}],"wp:featuredmedia":[{"embeddable":true,"href":"https:\/\/www.europesays.com\/pt\/wp-json\/wp\/v2\/media\/185139"}],"wp:attachment":[{"href":"https:\/\/www.europesays.com\/pt\/wp-json\/wp\/v2\/media?parent=185138"}],"wp:term":[{"taxonomy":"category","embeddable":true,"href":"https:\/\/www.europesays.com\/pt\/wp-json\/wp\/v2\/categories?post=185138"},{"taxonomy":"post_tag","embeddable":true,"href":"https:\/\/www.europesays.com\/pt\/wp-json\/wp\/v2\/tags?post=185138"}],"curies":[{"name":"wp","href":"https:\/\/api.w.org\/{rel}","templated":true}]}}