{"id":185167,"date":"2025-12-12T09:45:10","date_gmt":"2025-12-12T09:45:10","guid":{"rendered":"https:\/\/www.europesays.com\/pt\/185167\/"},"modified":"2025-12-12T09:45:10","modified_gmt":"2025-12-12T09:45:10","slug":"hoquei-em-patins-benfica-aplica-chapa-6-ao-campeao-da-europa","status":"publish","type":"post","link":"https:\/\/www.europesays.com\/pt\/185167\/","title":{"rendered":"H\u00f3quei em patins: Benfica aplica \u00abchapa 6\u00bb ao campe\u00e3o da Europa"},"content":{"rendered":"<p style=\"margin-bottom:11px\">O Benfica goleou o \u00d3quei de Barcelos, campe\u00e3o europeu em t\u00edtulo, por 6-1, em jogo do Grupo B da Liga dos Campe\u00f5es, numa ronda em que a Oliveirense venceu em It\u00e1lia e o Sporting empatou na Corunha.<\/p>\n<p>O resultado mais surpreendente desta terceira ronda de Champions ficou registado no Pavilh\u00e3o Fidelidade, na Luz, com os encarnados a aplicarem \u00abchapa 6\u00bb ao campe\u00e3o da Europa em t\u00edtulo, num jogo em que Jo\u00e3o Rodrigues, com tr\u00eas golos, esteve em particular destaque.<\/p>\n<p>Carlos Ramos ainda respondeu ao primeiro golo de Jo\u00e3o Rodrigues, num in\u00edcio de jogo equilibrado, mas depois o Benfica disparou no marcador. Al\u00e9m de Jo\u00e3o Rodrigues, marcaram ainda Roberto di Benedetto e Z\u00e9 Miranda, este \u00faltimo tamb\u00e9m a bisar no jogo.<\/p>\n<p>Foi a terceira vit\u00f3ria consecutiva do Benfica que, desta forma, passa a liderar o Grupo B destacado, com 9 pontos, mais dois do que o Sporting que, tamb\u00e9m esta quinta-feira, foi \u00e0 Corunha empatar com o Liceo 2-2.<\/p>\n<p>A equipa galega esteve mesmo a vencer por 2-0, com golos de C\u00e9sar Carballeira (12m) e Toni P\u00e9rez (27m), mas os le\u00f5es nivelaram o resultado com golos de Nolito Romero (39m) e Rafael Bessa (47m).<\/p>\n<p>Ainda no mesmo grupo, a Oliveirense somou a primeira vit\u00f3ria nesta fase ao bater os italianos do Hockey Bassano, em It\u00e1lia, por 3-1, com um hat-trick de Bruno Di Benedetto, irm\u00e3o de Roberto [Benfica] e Carlo [FC Porto].<\/p>\n<p><strong>Classifica\u00e7\u00e3o do Grupo B da Champions: <\/strong>Benfica, 9 pontos; Sporting, 7; HC Liceo, 4; OC Barcelos e UD Oliveirense, 3; Hockey Bassano, 0.<\/p>\n","protected":false},"excerpt":{"rendered":"O Benfica goleou o \u00d3quei de Barcelos, campe\u00e3o europeu em t\u00edtulo, por 6-1, em jogo do Grupo B&hellip;\n","protected":false},"author":2,"featured_media":185168,"comment_status":"","ping_status":"","sticky":false,"template":"","format":"standard","meta":{"footnotes":""},"categories":[87],"tags":[51,5043,135,2695,37673,7706,46,1830,36844,37672,32,33,47,34,134],"class_list":{"0":"post-185167","1":"post","2":"type-post","3":"status-publish","4":"format-standard","5":"has-post-thumbnail","7":"category-desporto","8":"tag-benfica","9":"tag-champions","10":"tag-desporto","11":"tag-hoquei-em-patins","12":"tag-liceo-corunha","13":"tag-liga-campeoes","14":"tag-maisfutebol","15":"tag-modalidades","16":"tag-oliveirense","17":"tag-oquei-de-barcelos","18":"tag-portugal","19":"tag-pt","20":"tag-pura-paixao","21":"tag-sporting","22":"tag-sports"},"share_on_mastodon":{"url":"https:\/\/pubeurope.com\/@pt\/115705959359636851","error":""},"_links":{"self":[{"href":"https:\/\/www.europesays.com\/pt\/wp-json\/wp\/v2\/posts\/185167","targetHints":{"allow":["GET"]}}],"collection":[{"href":"https:\/\/www.europesays.com\/pt\/wp-json\/wp\/v2\/posts"}],"about":[{"href":"https:\/\/www.europesays.com\/pt\/wp-json\/wp\/v2\/types\/post"}],"author":[{"embeddable":true,"href":"https:\/\/www.europesays.com\/pt\/wp-json\/wp\/v2\/users\/2"}],"replies":[{"embeddable":true,"href":"https:\/\/www.europesays.com\/pt\/wp-json\/wp\/v2\/comments?post=185167"}],"version-history":[{"count":0,"href":"https:\/\/www.europesays.com\/pt\/wp-json\/wp\/v2\/posts\/185167\/revisions"}],"wp:featuredmedia":[{"embeddable":true,"href":"https:\/\/www.europesays.com\/pt\/wp-json\/wp\/v2\/media\/185168"}],"wp:attachment":[{"href":"https:\/\/www.europesays.com\/pt\/wp-json\/wp\/v2\/media?parent=185167"}],"wp:term":[{"taxonomy":"category","embeddable":true,"href":"https:\/\/www.europesays.com\/pt\/wp-json\/wp\/v2\/categories?post=185167"},{"taxonomy":"post_tag","embeddable":true,"href":"https:\/\/www.europesays.com\/pt\/wp-json\/wp\/v2\/tags?post=185167"}],"curies":[{"name":"wp","href":"https:\/\/api.w.org\/{rel}","templated":true}]}}