{"id":185179,"date":"2025-12-12T09:52:12","date_gmt":"2025-12-12T09:52:12","guid":{"rendered":"https:\/\/www.europesays.com\/pt\/185179\/"},"modified":"2025-12-12T09:52:12","modified_gmt":"2025-12-12T09:52:12","slug":"sporting-depois-de-blopa-rui-borges-contrata-dupla-na-equipa-b-para-ficar","status":"publish","type":"post","link":"https:\/\/www.europesays.com\/pt\/185179\/","title":{"rendered":"Sporting: depois de Blopa, Rui Borges &#8216;contrata&#8217; dupla na equipa B (para ficar&#8230;)"},"content":{"rendered":"<p>            <img decoding=\"async\" src=\"https:\/\/www.europesays.com\/pt\/wp-content\/uploads\/2025\/12\/f20f5b4c-36c2-4ca5-ad98-12586433c319.jpg\" alt=\"Bruno Ramos e R\u00f4mulo J\u00fanior s\u00e3o nomes bem identificados pela equipa t\u00e9cnica liderada por Rui Borges - Foto: SPORTING CP\" height=\"574\" class=\"w-full object-contain object-top sm:h-[574px]   object-cover\"\/><\/p>\n<p>                Bruno Ramos e R\u00f4mulo J\u00fanior s\u00e3o nomes bem identificados pela equipa t\u00e9cnica liderada por Rui Borges &#8211; Foto: SPORTING CP<\/p>\n<p>                Bruno Ramos e R\u00f4mulo J\u00fanior s\u00e3o nomes bem identificados pela equipa t\u00e9cnica liderada por Rui Borges &#8211; Foto: SPORTING CP<\/p>\n<p>\n                Rui Borges procura solu\u00e7\u00f5es para colmatar aus\u00eancia de Diomande e les\u00e3o de Debast no eixo e escolheu Bruno Ramos e R\u00f4mulo J\u00fanior. Preocupa\u00e7\u00e3o no jogo a\u00e9reo do centro defensivo. Dupla de brasileiros est\u00e3o cedidos e v\u00e3o ter mais espa\u00e7o para se mostrar\n            <\/p>\n<p>Entre as muitas preocupa\u00e7\u00f5es de Rui Borges face \u00e0 onda de les\u00f5es que assola a equipa \u2013 com <a class=\"autolink-enabled\" data-resource-id=\"183976\" data-resource-type=\"player\" data-sport=\"football\" href=\"https:\/\/www.abola.pt\/futebol\/jogador\/pedro-goncalves-183976\" rel=\"nofollow noopener\" target=\"_blank\">Pedro Gon\u00e7alves<\/a>, <a class=\"autolink-enabled\" data-resource-id=\"233639\" data-resource-type=\"player\" data-sport=\"football\" href=\"https:\/\/www.abola.pt\/futebol\/jogador\/debast-233639\" rel=\"nofollow noopener\" target=\"_blank\">Debast<\/a>, <a class=\"autolink-enabled\" data-resource-id=\"295516\" data-resource-type=\"player\" data-sport=\"football\" href=\"https:\/\/www.abola.pt\/futebol\/jogador\/quenda-295516\" rel=\"nofollow noopener\" target=\"_blank\">Quenda<\/a> e <a class=\"autolink-enabled\" data-resource-id=\"8871\" data-resource-type=\"player\" data-sport=\"football\" href=\"https:\/\/www.abola.pt\/futebol\/jogador\/nuno-santos-8871\" rel=\"nofollow noopener\" target=\"_blank\">Nuno Santos<\/a> a terem regressos confirmados apenas em 2026 &#8211; h\u00e1 um ponto gera maior apreens\u00e3o junto do t\u00e9cnico. Falamos do eixo defensivo, um setor para o qual existem apenas tr\u00eas solu\u00e7\u00f5es, uma vez que <a class=\"autolink-enabled\" data-resource-id=\"271526\" data-resource-type=\"player\" data-sport=\"football\" href=\"https:\/\/www.abola.pt\/futebol\/jogador\/ousmane-diomande-271526\" rel=\"nofollow noopener\" target=\"_blank\">Diomande<\/a> est\u00e1 de malas feitas para rumar \u00e0 CAN: <a class=\"autolink-enabled\" data-resource-id=\"223498\" data-resource-type=\"player\" data-sport=\"football\" href=\"https:\/\/www.abola.pt\/futebol\/jogador\/goncalo-inacio-223498\" rel=\"nofollow noopener\" target=\"_blank\">Gon\u00e7alo In\u00e1cio<\/a>, <a class=\"autolink-enabled\" data-resource-id=\"222095\" data-resource-type=\"player\" data-sport=\"football\" href=\"https:\/\/www.abola.pt\/futebol\/jogador\/eduardo-quaresma-222095\" rel=\"nofollow noopener\" target=\"_blank\">Eduardo Quaresma<\/a> e <a class=\"autolink-enabled\" data-resource-id=\"26458\" data-resource-type=\"player\" data-sport=\"football\" href=\"https:\/\/www.abola.pt\/futebol\/jogador\/matheus-reis-26458\" rel=\"nofollow noopener\" target=\"_blank\">Matheus Reis<\/a>. E se dos dois primeiros se perfilam para serem op\u00e7\u00f5es n\u00famero 1&#8230; existem mais vagas por preencher.  <\/p>\n<p>E enquanto o mercado se encontra fechado, o treinador vai olhar para dentro, para colmatar estas vagas. E nesse \u00e2mbito, apurou <strong>A BOLA<\/strong>, h\u00e1 dois jovens que est\u00e3o na linha da frente e devem ser integrados nos trabalhos da equipa principal com uma maior regularidade. Falamos de <a class=\"autolink-enabled\" data-resource-id=\"293998\" data-resource-type=\"player\" data-sport=\"football\" href=\"https:\/\/www.abola.pt\/futebol\/jogador\/bruno-ramos-293998\" rel=\"nofollow noopener\" target=\"_blank\">Bruno Ramos<\/a>, central de 20 anos, que h\u00e1 muito est\u00e1 identificado pela estrutura leonina (chegou a ser lan\u00e7ado na \u00e9poca passada na equipa principal, diante do <a class=\"autolink-enabled\" data-resource-id=\"3466\" data-resource-type=\"team\" data-sport=\"football\" href=\"https:\/\/www.abola.pt\/futebol\/portimonense-3466\" rel=\"nofollow noopener\" target=\"_blank\">Portimonense<\/a>, para a <a class=\"autolink-enabled\" data-resource-id=\"112\" data-resource-type=\"competition\" data-sport=\"football\" href=\"https:\/\/www.abola.pt\/futebol\/competicao\/taca-de-portugal-112\" rel=\"nofollow noopener\" target=\"_blank\">Ta\u00e7a de Portugal<\/a>) e R\u00f4mulo J\u00fanior, tamb\u00e9m defesa-central, 21 anos, que se juntou aos le\u00f5es esta \u00e9poca, proveniente do <a class=\"autolink-enabled\" data-resource-id=\"176\" data-resource-type=\"team\" data-sport=\"football\" href=\"https:\/\/www.abola.pt\/futebol\/atletico-mineiro-176\" rel=\"nofollow noopener\" target=\"_blank\">Atl\u00e9tico Mineiro<\/a>.<\/p>\n<p>            <img decoding=\"async\" src=\"https:\/\/www.europesays.com\/pt\/wp-content\/uploads\/2025\/12\/5fa4a335-8185-4d98-91ff-1708edd7f3af.jpg\" alt=\"\" width=\"620\" class=\"w-full object-cover\"\/><\/p>\n<p>                    Bruno Ramos foi titular com o Portimonense, na \u00e9poca passada, para a Ta\u00e7a de Portugal<\/p>\n<p>Uma dupla brasileira, que tem evolu\u00eddo na <a class=\"autolink-enabled\" data-resource-id=\"111\" data-resource-type=\"competition\" data-sport=\"football\" href=\"https:\/\/www.abola.pt\/futebol\/competicao\/liga-portugal-2-meu-super-111\" rel=\"nofollow noopener\" target=\"_blank\">Liga 2<\/a> ao servi\u00e7o da equipa B, e que tem a particularidade de estar num per\u00edodo&#8230; experimental, pois ambos est\u00e3o cedidos por empr\u00e9stimo (ao <a class=\"autolink-enabled\" data-resource-id=\"2693\" data-resource-type=\"team\" data-sport=\"football\" href=\"https:\/\/www.abola.pt\/futebol\/academico-de-viseu-2693\" rel=\"nofollow noopener\" target=\"_blank\">Acad\u00e9mico Viseu<\/a> e <a class=\"autolink-enabled\" data-resource-id=\"176\" data-resource-type=\"team\" data-sport=\"football\" href=\"https:\/\/www.abola.pt\/futebol\/atletico-mineiro-176\" rel=\"nofollow noopener\" target=\"_blank\">Atl\u00e9tico Mineiro<\/a>) com op\u00e7\u00e3o de compra por parte dos le\u00f5es. <a class=\"autolink-enabled\" data-resource-id=\"293998\" data-resource-type=\"player\" data-sport=\"football\" href=\"https:\/\/www.abola.pt\/futebol\/jogador\/bruno-ramos-293998\" rel=\"nofollow noopener\" target=\"_blank\">Bruno Ramos<\/a> e R\u00f4mulo J\u00fanior podem estar, assim, numa montra que se revelar\u00e1 determinante para a continuidade desta dupla em Alvalade.<\/p>\n<p>            <img decoding=\"async\" src=\"https:\/\/www.europesays.com\/pt\/wp-content\/uploads\/2025\/12\/a8d5a36a-52ef-470c-9212-58079c54490e.jpg\" alt=\"R\u00f4mulo, de 21 anos, \u00e9 defesa-central\" width=\"620\" class=\"w-full object-cover\"\/><\/p>\n<p>                    R\u00f4mulo, de 21 anos, \u00e9 defesa-central e chegou esta \u00e9poca oriundo do Atl\u00e9tico Mineiro &#8211; Foto: Sporting CP<\/p>\n<p>Existem outros nomes na mesa, nomeadamente <a class=\"autolink-enabled\" data-resource-id=\"259618\" data-resource-type=\"player\" data-sport=\"football\" href=\"https:\/\/www.abola.pt\/futebol\/jogador\/joao-muniz-259618\" rel=\"nofollow noopener\" target=\"_blank\">Jo\u00e3o Muniz<\/a> (que est\u00e1 lesionado&#8230;) e <a class=\"autolink-enabled\" data-resource-id=\"294570\" data-resource-type=\"player\" data-sport=\"football\" href=\"https:\/\/www.abola.pt\/futebol\/jogador\/lucas-taibo-294570\" rel=\"nofollow noopener\" target=\"_blank\">Lucas Taibo<\/a>, por\u00e9m, nesta altura, \u00e9 a dupla brasileira que se encontra na linha da frente para ser solu\u00e7\u00e3o no final deste ano e no arranque do pr\u00f3ximo. Que, ainda assim, se encontra atr\u00e1s do trio mais experiente, com <a class=\"autolink-enabled\" data-resource-id=\"223498\" data-resource-type=\"player\" data-sport=\"football\" href=\"https:\/\/www.abola.pt\/futebol\/jogador\/goncalo-inacio-223498\" rel=\"nofollow noopener\" target=\"_blank\">Gon\u00e7alo In\u00e1cio<\/a> a tornar-se como grande refer\u00eancia do eixo, seguido de <a class=\"autolink-enabled\" data-resource-id=\"222095\" data-resource-type=\"player\" data-sport=\"football\" href=\"https:\/\/www.abola.pt\/futebol\/jogador\/eduardo-quaresma-222095\" rel=\"nofollow noopener\" target=\"_blank\">Eduardo Quaresma<\/a> e&#8230; o polivalente <a class=\"autolink-enabled\" data-resource-id=\"26458\" data-resource-type=\"player\" data-sport=\"football\" href=\"https:\/\/www.abola.pt\/futebol\/jogador\/matheus-reis-26458\" rel=\"nofollow noopener\" target=\"_blank\">Matheus Reis<\/a>. Uma dupla que iniciou a \u00e9poca como op\u00e7\u00f5es secund\u00e1rias e que agora ganham nova vida face \u00e0s limita\u00e7\u00f5es num setor que, recorde-se, no in\u00edcio da \u00e9poca tamb\u00e9m perdeu&#8230; <a class=\"autolink-enabled\" data-resource-id=\"7152\" data-resource-type=\"player\" data-sport=\"football\" href=\"https:\/\/www.abola.pt\/futebol\/jogador\/st-juste-7152\" rel=\"nofollow noopener\" target=\"_blank\">St. Juste<\/a>, relegado para a equipa B.<\/p>\n","protected":false},"excerpt":{"rendered":"Bruno Ramos e R\u00f4mulo J\u00fanior s\u00e3o nomes bem identificados pela equipa t\u00e9cnica liderada por Rui Borges &#8211; Foto:&hellip;\n","protected":false},"author":2,"featured_media":185180,"comment_status":"","ping_status":"","sticky":false,"template":"","format":"standard","meta":{"footnotes":""},"categories":[8],"tags":[27,28,15,16,14,25,26,21,22,12,13,19,20,32,23,24,33,17,18,29,30,31],"class_list":{"0":"post-185179","1":"post","2":"type-post","3":"status-publish","4":"format-standard","5":"has-post-thumbnail","7":"category-principais-noticias","8":"tag-breaking-news","9":"tag-breakingnews","10":"tag-featured-news","11":"tag-featurednews","12":"tag-headlines","13":"tag-latest-news","14":"tag-latestnews","15":"tag-main-news","16":"tag-mainnews","17":"tag-news","18":"tag-noticias","19":"tag-noticias-principais","20":"tag-noticiasprincipais","21":"tag-portugal","22":"tag-principais-noticias","23":"tag-principaisnoticias","24":"tag-pt","25":"tag-top-stories","26":"tag-topstories","27":"tag-ultimas","28":"tag-ultimas-noticias","29":"tag-ultimasnoticias"},"share_on_mastodon":{"url":"https:\/\/pubeurope.com\/@pt\/115705986686825217","error":""},"_links":{"self":[{"href":"https:\/\/www.europesays.com\/pt\/wp-json\/wp\/v2\/posts\/185179","targetHints":{"allow":["GET"]}}],"collection":[{"href":"https:\/\/www.europesays.com\/pt\/wp-json\/wp\/v2\/posts"}],"about":[{"href":"https:\/\/www.europesays.com\/pt\/wp-json\/wp\/v2\/types\/post"}],"author":[{"embeddable":true,"href":"https:\/\/www.europesays.com\/pt\/wp-json\/wp\/v2\/users\/2"}],"replies":[{"embeddable":true,"href":"https:\/\/www.europesays.com\/pt\/wp-json\/wp\/v2\/comments?post=185179"}],"version-history":[{"count":0,"href":"https:\/\/www.europesays.com\/pt\/wp-json\/wp\/v2\/posts\/185179\/revisions"}],"wp:featuredmedia":[{"embeddable":true,"href":"https:\/\/www.europesays.com\/pt\/wp-json\/wp\/v2\/media\/185180"}],"wp:attachment":[{"href":"https:\/\/www.europesays.com\/pt\/wp-json\/wp\/v2\/media?parent=185179"}],"wp:term":[{"taxonomy":"category","embeddable":true,"href":"https:\/\/www.europesays.com\/pt\/wp-json\/wp\/v2\/categories?post=185179"},{"taxonomy":"post_tag","embeddable":true,"href":"https:\/\/www.europesays.com\/pt\/wp-json\/wp\/v2\/tags?post=185179"}],"curies":[{"name":"wp","href":"https:\/\/api.w.org\/{rel}","templated":true}]}}