{"id":185190,"date":"2025-12-12T10:04:09","date_gmt":"2025-12-12T10:04:09","guid":{"rendered":"https:\/\/www.europesays.com\/pt\/185190\/"},"modified":"2025-12-12T10:04:09","modified_gmt":"2025-12-12T10:04:09","slug":"empresa-que-retirou-corina-machado-da-venezuela-nega-ter-sido-contratada-por-trump-venezuela","status":"publish","type":"post","link":"https:\/\/www.europesays.com\/pt\/185190\/","title":{"rendered":"Empresa que retirou Corina Machado da Venezuela nega ter sido contratada por Trump | Venezuela"},"content":{"rendered":"<p>Bryan Stern, um veterano de guerra norte-americano que retirou Mar\u00eda Corina Machado da Venezuela por mar, recomendou \u00e0 l\u00edder da oposi\u00e7\u00e3o venezuelana que n\u00e3o regressasse ao pa\u00eds e garantiu n\u00e3o ter sido contratado pela Casa Branca.<\/p>\n<p>O fundador do grupo Grey Bull Rescue, com sede em Tampa (Fl\u00f3rida), disse ao canal CBS que se encontrou com <a href=\"https:\/\/www.publico.pt\/2025\/12\/11\/mundo\/noticia\/peruca-barco-pesca-jacto-privado-especialista-contratado-corina-machado-fugiu-maduro-2157729\" rel=\"nofollow noopener\" target=\"_blank\">Corina Machado<\/a> em alto mar e conseguiu lev\u00e1-la para um local secreto nas Cara\u00edbas, de onde a opositora venezuelana embarcou num avi\u00e3o com destino a Oslo para receber, na passada quarta-feira, o Pr\u00e9mio <a href=\"https:\/\/www.publico.pt\/2025\/10\/10\/mundo\/noticia\/maria-corina-machado-opositora-politica-venezuelana-vence-nobel-paz-2150328\" rel=\"nofollow noopener\" target=\"_blank\">Nobel da Paz<\/a> e reunir-se com a fam\u00edlia.<\/p>\n<p>&#8220;Foi perigoso. Foi assustador. As condi\u00e7\u00f5es do mar eram ideais para n\u00f3s, mas n\u00e3o eram \u00e1guas onde se quisesse estar. Quanto mais altas as ondas, mais dif\u00edcil \u00e9 para o radar ver. \u00c9 assim que funciona&#8221;, disse Stern.<\/p>\n<p>O ex-militar reconheceu que &#8220;ningu\u00e9m gostou da <a href=\"https:\/\/www.publico.pt\/2025\/12\/10\/mundo\/noticia\/maria-corina-machado-caminho-oslo-filha-receber-nobel-paz-2157630\" rel=\"nofollow noopener\" target=\"_blank\">viagem<\/a>, especialmente Mar\u00eda!&#8221;.<\/p>\n<p>Stern sublinhou ao canal que a Grey Bull n\u00e3o actua com fundos governamentais. &#8220;O Governo dos <a href=\"https:\/\/www.publico.pt\/estados-unidos\" rel=\"nofollow noopener\" target=\"_blank\">Estados Unidos <\/a>n\u00e3o contribuiu com um \u00fanico centavo, pelo menos que eu saiba&#8221;, afirmou.<\/p>\n<p>&#8220;Eu sou o profissional especializado em extrac\u00e7\u00f5es e nunca fui contratado por <a href=\"https:\/\/www.publico.pt\/donald-trump\" rel=\"nofollow noopener\" target=\"_blank\">Donald Trump<\/a>&#8220;, afirmou, negando vers\u00f5es que ligam o resgate ao c\u00edrculo do Presidente dos Estados Unidos.<\/p>\n<p>O veterano de guerra negou que a recolha tenha sido em <a href=\"https:\/\/www.publico.pt\/2025\/10\/12\/desporto\/noticia\/curacau-pais-seleccionador-velho-ir-mundial-2150527\" rel=\"nofollow noopener\" target=\"_blank\">Cura\u00e7au<\/a>, assim como evitou falar sobre a parte da opera\u00e7\u00e3o em terra. &#8220;Ainda temos trabalho na Venezuela e n\u00e3o queremos colocar em risco as pessoas, fontes ou m\u00e9todos envolvidos&#8221;, justificou.<\/p>\n<p>Quando se juntou a <a href=\"https:\/\/www.publico.pt\/2025\/12\/10\/mundo\/noticia\/filha-maria-corina-machado-recebera-premio-nobel-paz-atribuido-mae-2157603\" rel=\"nofollow noopener\" target=\"_blank\">Mar\u00eda Corina Machado<\/a>, disse Stern, &#8220;estavam todos encharcados&#8221;.<\/p>\n<p>&#8220;A minha equipa e eu est\u00e1vamos completamente molhados. Ela tamb\u00e9m estava com frio e molhada. Foi uma viagem muito dif\u00edcil&#8221;, disse Stern, que destacou que a Pr\u00e9mio Nobel da Paz \u00e9 a pessoa de maior destaque que j\u00e1 resgatou.<\/p>\n","protected":false},"excerpt":{"rendered":"Bryan Stern, um veterano de guerra norte-americano que retirou Mar\u00eda Corina Machado da Venezuela por mar, recomendou \u00e0&hellip;\n","protected":false},"author":2,"featured_media":185191,"comment_status":"","ping_status":"","sticky":false,"template":"","format":"standard","meta":{"footnotes":""},"categories":[50],"tags":[993,1028,27,28,15,16,14,3024,25,26,21,22,62,12,3025,13,19,20,23,24,17,18,29,30,31,3023,63,64,65],"class_list":{"0":"post-185190","1":"post","2":"type-post","3":"status-publish","4":"format-standard","5":"has-post-thumbnail","7":"category-mundo","8":"tag-america","9":"tag-america-latina","10":"tag-breaking-news","11":"tag-breakingnews","12":"tag-featured-news","13":"tag-featurednews","14":"tag-headlines","15":"tag-hugo-chavez","16":"tag-latest-news","17":"tag-latestnews","18":"tag-main-news","19":"tag-mainnews","20":"tag-mundo","21":"tag-news","22":"tag-nicolas-maduro","23":"tag-noticias","24":"tag-noticias-principais","25":"tag-noticiasprincipais","26":"tag-principais-noticias","27":"tag-principaisnoticias","28":"tag-top-stories","29":"tag-topstories","30":"tag-ultimas","31":"tag-ultimas-noticias","32":"tag-ultimasnoticias","33":"tag-venezuela","34":"tag-world","35":"tag-world-news","36":"tag-worldnews"},"share_on_mastodon":{"url":"https:\/\/pubeurope.com\/@pt\/115706034231014432","error":""},"_links":{"self":[{"href":"https:\/\/www.europesays.com\/pt\/wp-json\/wp\/v2\/posts\/185190","targetHints":{"allow":["GET"]}}],"collection":[{"href":"https:\/\/www.europesays.com\/pt\/wp-json\/wp\/v2\/posts"}],"about":[{"href":"https:\/\/www.europesays.com\/pt\/wp-json\/wp\/v2\/types\/post"}],"author":[{"embeddable":true,"href":"https:\/\/www.europesays.com\/pt\/wp-json\/wp\/v2\/users\/2"}],"replies":[{"embeddable":true,"href":"https:\/\/www.europesays.com\/pt\/wp-json\/wp\/v2\/comments?post=185190"}],"version-history":[{"count":0,"href":"https:\/\/www.europesays.com\/pt\/wp-json\/wp\/v2\/posts\/185190\/revisions"}],"wp:featuredmedia":[{"embeddable":true,"href":"https:\/\/www.europesays.com\/pt\/wp-json\/wp\/v2\/media\/185191"}],"wp:attachment":[{"href":"https:\/\/www.europesays.com\/pt\/wp-json\/wp\/v2\/media?parent=185190"}],"wp:term":[{"taxonomy":"category","embeddable":true,"href":"https:\/\/www.europesays.com\/pt\/wp-json\/wp\/v2\/categories?post=185190"},{"taxonomy":"post_tag","embeddable":true,"href":"https:\/\/www.europesays.com\/pt\/wp-json\/wp\/v2\/tags?post=185190"}],"curies":[{"name":"wp","href":"https:\/\/api.w.org\/{rel}","templated":true}]}}