{"id":185217,"date":"2025-12-12T10:36:39","date_gmt":"2025-12-12T10:36:39","guid":{"rendered":"https:\/\/www.europesays.com\/pt\/185217\/"},"modified":"2025-12-12T10:36:39","modified_gmt":"2025-12-12T10:36:39","slug":"o-correio-chega-ao-fim-na-dinamarca","status":"publish","type":"post","link":"https:\/\/www.europesays.com\/pt\/185217\/","title":{"rendered":"O correio chega ao fim na Dinamarca"},"content":{"rendered":"<p class=\"wp-caption-text top\"><a href=\"https:\/\/www.canva.com\/photos\/MADesTmE6to-overflow-mailbox\/\" rel=\"nofollow external noopener noreferrer\" data-wpel-link=\"external\" target=\"_blank\" class=\"ext-link\">Angel Ramirez \/ Canva<\/a><\/p>\n<p><img decoding=\"async\" loading=\"lazy\" class=\"size-kopa-image-size-3 wp-image-281193\" src=\"https:\/\/www.europesays.com\/pt\/wp-content\/uploads\/2025\/12\/9541e044dbf1581d99acf2e7a64e9016-783x450.jpg\" alt=\"\" width=\"700\" height=\"402\"  \/><\/p>\n<p><strong>Na Dinamarca, os carteiros v\u00e3o deixar de ser carteiros. Isto porque v\u00e3o deixar de entregar cartas e postais e dedicar-se apenas \u00e0s encomendas. 1500 pessoas v\u00e3o ficar sem emprego. \u00c9 o primeiro pa\u00eds europeu a adotar tal medida.\u00a0<\/strong><\/p>\n<p>O correio tradicional est\u00e1 prestes a chegar ao fim na Dinamarca.<\/p>\n<p>A partir de dia 1 de janeiro de 2026, chega ao fim um <strong>servi\u00e7o com 401 anos<\/strong>.<\/p>\n<p>\u201cA <strong>PostNord<\/strong> entregar\u00e1 a sua \u00faltima carta na Dinamarca no final de 2025 e, a partir de 2026, concentrar\u00e1 a sua atividade num \u00fanico servi\u00e7o central: encomendas\u201d, anunciou a empresa, em <a href=\"https:\/\/www.postnord.dk\/en\/postnord-will-deliver-its-final-letter-at-the-end-of-2025\/\" data-wpel-link=\"external\" target=\"_blank\" rel=\"nofollow external noopener noreferrer\" class=\"ext-link\">comunicado<\/a>.<\/p>\n<p>\u201cO nosso objetivo \u00e9 tornar-nos o estafeta de encomendas preferido dos dinamarqueses. Queremos ser os melhores onde os dinamarqueses realmente precisam de n\u00f3s \u2014 nas <strong>encomendas<\/strong>\u201c, sublinhou.<\/p>\n<p>A Dinamarca \u00e9 o primeiro pa\u00eds europeu a adotar tal medida, que implicar\u00e1 a <strong>extin\u00e7\u00e3o de 1500 postos de trabalho<\/strong>.<\/p>\n<p>Iniciado naquele pa\u00eds em 1624, o simples e nobre ato de entregar cartas passa a ser inteiramente substitu\u00eddo pelas novas ferramentas tecnol\u00f3gicas.<\/p>\n<p>As cartas v\u00e3o agora para o email. Os postais mandam-se por Facebook. Os carteiros ficam sem emprego.<\/p>\n<p>Esta decis\u00e3o da PostNord foi explicada pelo facto de, nos \u00faltimos 25 anos, o <strong>volume de cartas entregues ter ca\u00eddo 90%<\/strong>.<\/p>\n<p>A juntar a isso ocorreu, em 2024, a abertura do mercado dos correios aos privados, que fez com que os pre\u00e7os subissem e o envio de correio tradicional ca\u00edsse 30%.<\/p>\n<p>Os hist\u00f3ricos marcos de correio ser\u00e3o agora meras pe\u00e7as de museu.<\/p>\n<p>    <a href=\"https:\/\/zap.aeiou.pt\/subscrever-newsletter\" data-wpel-link=\"internal\" rel=\"nofollow noopener\" target=\"_blank\">&#13;<br \/>\n        <img loading=\"lazy\" decoding=\"async\" class=\"aligncenter size-full wp-image-575475\" src=\"https:\/\/www.europesays.com\/pt\/wp-content\/uploads\/2025\/12\/1765389371_545_2d51fe4a0ba54894421ead1809309ed9-1-450x140.jpg\" alt=\"Subscreva a Newsletter ZAP\" width=\"450\" height=\"140\"\/>&#13;<br \/>\n    <\/a><\/p>\n<p>                <a href=\"https:\/\/whatsapp.com\/channel\/0029VaIC4EE2f3EJZPPSbR34\" data-wpel-link=\"external\" target=\"_blank\" rel=\"nofollow external noopener noreferrer\" class=\"ext-link\">&#13;<br \/>\n                    <img loading=\"lazy\" decoding=\"async\" class=\"aligncenter size-full wp-image-575475\" src=\"https:\/\/www.europesays.com\/pt\/wp-content\/uploads\/2025\/12\/1765389371_770_c68c559d956d4ca20f435ed74a6e71e6.png\" alt=\"Siga-nos no WhatsApp\" width=\"175\" height=\"64\"\/>&#13;<br \/>\n                <\/a><\/p>\n<p>                <a href=\"https:\/\/news.google.com\/publications\/CAAiEHRwZondIV71PDjWNoqMduEqFAgKIhB0cGaJ3SFe9Tw41jaKjHbh?hl=en-US&amp;gl=US&amp;ceid=US%3Aen\" data-wpel-link=\"external\" target=\"_blank\" rel=\"nofollow external noopener noreferrer\" class=\"ext-link\">&#13;<br \/>\n                    <img loading=\"lazy\" decoding=\"async\" class=\"aligncenter size-full wp-image-575475\" src=\"https:\/\/www.europesays.com\/pt\/wp-content\/uploads\/2025\/12\/1765389372_556_5123dd8b087b644fdb8f8603acd1bad4.png\" alt=\"Siga-nos no Google News\" width=\"176\" height=\"64\"\/>&#13;<br \/>\n                <\/a><\/p>\n","protected":false},"excerpt":{"rendered":"Angel Ramirez \/ Canva Na Dinamarca, os carteiros v\u00e3o deixar de ser carteiros. Isto porque v\u00e3o deixar de&hellip;\n","protected":false},"author":2,"featured_media":185218,"comment_status":"","ping_status":"","sticky":false,"template":"","format":"standard","meta":{"footnotes":""},"categories":[83],"tags":[88,4639,89,618,90,32,33,110],"class_list":{"0":"post-185217","1":"post","2":"type-post","3":"status-publish","4":"format-standard","5":"has-post-thumbnail","7":"category-empresas","8":"tag-business","9":"tag-dinamarca","10":"tag-economy","11":"tag-emprego","12":"tag-empresas","13":"tag-portugal","14":"tag-pt","15":"tag-tecnologia"},"share_on_mastodon":{"url":"https:\/\/pubeurope.com\/@pt\/115706159976681998","error":""},"_links":{"self":[{"href":"https:\/\/www.europesays.com\/pt\/wp-json\/wp\/v2\/posts\/185217","targetHints":{"allow":["GET"]}}],"collection":[{"href":"https:\/\/www.europesays.com\/pt\/wp-json\/wp\/v2\/posts"}],"about":[{"href":"https:\/\/www.europesays.com\/pt\/wp-json\/wp\/v2\/types\/post"}],"author":[{"embeddable":true,"href":"https:\/\/www.europesays.com\/pt\/wp-json\/wp\/v2\/users\/2"}],"replies":[{"embeddable":true,"href":"https:\/\/www.europesays.com\/pt\/wp-json\/wp\/v2\/comments?post=185217"}],"version-history":[{"count":0,"href":"https:\/\/www.europesays.com\/pt\/wp-json\/wp\/v2\/posts\/185217\/revisions"}],"wp:featuredmedia":[{"embeddable":true,"href":"https:\/\/www.europesays.com\/pt\/wp-json\/wp\/v2\/media\/185218"}],"wp:attachment":[{"href":"https:\/\/www.europesays.com\/pt\/wp-json\/wp\/v2\/media?parent=185217"}],"wp:term":[{"taxonomy":"category","embeddable":true,"href":"https:\/\/www.europesays.com\/pt\/wp-json\/wp\/v2\/categories?post=185217"},{"taxonomy":"post_tag","embeddable":true,"href":"https:\/\/www.europesays.com\/pt\/wp-json\/wp\/v2\/tags?post=185217"}],"curies":[{"name":"wp","href":"https:\/\/api.w.org\/{rel}","templated":true}]}}