{"id":185221,"date":"2025-12-12T10:39:42","date_gmt":"2025-12-12T10:39:42","guid":{"rendered":"https:\/\/www.europesays.com\/pt\/185221\/"},"modified":"2025-12-12T10:39:42","modified_gmt":"2025-12-12T10:39:42","slug":"morreu-a-atriz-gloria-de-matos-4","status":"publish","type":"post","link":"https:\/\/www.europesays.com\/pt\/185221\/","title":{"rendered":"Morreu a atriz Gl\u00f3ria de Matos"},"content":{"rendered":"<p data-remotead-prev-elm=\"true\" data-remotead-elm-id=\"inread\">&#8220;O corpo estar\u00e1 em c\u00e2mara-ardente na Igreja de S. Jo\u00e3o de Deus em Lisboa, s\u00e1bado entre as 18 horas e as 22 horas e domingo entre as 12 horas e as 15.30 horas, hora em que decorrer\u00e1 uma missa de corpo presente e o corpo seguir\u00e1 para o Cemit\u00e9rio do Alto de S. Jo\u00e3o&#8221;, revela um comunicado da fam\u00edlia, citado pela SIC.<\/p>\n<p>Gl\u00f3ria de Matos come\u00e7ou a representar em 1954, com 18 anos, ao lado de Fernando Amado, com quem fundou a Casa da Com\u00e9dia. Foi professora da Escola de Teatro do Conservat\u00f3rio Nacional, tornando-se tamb\u00e9m uma figura conhecida da televis\u00e3o, onde participou em novelas como Terra m\u00e3e ou Vila faia.<\/p>\n<p>Participou em diversos filmes de Manoel de Oliveira: Benilde ou A Virgem M\u00e3e, Francisca, Os Canibais, Vale Abra\u00e3o, O Quinto Imp\u00e9rio, Espelho M\u00e1gico e Singularidades de uma Rapariga Loura.<\/p>\n<p>Foi tamb\u00e9m assessora da Secretaria de Estado da Cultura, membro da Alta Autoridade para a Comunica\u00e7\u00e3o Social e assessora do Instituto de Artes C\u00e9nicas, lembra o Teatro Nacional Dona Maria II. Foi casada com o apresentador Henrique Mendes.<\/p>\n","protected":false},"excerpt":{"rendered":"&#8220;O corpo estar\u00e1 em c\u00e2mara-ardente na Igreja de S. Jo\u00e3o de Deus em Lisboa, s\u00e1bado entre as 18&hellip;\n","protected":false},"author":2,"featured_media":185222,"comment_status":"","ping_status":"","sticky":false,"template":"","format":"standard","meta":{"footnotes":""},"categories":[8],"tags":[1753,27,28,15,16,37618,14,25,26,21,22,12,13,19,20,2409,32,23,24,33,17,18,29,30,31],"class_list":{"0":"post-185221","1":"post","2":"type-post","3":"status-publish","4":"format-standard","5":"has-post-thumbnail","7":"category-principais-noticias","8":"tag-artes","9":"tag-breaking-news","10":"tag-breakingnews","11":"tag-featured-news","12":"tag-featurednews","13":"tag-gloria-de-matos","14":"tag-headlines","15":"tag-latest-news","16":"tag-latestnews","17":"tag-main-news","18":"tag-mainnews","19":"tag-news","20":"tag-noticias","21":"tag-noticias-principais","22":"tag-noticiasprincipais","23":"tag-obito","24":"tag-portugal","25":"tag-principais-noticias","26":"tag-principaisnoticias","27":"tag-pt","28":"tag-top-stories","29":"tag-topstories","30":"tag-ultimas","31":"tag-ultimas-noticias","32":"tag-ultimasnoticias"},"share_on_mastodon":{"url":"https:\/\/pubeurope.com\/@pt\/115706171551946449","error":""},"_links":{"self":[{"href":"https:\/\/www.europesays.com\/pt\/wp-json\/wp\/v2\/posts\/185221","targetHints":{"allow":["GET"]}}],"collection":[{"href":"https:\/\/www.europesays.com\/pt\/wp-json\/wp\/v2\/posts"}],"about":[{"href":"https:\/\/www.europesays.com\/pt\/wp-json\/wp\/v2\/types\/post"}],"author":[{"embeddable":true,"href":"https:\/\/www.europesays.com\/pt\/wp-json\/wp\/v2\/users\/2"}],"replies":[{"embeddable":true,"href":"https:\/\/www.europesays.com\/pt\/wp-json\/wp\/v2\/comments?post=185221"}],"version-history":[{"count":0,"href":"https:\/\/www.europesays.com\/pt\/wp-json\/wp\/v2\/posts\/185221\/revisions"}],"wp:featuredmedia":[{"embeddable":true,"href":"https:\/\/www.europesays.com\/pt\/wp-json\/wp\/v2\/media\/185222"}],"wp:attachment":[{"href":"https:\/\/www.europesays.com\/pt\/wp-json\/wp\/v2\/media?parent=185221"}],"wp:term":[{"taxonomy":"category","embeddable":true,"href":"https:\/\/www.europesays.com\/pt\/wp-json\/wp\/v2\/categories?post=185221"},{"taxonomy":"post_tag","embeddable":true,"href":"https:\/\/www.europesays.com\/pt\/wp-json\/wp\/v2\/tags?post=185221"}],"curies":[{"name":"wp","href":"https:\/\/api.w.org\/{rel}","templated":true}]}}