{"id":185223,"date":"2025-12-12T10:40:28","date_gmt":"2025-12-12T10:40:28","guid":{"rendered":"https:\/\/www.europesays.com\/pt\/185223\/"},"modified":"2025-12-12T10:40:28","modified_gmt":"2025-12-12T10:40:28","slug":"rita-pereira-radiante-com-conquista-do-filho-estamos-mesmo-muito-felizes","status":"publish","type":"post","link":"https:\/\/www.europesays.com\/pt\/185223\/","title":{"rendered":"Rita Pereira radiante com conquista do filho: &#8220;Estamos mesmo muito felizes&#8221;"},"content":{"rendered":"<p><a href=\"https:\/\/selfie.iol.pt\/famosos\/associacao-sara-carreira\/rita-pereira-toma-decisao-drastica-sobre-o-natal-dos-filhos\/20251206\/6934a856d34e3caad84c1ac4\" target=\"_blank\" rel=\"nofollow noopener\">Rita Pereira<\/a> e Guillaume Lalung incutiram ao filho, Lon\u00f4, de seis anos, a paix\u00e3o pelo basquetebol e, recentemente, o menino viveu &#8220;o seu primeiro jogo oficial&#8221; desta modalidade, o que deixou a atriz euf\u00f3rica, como mostrava um v\u00eddeo publicado no Instagram.<\/p>\n<p>&#8220;Sou assim nos jogos. Mexe muito comigo, com o meu lado de achar que sou treinadora de campo&#8221;, brincou Rita Pereira, em conversa com a imprensa, \u00e0 margem da quinta edi\u00e7\u00e3o da Gala dos Sonhos, transmitida pela <a href=\"https:\/\/tvi.iol.pt\/\" target=\"_blank\" rel=\"nofollow noopener\">TVI<\/a>. &#8220;\u00c9 um bocadinho mais pela paix\u00e3o pelo basquete do que propriamente ser por ele. Obviamente que, sendo ele, a coisa torna-se mais intensa&#8221;, confidenciou.<\/p>\n<p>Segundo Rita Pereira, foram ela e o companheiro que empurraram Lon\u00f4 para este desporto. &#8220;Nos primeiros dois anos &#8211; sim, porque este j\u00e1 \u00e9 o terceiro ano -, ele perguntava sempre se tinha de ir e n\u00f3s insist\u00edamos para que ele fosse. Hoje, ele j\u00e1 gosta e quer ir. Acho que as crian\u00e7as s\u00e3o muito assim: tem de se lhes mostrar os caminhos e eles t\u00eam de decidir. Mas, por vezes, sabemos que aquela decis\u00e3o moment\u00e2nea n\u00e3o \u00e9 a correta. Ou seja, ele, durante dois anos, dizia que n\u00e3o sabia se queria, mas n\u00f3s sab\u00edamos que ele ia gostar, que ele tinha personalidade para gostar de basquete&#8230; E acabou por acontecer. Portanto, estamos mesmo muito felizes&#8221;, admitiu a Maria de F\u00e1tima da novela &#8220;<a href=\"https:\/\/tvi.iol.pt\/novelas\/\" target=\"_blank\" rel=\"nofollow noopener\">Terra Forte<\/a>&#8220;.<\/p>\n<p><a href=\"https:\/\/selfie.iol.pt\/famosos\/ha-festa-no-hospital\/de-cristina-ferreira-a-rita-pereira-tvi-junta-14-apresentadores-em-programa-especial\/20251208\/6937075ed34e3caad84c249c\" target=\"_blank\" rel=\"nofollow noopener\">Rita Pereira<\/a> e Guillaume Lalung tamb\u00e9m t\u00eam uma filha em comum: Low\u00ea, de um ano.<\/p>\n<p>Veja, agora, nas galerias que prepar\u00e1mos para si, as melhores imagens da atriz.<\/p>\n","protected":false},"excerpt":{"rendered":"Rita Pereira e Guillaume Lalung incutiram ao filho, Lon\u00f4, de seis anos, a paix\u00e3o pelo basquetebol e, recentemente,&hellip;\n","protected":false},"author":2,"featured_media":185224,"comment_status":"","ping_status":"","sticky":false,"template":"","format":"standard","meta":{"footnotes":""},"categories":[145],"tags":[813,211,210,114,115,741,980,1127,3435,1870,12622,18853,23321,1476,619,2931,161,32,33,5871,1012,18614,162],"class_list":{"0":"post-185223","1":"post","2":"type-post","3":"status-publish","4":"format-standard","5":"has-post-thumbnail","7":"category-celebridades","8":"tag-atriz","9":"tag-celebridades","10":"tag-celebrities","11":"tag-entertainment","12":"tag-entretenimento","13":"tag-entrevista","14":"tag-famosos","15":"tag-filha","16":"tag-filho","17":"tag-filhos","18":"tag-guillaume-lalung","19":"tag-lono","20":"tag-lowe","21":"tag-morangos-com-acucar","22":"tag-nacional","23":"tag-novela","24":"tag-novelas","25":"tag-portugal","26":"tag-pt","27":"tag-rita-pereira","28":"tag-selfie","29":"tag-terra-forte","30":"tag-tvi"},"share_on_mastodon":{"url":"https:\/\/pubeurope.com\/@pt\/115706175798277203","error":""},"_links":{"self":[{"href":"https:\/\/www.europesays.com\/pt\/wp-json\/wp\/v2\/posts\/185223","targetHints":{"allow":["GET"]}}],"collection":[{"href":"https:\/\/www.europesays.com\/pt\/wp-json\/wp\/v2\/posts"}],"about":[{"href":"https:\/\/www.europesays.com\/pt\/wp-json\/wp\/v2\/types\/post"}],"author":[{"embeddable":true,"href":"https:\/\/www.europesays.com\/pt\/wp-json\/wp\/v2\/users\/2"}],"replies":[{"embeddable":true,"href":"https:\/\/www.europesays.com\/pt\/wp-json\/wp\/v2\/comments?post=185223"}],"version-history":[{"count":0,"href":"https:\/\/www.europesays.com\/pt\/wp-json\/wp\/v2\/posts\/185223\/revisions"}],"wp:featuredmedia":[{"embeddable":true,"href":"https:\/\/www.europesays.com\/pt\/wp-json\/wp\/v2\/media\/185224"}],"wp:attachment":[{"href":"https:\/\/www.europesays.com\/pt\/wp-json\/wp\/v2\/media?parent=185223"}],"wp:term":[{"taxonomy":"category","embeddable":true,"href":"https:\/\/www.europesays.com\/pt\/wp-json\/wp\/v2\/categories?post=185223"},{"taxonomy":"post_tag","embeddable":true,"href":"https:\/\/www.europesays.com\/pt\/wp-json\/wp\/v2\/tags?post=185223"}],"curies":[{"name":"wp","href":"https:\/\/api.w.org\/{rel}","templated":true}]}}