{"id":185251,"date":"2025-12-12T11:12:08","date_gmt":"2025-12-12T11:12:08","guid":{"rendered":"https:\/\/www.europesays.com\/pt\/185251\/"},"modified":"2025-12-12T11:12:08","modified_gmt":"2025-12-12T11:12:08","slug":"mercedes-voa-e-passa-por-cima-de-outros-carros-em-acidente-na-romenia-jornal-de-noticias","status":"publish","type":"post","link":"https:\/\/www.europesays.com\/pt\/185251\/","title":{"rendered":"Mercedes &quot;voa&quot; e passa por cima de outros carros em acidente na Rom\u00e9nia &#8211; Jornal de Not\u00edcias"},"content":{"rendered":"<ol>\n<li><a href=\"https:\/\/news.google.com\/rss\/articles\/CBMiqgFBVV95cUxPQjZ3Y3lPTTA2ZHF6NnM0Wm4zZGhNN1JvZ1BWSGFRSVYzbXdBcWMtYVdQN0x2enVQNnNOZFNDX0JOaml1YzUxZU1RMU5pdlBNUnhuYThzbjRWMEhIVHVKSzhVVlVRLWE5N2xudXpzYW9RODRfUUFMaV95UUFGc0ItUFhULWlWVmlRNVI2R0UxTWNCMHpLVWVCUlBwb2NwU29tUGZRRDhkNExwUdIBmAFBVV95cUxQRExyb2pSMU56ZW1Wd3AyUXloOTRVNUUyZk5YTlpPa0NDUWJ1UHFtSDdfQTlhdHFraDd3R3lWLXJxNTJtcFNHRnZ0RFN2SGR3V0FsU2NGV3FFS1FUYXFhNXpEOFFlUGRIU0c3NDJGTFRzNzVnSVM0a1BNQXgzZUFaWjBzLTVuZk1odzlHN19oZ053VXZwWjdlNw?oc=5\" target=\"_blank\" rel=\"nofollow noopener\">Mercedes &#8220;voa&#8221; e passa por cima de outros carros em acidente na Rom\u00e9nia<\/a>&nbsp;&nbsp;Jornal de Not\u00edcias<\/li>\n<li><a href=\"https:\/\/news.google.com\/rss\/articles\/CBMirAFBVV95cUxQUlQzenhicVc5UWhmLW1DaWxBYnZONjltMWtQaHM0dlpwMDZyU1VvVnZmQ0VFRVV4eG5qdy1PLXIzV3l1Slh0c1VxUVphcU5hSGZ2VENhNnp5dWlfMmo1b3NHRW5qMGdDNGx5M29fc2pSRzlwMmtucGZsZkI2WnAtaG1QTEplRzlGNjNVZ1FTUG51M2xSX2Z2N1JubnpldDdYTkVzNXpvQ0hkSGND0gG7AUFVX3lxTE9xbXh4Qkt0NTlxOGxmQ0RvSjR5cUpSQjJuMkRsSGRHWlItRHZGS0FTY0xoR3o0cGNRYWNFSXZ6UkFuVGgtTzhTUEFPS3FuNUNPd3kwN3ZsenNRVlJRUFVWRS13RmJ3bGxCZzM4d185bDJqcXdKdVRuRUlJbkVZMGRsaEhfZXphLThaNHFIaENEeUxUOWtrQks1VVFFMVlHYnlQOFVQOTFhalJVdF8ySVE2U1VpOVRTRktydDQ?oc=5\" target=\"_blank\" rel=\"nofollow noopener\">Carro &#8216;voa&#8217; e passa por cima de outros ve\u00edculos em acidente na Rom\u00eania; veja v\u00eddeo<\/a>&nbsp;&nbsp;CBN<\/li>\n<li><a href=\"https:\/\/news.google.com\/rss\/articles\/CBMiekFVX3lxTE5aNXRBN09udVR2RHNPNWV6Q01Ua3MxOUk4aTkwUmU2clY0a1BvMXhuT3lqZjlzZDZ5Z3NZT2hhaF9rM0pKWE5Nc085akNMTHNrbVliNWtLUy0wNnhkT01vVV9sNjIzaFN5d05aVlY3MFdCd2poaVVjOFZ3?oc=5\" target=\"_blank\" rel=\"nofollow noopener\">Ap\u00f3s desmaiar enquanto dirigia, motorista provoca acidente em que Mercedes chega a \u201cdecolar\u201d<\/a>&nbsp;&nbsp;osegredo.com.br<\/li>\n<li><a href=\"https:\/\/news.google.com\/rss\/articles\/CBMiogFBVV95cUxObFg0d3Q4VVVFMDB6TGMwWlU3RHhMaU1McGJWWmJNVVA3SGVtSFBZQjRRN1BNY1dUTll3bWdldDJIQjlySnV2T2dzRi1QanBlVWdaUVBHQjlfcnlfZHdzV2RzclJYQ3VOVW9hQmx0akZjcVlwanM5VjJ2aHZuUWdWRTRKWGJJLWRqMndvamU1bXpmaUJ2anlFcHpaN05PQlFDQ0E?oc=5\" target=\"_blank\" rel=\"nofollow noopener\">Carro voa sobre \u00f4nibus na Rom\u00eania e quase explode posto de gasolina<\/a>&nbsp;&nbsp;VEJA<\/li>\n<li><a href=\"https:\/\/news.google.com\/rss\/articles\/CBMi1AFBVV95cUxOdmVPSndJOEZTU05sSGtCa0FlNGNIb0ZsTzY3LXpLbk5qVFZjUVBidi05a1JfZURWQ1V3TlhSQU9nR2NyTTNVdWtMX3pERzRMbnpDakw2T3RWOW1ScUNSMWs3ZDRkOElyMDZmR2tRMWVneGJzRzJIYlk0U1Q4WU5HWS0tYzhrTnpwdmVoVXp6ckNadDBhOWdUVDZGeXlPb0RLaTFIcWZhZzkwVkl1UmxZVnk5QnBBSHdzYU5rekhXdDJ4UGtJbTNhSlFObndJTExfQzBxaQ?oc=5\" target=\"_blank\" rel=\"nofollow noopener\">Carro \u201cdecola\u201d ap\u00f3s motorista desmaiar ao volante durante crise diab\u00e9tica na Rom\u00eania<\/a>&nbsp;&nbsp;Jornal Gazeta de Varginha<\/li>\n<\/ol>\n","protected":false},"excerpt":{"rendered":"Mercedes &#8220;voa&#8221; e passa por cima de outros carros em acidente na Rom\u00e9nia&nbsp;&nbsp;Jornal de Not\u00edcias Carro &#8216;voa&#8217; e&hellip;\n","protected":false},"author":2,"featured_media":185252,"comment_status":"","ping_status":"","sticky":false,"template":"","format":"standard","meta":{"footnotes":""},"categories":[50],"tags":[27,28,15,16,14,25,26,21,22,62,12,13,19,20,23,24,17690,17,18,29,30,31,63,64,65],"class_list":{"0":"post-185251","1":"post","2":"type-post","3":"status-publish","4":"format-standard","5":"has-post-thumbnail","7":"category-mundo","8":"tag-breaking-news","9":"tag-breakingnews","10":"tag-featured-news","11":"tag-featurednews","12":"tag-headlines","13":"tag-latest-news","14":"tag-latestnews","15":"tag-main-news","16":"tag-mainnews","17":"tag-mundo","18":"tag-news","19":"tag-noticias","20":"tag-noticias-principais","21":"tag-noticiasprincipais","22":"tag-principais-noticias","23":"tag-principaisnoticias","24":"tag-romenia","25":"tag-top-stories","26":"tag-topstories","27":"tag-ultimas","28":"tag-ultimas-noticias","29":"tag-ultimasnoticias","30":"tag-world","31":"tag-world-news","32":"tag-worldnews"},"share_on_mastodon":{"url":"https:\/\/pubeurope.com\/@pt\/115706301342911842","error":""},"_links":{"self":[{"href":"https:\/\/www.europesays.com\/pt\/wp-json\/wp\/v2\/posts\/185251","targetHints":{"allow":["GET"]}}],"collection":[{"href":"https:\/\/www.europesays.com\/pt\/wp-json\/wp\/v2\/posts"}],"about":[{"href":"https:\/\/www.europesays.com\/pt\/wp-json\/wp\/v2\/types\/post"}],"author":[{"embeddable":true,"href":"https:\/\/www.europesays.com\/pt\/wp-json\/wp\/v2\/users\/2"}],"replies":[{"embeddable":true,"href":"https:\/\/www.europesays.com\/pt\/wp-json\/wp\/v2\/comments?post=185251"}],"version-history":[{"count":0,"href":"https:\/\/www.europesays.com\/pt\/wp-json\/wp\/v2\/posts\/185251\/revisions"}],"wp:featuredmedia":[{"embeddable":true,"href":"https:\/\/www.europesays.com\/pt\/wp-json\/wp\/v2\/media\/185252"}],"wp:attachment":[{"href":"https:\/\/www.europesays.com\/pt\/wp-json\/wp\/v2\/media?parent=185251"}],"wp:term":[{"taxonomy":"category","embeddable":true,"href":"https:\/\/www.europesays.com\/pt\/wp-json\/wp\/v2\/categories?post=185251"},{"taxonomy":"post_tag","embeddable":true,"href":"https:\/\/www.europesays.com\/pt\/wp-json\/wp\/v2\/tags?post=185251"}],"curies":[{"name":"wp","href":"https:\/\/api.w.org\/{rel}","templated":true}]}}