{"id":185269,"date":"2025-12-12T11:28:46","date_gmt":"2025-12-12T11:28:46","guid":{"rendered":"https:\/\/www.europesays.com\/pt\/185269\/"},"modified":"2025-12-12T11:28:46","modified_gmt":"2025-12-12T11:28:46","slug":"novas-fragatas-a-marinha-prefere-as-italianas-mas-os-franceses-nao-se-conformam-saiba-porque-diario-de-noticias","status":"publish","type":"post","link":"https:\/\/www.europesays.com\/pt\/185269\/","title":{"rendered":"Novas fragatas. A Marinha prefere as italianas, mas os franceses n\u00e3o se conformam. Saiba porqu\u00ea &#8211; Di\u00e1rio de Not\u00edcias"},"content":{"rendered":"<ol>\n<li><a href=\"https:\/\/news.google.com\/rss\/articles\/CBMiugFBVV95cUxNS25GM2hZMm9TVVY1MkprTVpxNWQzazk4WUxvaDBpUVZOS3NQdGhYUVRnRFEwU2pOREFmUjFwQzVwRHpNcUlubVZzeFZ2VFZnckgtVE5velphMHRSWHNULVB0MVdHaXNFcUdDcHRFN0pBSVdfLTl3eFNNc1JXSHRoaFZFSzFYc0tfN2x5WUtSSmt0aVpSdERKRlNHV0dvTkpWcFBIMEhsUEdHVExyV3l6X2gzLVhCd0dVd0E?oc=5\" target=\"_blank\" rel=\"nofollow noopener\">Novas fragatas. A Marinha prefere as italianas, mas os franceses n\u00e3o se conformam. Saiba porqu\u00ea<\/a>&nbsp;&nbsp;Di\u00e1rio de Not\u00edcias<\/li>\n<li><a href=\"https:\/\/news.google.com\/rss\/articles\/CBMiuwFBVV95cUxNNG4yN2FkOFVERlZQMWNiNk1DcFl4UzUxNG43YU9xcEhydEV0dk93VThXX3NMalNNZTNYamJnZEV5cnVVWEpxekN3T0Q0UWhDM3IzY0pUU2RGVXFSemI1cEs5NG9LUFZVVzJOdWY4dHJhOGJoU2RvYW9HVDZfV3dKemxmV04wTjZqeXMzV09PZHExYU1vWGQwTlhrTzdWTElVWHRKLWxOWm9hYlVaNkktU2VuMExnUGs5c00w?oc=5\" target=\"_blank\" rel=\"nofollow noopener\">Revista de imprensa. Investimentos da Defesa sem concurso e o desaire de mais um projeto PRR<\/a>&nbsp;&nbsp;Di\u00e1rio de Not\u00edcias<\/li>\n<li><a href=\"https:\/\/news.google.com\/rss\/articles\/CBMigAJBVV95cUxPNnlGaVZhczJLSjFDeDRNZk5IMFZNWXlxUnBfOE1YX3kzSUtyd1lzVm01V1VpM3RkTHljRS1adlo3WmVXMFFFV0xENW5RQXRBVDNtWnFOWm01aS1NbWw5eEE0OFZhNzUyeEZySmk4cTJVNTRlUUxWM21rQkhWbWNmWDRRZjRaamxOMTBmZDlzYVVvWldLTXo0OXhlV1ZqcGFLMFJPdk84V18xSzBHenVqQzg0djJ1X2Y4SE9sQzhIZUdwcXJhWTFrNTFPNlc0SHhBdkZQeXlmT0REdnJ0cEhnTV9VUjlaX2RrTEJ6WFN1SXJrcmpxNElfSDBNVnN3ajdS0gG0BEFVX3lxTE9LV0R0aUpHU2NPbXB3NE1GR1hPZ0NMU3dsdlJxM1BXendKQVJ6ajVVSkpOY1pDeWRZM1RwZ1JzYXdjaXVjTzRtYjdsZTRsZUVRREk4S2FJeW1TRnpidldIMU1WT2c3Q2xSQ1pCOFFsWXNnVFRIdm1LNFdud2JHZThLQUVpTEdQQnRfUDA0V0R6cGVLN2pqRVFNQjBjX3Mxb056T09jcWV2VEo4UDRteU83V0JGbmsySk01b2tnUG9oY24zQkxqQjNGS1FKbHVLdlVRanJ3bHI5Y2Y1ODhNcUNId2FuSlo3elJEcWN5MEwwZDYwNFlHZzNsNHU4eG1pMUVhVDVfT2ZwR1dzWDNuYkswQ2N1ME1NNVEwOTZFbHFzRVNWMm1tc3VpMjZId0RiN1UxTWEyMTZ4NW16WjBkSzVJdW5IVDJaYTNIellSYzk4NTQxeENpMXZEY3VVUFk4STNMVjhnc3lSbEJkRThmbHE5TDgwaGZNNm5uZXpFeGVXYURoSlpzN1g2Uy05YTlORVd3SFlHMzNMSjIzZlp3M1ptTUtlN2ljZW1xNk14eXpMblc5a3JiZHNYYjNuZ0lxdlVPaUM2c0tncnhNeXdKXzNjMzc5NjVjbUNQYllBY3lmM25GRTlodGFmdEJMOTJWejVKdG0tQmpvZV9yX0p1dG54UTR3WVFNYnJnZ0UtZjI4ZDlqQlp5NHp2elZQOUswWlJBLWFaelJGYjZ4N0FvcFFCa0doQQ?oc=5\" target=\"_blank\" rel=\"nofollow noopener\">PS vai propor subcomiss\u00e3o para acompanhar compras militares, com aumento dos poderes do Parlamento na \u00e1rea da Defesa<\/a>&nbsp;&nbsp;Expresso<\/li>\n<li><a href=\"https:\/\/news.google.com\/rss\/articles\/CBMi5wFBVV95cUxNaUJ5djZ4ZV9MSl80NS1nZEY1aFVqZm1nMmhEUXJpVEFVVDEzbDdsR3hFR0lUOGx1UlRhaFBvc0NzTHJBUXdZMGdseDdGXzMycmE5cU9KYURlQWdxcHVYZElick9pV2E3R3BXNDdVUy1MNWJrY0lpOFNkenJfTmlaM3Q1YTBURFZVMkNtTV9wbEpTOEs4VTVWaEJqY3gyelJMV19IZXB6Z3RIUkIyMEMtXy1pemt2aDNJTzBENjRHLWNyY1dLbzRzUUlqVGV2b3lBZUpua2k4VDRnMndhV2Y0VG9ualFwTVk?oc=5\" target=\"_blank\" rel=\"nofollow noopener\">Governo vai gastar tr\u00eas mil milh\u00f5es de euros em fragatas e a oposi\u00e7\u00e3o a ver navios<\/a>&nbsp;&nbsp;SIC Not\u00edcias<\/li>\n<li><a href=\"https:\/\/news.google.com\/rss\/articles\/CBMivAFBVV95cUxPRjg4eUk2bFFwc09JbHItS09iRFNIMEp5b0UyZXN2alNySFVQY1FLSHZfV3p0c1hqWDV3Zk9rUHVIcjZlclNUQ1FFU2stQTEtak1KejRKZGZWcC12NW9mNm5nVFh5WE9tWmUtdzNnVGk4STBRWjNpNjNtem90cFJGZUtVQ0lVWTJPcFNLdXR3bVk2QkQ0RVRWVFhpU1BjV09DSmk5cEp5UVlUQzRhSUx0NlZZRzBmNGZKWDdEMQ?oc=5\" target=\"_blank\" rel=\"nofollow noopener\">Plano de Investimento na Ind\u00fastria de Defesa Europeia n\u00e3o foi discutido no Parlamento<\/a>&nbsp;&nbsp;AbrilAbril<\/li>\n<\/ol>\n","protected":false},"excerpt":{"rendered":"Novas fragatas. A Marinha prefere as italianas, mas os franceses n\u00e3o se conformam. Saiba porqu\u00ea&nbsp;&nbsp;Di\u00e1rio de Not\u00edcias Revista&hellip;\n","protected":false},"author":2,"featured_media":185270,"comment_status":"","ping_status":"","sticky":false,"template":"","format":"standard","meta":{"footnotes":""},"categories":[10],"tags":[27,28,2537,306,15,16,37687,6293,34950,36490,208,14,233,25,26,21,22,4490,26368,37686,12,13,19,20,7219,32,23,24,33,17,18,29,30,31],"class_list":{"0":"post-185269","1":"post","2":"type-post","3":"status-publish","4":"format-standard","5":"has-post-thumbnail","7":"category-portugal","8":"tag-breaking-news","9":"tag-breakingnews","10":"tag-defesa","11":"tag-edicao-impressa","12":"tag-featured-news","13":"tag-featurednews","14":"tag-ficantieri","15":"tag-forcas-armadas","16":"tag-fragatas","17":"tag-fragatas-fremm-evo","18":"tag-franca","19":"tag-headlines","20":"tag-italia","21":"tag-latest-news","22":"tag-latestnews","23":"tag-main-news","24":"tag-mainnews","25":"tag-marinha","26":"tag-ministro-da-defesa","27":"tag-naval-group","28":"tag-news","29":"tag-noticias","30":"tag-noticias-principais","31":"tag-noticiasprincipais","32":"tag-nuno-melo","33":"tag-portugal","34":"tag-principais-noticias","35":"tag-principaisnoticias","36":"tag-pt","37":"tag-top-stories","38":"tag-topstories","39":"tag-ultimas","40":"tag-ultimas-noticias","41":"tag-ultimasnoticias"},"share_on_mastodon":{"url":"","error":"Validation failed: Text character limit of 500 exceeded"},"_links":{"self":[{"href":"https:\/\/www.europesays.com\/pt\/wp-json\/wp\/v2\/posts\/185269","targetHints":{"allow":["GET"]}}],"collection":[{"href":"https:\/\/www.europesays.com\/pt\/wp-json\/wp\/v2\/posts"}],"about":[{"href":"https:\/\/www.europesays.com\/pt\/wp-json\/wp\/v2\/types\/post"}],"author":[{"embeddable":true,"href":"https:\/\/www.europesays.com\/pt\/wp-json\/wp\/v2\/users\/2"}],"replies":[{"embeddable":true,"href":"https:\/\/www.europesays.com\/pt\/wp-json\/wp\/v2\/comments?post=185269"}],"version-history":[{"count":0,"href":"https:\/\/www.europesays.com\/pt\/wp-json\/wp\/v2\/posts\/185269\/revisions"}],"wp:featuredmedia":[{"embeddable":true,"href":"https:\/\/www.europesays.com\/pt\/wp-json\/wp\/v2\/media\/185270"}],"wp:attachment":[{"href":"https:\/\/www.europesays.com\/pt\/wp-json\/wp\/v2\/media?parent=185269"}],"wp:term":[{"taxonomy":"category","embeddable":true,"href":"https:\/\/www.europesays.com\/pt\/wp-json\/wp\/v2\/categories?post=185269"},{"taxonomy":"post_tag","embeddable":true,"href":"https:\/\/www.europesays.com\/pt\/wp-json\/wp\/v2\/tags?post=185269"}],"curies":[{"name":"wp","href":"https:\/\/api.w.org\/{rel}","templated":true}]}}