{"id":185275,"date":"2025-12-12T11:32:10","date_gmt":"2025-12-12T11:32:10","guid":{"rendered":"https:\/\/www.europesays.com\/pt\/185275\/"},"modified":"2025-12-12T11:32:10","modified_gmt":"2025-12-12T11:32:10","slug":"o-premio-de-fotografias-engracadas-da-vida-animal-nexo-jornal","status":"publish","type":"post","link":"https:\/\/www.europesays.com\/pt\/185275\/","title":{"rendered":"O pr\u00eamio de fotografias engra\u00e7adas da vida animal &#8211; Nexo Jornal"},"content":{"rendered":"<ol>\n<li><a href=\"https:\/\/news.google.com\/rss\/articles\/CBMiowFBVV95cUxQbG9jcUJLOWlOWUN0Nk5OQTBlaE9VVnZ3UElEaGp4WndjTUtWcGM5S0s3SU1uc0dSU2VVWlZkdDFkR1IwYk5RREY0RWlPSjFqQ2J2TjI4RW1tR18tci1CYlBSZUJBQl83c0JMOHhkX0lMcmNhbXloeENHUzhPRFNMUDZseDdvVzNnUXo5Mk4zQWsyTExPUzBQM1Z3SnlSRVJQOG9N?oc=5\" target=\"_blank\" rel=\"nofollow noopener\">O pr\u00eamio de fotografias engra\u00e7adas da vida animal<\/a>&nbsp;&nbsp;Nexo Jornal<\/li>\n<li><a href=\"https:\/\/news.google.com\/rss\/articles\/CBMivgFBVV95cUxPejR5MUQ3NTlNLXhiSTc1N3FXZG9fVHdLSVJXTEhqTlBaelh0S01vRUw1TVROTGV4Mmt4dGR3c25ONGJ1c0tSUkVQTHczS0pLbVREd0RrNGc4Um9mb0NyQzI0QW1yaGdYMllyTkllTEhqdkdrdGNIeURzY3hFc3FLSGFYTWtodE96Smp2bkJxeE9HQ0JLNjFYbXZRUU1ISDhVbXg2Z0F5YnpuSExxOXlEanQ3TlJIcHd2bEszd2tR?oc=5\" target=\"_blank\" rel=\"nofollow noopener\">Gorila dan\u00e7arino e batismo de sapo: confira as fotos de animais mais engra\u00e7adas do ano<\/a>&nbsp;&nbsp;Superinteressante<\/li>\n<li><a href=\"https:\/\/news.google.com\/rss\/articles\/CBMi7AFBVV95cUxPZ3RPa0NlMTZOX0R6a1dDaGNfX2xTTVhQMXM5d0hqcTJETXdxTjFpaGlGZ2FRZ1RPeU9fYVVtSTdnSkh4aG5sNWl4a0dDdUpXeGRka0JLdTNqdV9RcWkxOC1IREhxN2J0WkRncS1Pc21lSmZTb0h2alZVSnFyVm1vT0ZYVWxaMjQ2Q244MF9jT0xkZ05aZ1NkLXcxLXVGdmVOWTRWdEw3LVc2Si1MLUZpUmd3dTVKWEtORmFKbmVUeWtWY3J3VWdxdnRpTU5qX0hVamlrNDRqdlhfMktvbk91UjBUakdPejMtc2JZY9IB-wFBVV95cUxObTJONFM0TkFFWFZzTDByT0RZVThGY2Fwc2k1a0JSWEZkYTlCZDJCVkY5eWlmYUVUWnd2T2ducjRDT1JUSVFTN0NwMFlKNl9UYTdlTURhUEl2d2U2Vm1RTnN2cVl1WHVKTGppN3RsaUNHX2haR0ozLWhKVEZlVW5PQkZkUHE2MjcxMFdLaGtSSEpRcHp2dmRoRFB3RWJxMGtMeUZaTkZQSlg2VFhnR1JQT3N4Ri02SEV6OGppck9rMHpXaGtWYlNYeEFLaHd0Z251UWNCQVZBQ2pTbGhpeTlxcmE0dWdMNWZRU3VNcU54djlGelV0V3hvYWtUSQ?oc=5\" target=\"_blank\" rel=\"nofollow noopener\">&#8216;High-five&#8217; de gorila: foto conquista pr\u00eamio principal do Comedy Wildlife Awards 2025; veja vencedores<\/a>&nbsp;&nbsp;O Globo<\/li>\n<li><a href=\"https:\/\/news.google.com\/rss\/articles\/CBMif0FVX3lxTFB2aVdFcXdYUmhXeTJONmhwbHdFZk52eFNaRUVXYUFMVUR5TnB0YmNkNHh1OUw0Tl9pMmo2alhNRldDT2xQNG9ReEpram1DbVVTZUV5bWsxd0VITXlyemFlY3BEMF80aV9TU2QzZXJrY1J1UzVlNTdXM3p3cmxOWWc?oc=5\" target=\"_blank\" rel=\"nofollow noopener\">Olha o flash! Confira as imagens de animais mais engra\u00e7adas de 2025 Veja v\u00eddeo<\/a>&nbsp;&nbsp;Metr\u00f3poles<\/li>\n<li><a href=\"https:\/\/news.google.com\/rss\/articles\/CBMiwgFBVV95cUxOYWJZVHpIRlNJR3E2UGM4Rk12LXV3TGZ5eGc1akpISXZkQmVKdjN3N09XV2ZlTkZudXFoX3RCbHh0My1jeTd2YUtjVlVVX0F4TDd2YUVnNkZ0RnlsVkg4c21QRW5TVm1zX1AxT0JtS2FYWnhYeDRZNWY1eTdkTjljXzlHaW5MdzBURUd1X3AtUWUwZldpbDBuWXJMemxuaUVvNl8zdnc2czl2bGM4NHY2NUlqM1JKOFBJLTdobUJQS1NqUQ?oc=5\" target=\"_blank\" rel=\"nofollow noopener\">Muitos risos e um chimpanz\u00e9 a comer macacos (do nariz). As fotografias de animais mais c\u00f3micas de 2025<\/a>&nbsp;&nbsp;ZAP Not\u00edcias<\/li>\n<\/ol>\n","protected":false},"excerpt":{"rendered":"O pr\u00eamio de fotografias engra\u00e7adas da vida animal&nbsp;&nbsp;Nexo Jornal Gorila dan\u00e7arino e batismo de sapo: confira as fotos&hellip;\n","protected":false},"author":2,"featured_media":185276,"comment_status":"","ping_status":"","sticky":false,"template":"","format":"standard","meta":{"footnotes":""},"categories":[144],"tags":[207,205,206,203,201,202,204,114,115,32,33],"class_list":{"0":"post-185275","1":"post","2":"type-post","3":"status-publish","4":"format-standard","5":"has-post-thumbnail","7":"category-arte-e-design","8":"tag-arte","9":"tag-arte-e-design","10":"tag-artedesign","11":"tag-arts","12":"tag-arts-and-design","13":"tag-artsanddesign","14":"tag-design","15":"tag-entertainment","16":"tag-entretenimento","17":"tag-portugal","18":"tag-pt"},"share_on_mastodon":{"url":"https:\/\/pubeurope.com\/@pt\/115706379820510882","error":""},"_links":{"self":[{"href":"https:\/\/www.europesays.com\/pt\/wp-json\/wp\/v2\/posts\/185275","targetHints":{"allow":["GET"]}}],"collection":[{"href":"https:\/\/www.europesays.com\/pt\/wp-json\/wp\/v2\/posts"}],"about":[{"href":"https:\/\/www.europesays.com\/pt\/wp-json\/wp\/v2\/types\/post"}],"author":[{"embeddable":true,"href":"https:\/\/www.europesays.com\/pt\/wp-json\/wp\/v2\/users\/2"}],"replies":[{"embeddable":true,"href":"https:\/\/www.europesays.com\/pt\/wp-json\/wp\/v2\/comments?post=185275"}],"version-history":[{"count":0,"href":"https:\/\/www.europesays.com\/pt\/wp-json\/wp\/v2\/posts\/185275\/revisions"}],"wp:featuredmedia":[{"embeddable":true,"href":"https:\/\/www.europesays.com\/pt\/wp-json\/wp\/v2\/media\/185276"}],"wp:attachment":[{"href":"https:\/\/www.europesays.com\/pt\/wp-json\/wp\/v2\/media?parent=185275"}],"wp:term":[{"taxonomy":"category","embeddable":true,"href":"https:\/\/www.europesays.com\/pt\/wp-json\/wp\/v2\/categories?post=185275"},{"taxonomy":"post_tag","embeddable":true,"href":"https:\/\/www.europesays.com\/pt\/wp-json\/wp\/v2\/tags?post=185275"}],"curies":[{"name":"wp","href":"https:\/\/api.w.org\/{rel}","templated":true}]}}