{"id":185279,"date":"2025-12-12T11:36:10","date_gmt":"2025-12-12T11:36:10","guid":{"rendered":"https:\/\/www.europesays.com\/pt\/185279\/"},"modified":"2025-12-12T11:36:10","modified_gmt":"2025-12-12T11:36:10","slug":"o-grande-filme-da-netflix-para-o-final-de-2025-ja-esta-disponivel","status":"publish","type":"post","link":"https:\/\/www.europesays.com\/pt\/185279\/","title":{"rendered":"O grande filme da Netflix para o final de 2025 j\u00e1 est\u00e1 dispon\u00edvel"},"content":{"rendered":"<p>Depois de tr\u00eas anos de espera, os subscritores da Netflix podem assistir a uma nova aventura de Benoit Blanc. O investigador interpretado por Daniel Craig est\u00e1 de volta com \u201cAcorda, Defunto: Um Mist\u00e9rio Knives Out\u201d &#8211; um novo filme dirigido por Rian Johnson e que ficou dispon\u00edvel esta sexta-feira, dia 12, na Netflix.<\/p>\n<p>Tal como aconteceu com \u201cKnives Out: Todos S\u00e3o Suspeitos\u201d em 2019 e com \u201cGlass Onion: Um Mist\u00e9rio Knives Out\u201d em 2022, este novo filme volta a apresentar um elenco de luxo e, al\u00e9m de Craig, participam Josh O\u2019Connor, Glenn Close, Josh Brolin, Mila Kunis, Jeremy Renner, Kerry Washington, Andrew Scott, Cailee Spaeny, Daryl McCormack e Thomas Haden Church.<\/p>\n<p>                                                    <img decoding=\"async\" src=\"https:\/\/www.europesays.com\/pt\/wp-content\/uploads\/2025\/12\/naom_69383f2556327.jpg\" border=\"0\" alt=\"Netflix: \"\/><\/p>\n<p>Greg Peters, um dos CEOs da Netflix, afirmou que o objetivo da empresa n\u00e3o passa por deixar de lan\u00e7ar filmes da Warner Bros nas salas de cinema ou aumentar os pre\u00e7os das subscri\u00e7\u00f5es dos servi\u00e7os de streaming.<\/p>\n<p>                                                     Miguel Patinha Dias | 15:25 &#8211; 09\/12\/2025 <\/p>\n<p>\u201cAcorda, Defunto: Um Mist\u00e9rio Knives Out\u201d toma como ponto de partida um misterioso assassinato numa igreja onde, naturalmente, todos s\u00e3o suspeitos e a resolu\u00e7\u00e3o parece praticamente imposs\u00edvel.<\/p>\n<p>Pode ver acima o trailer oficial deste filme que parece ter tudo para ser um dos grandes filmes da Netflix neste final de 2025.<\/p>\n<p>Leia Tamb\u00e9m: <a href=\"https:\/\/www.noticiasaominuto.com\/tech\/2902736\/segunda-temporada-de-avatar-estreia-na-netflix-em-2026-veja-o-teaser\" target=\"_blank\" rel=\"noopener noreferrer nofollow\">Segunda temporada de &#8220;Avatar&#8221; estreia na Netflix em 2026. Veja o &#8216;teaser&#8217;<\/a><\/p>\n","protected":false},"excerpt":{"rendered":"Depois de tr\u00eas anos de espera, os subscritores da Netflix podem assistir a uma nova aventura de Benoit&hellip;\n","protected":false},"author":2,"featured_media":185280,"comment_status":"","ping_status":"","sticky":false,"template":"","format":"standard","meta":{"footnotes":""},"categories":[140],"tags":[114,115,147,148,146,32,33],"class_list":{"0":"post-185279","1":"post","2":"type-post","3":"status-publish","4":"format-standard","5":"has-post-thumbnail","7":"category-filmes","8":"tag-entertainment","9":"tag-entretenimento","10":"tag-film","11":"tag-filmes","12":"tag-movies","13":"tag-portugal","14":"tag-pt"},"share_on_mastodon":{"url":"https:\/\/pubeurope.com\/@pt\/115706396200584868","error":""},"_links":{"self":[{"href":"https:\/\/www.europesays.com\/pt\/wp-json\/wp\/v2\/posts\/185279","targetHints":{"allow":["GET"]}}],"collection":[{"href":"https:\/\/www.europesays.com\/pt\/wp-json\/wp\/v2\/posts"}],"about":[{"href":"https:\/\/www.europesays.com\/pt\/wp-json\/wp\/v2\/types\/post"}],"author":[{"embeddable":true,"href":"https:\/\/www.europesays.com\/pt\/wp-json\/wp\/v2\/users\/2"}],"replies":[{"embeddable":true,"href":"https:\/\/www.europesays.com\/pt\/wp-json\/wp\/v2\/comments?post=185279"}],"version-history":[{"count":0,"href":"https:\/\/www.europesays.com\/pt\/wp-json\/wp\/v2\/posts\/185279\/revisions"}],"wp:featuredmedia":[{"embeddable":true,"href":"https:\/\/www.europesays.com\/pt\/wp-json\/wp\/v2\/media\/185280"}],"wp:attachment":[{"href":"https:\/\/www.europesays.com\/pt\/wp-json\/wp\/v2\/media?parent=185279"}],"wp:term":[{"taxonomy":"category","embeddable":true,"href":"https:\/\/www.europesays.com\/pt\/wp-json\/wp\/v2\/categories?post=185279"},{"taxonomy":"post_tag","embeddable":true,"href":"https:\/\/www.europesays.com\/pt\/wp-json\/wp\/v2\/tags?post=185279"}],"curies":[{"name":"wp","href":"https:\/\/api.w.org\/{rel}","templated":true}]}}