{"id":185317,"date":"2025-12-12T12:20:43","date_gmt":"2025-12-12T12:20:43","guid":{"rendered":"https:\/\/www.europesays.com\/pt\/185317\/"},"modified":"2025-12-12T12:20:43","modified_gmt":"2025-12-12T12:20:43","slug":"a-protegida-jd-visita-o-restaurante-de-mariana-e-acaba-desmaiado-novelas","status":"publish","type":"post","link":"https:\/\/www.europesays.com\/pt\/185317\/","title":{"rendered":"A Protegida: JD visita o restaurante de Mariana\u2026 e acaba desmaiado &#8211; Novelas"},"content":{"rendered":"<p>Em \u00abA Protegida\u00bb, JD (Pedro Sousa) entra no restaurante e fica a olhar em volta, tentando perceber se o espa\u00e7o lhe diz algo, mas n\u00e3o. JD v\u00ea que M\u00f3nica lhe est\u00e1 a ligar, mas rejeita a chamada. Gui conta a Cl\u00e1udia que arriscou, mas n\u00e3o insistiu.<\/p>\n<p>Cl\u00e1udia j\u00e1 tinha ouvido falar do pai da filha de Mariana (Matilde Reym\u00e3o) e sabe que era um grande amor. JD entra nesse momento e ao ouvir o seu nome, estremece. JD come\u00e7a a ter recorda\u00e7\u00f5es do pedido de casamento ali no restaurante, mas nunca v\u00ea Mariana. JD fica perturbado e desmaia.<\/p>\n<p>JD est\u00e1 no ch\u00e3o inanimado. Cl\u00e1udia tenta acord\u00e1-lo, mas Gui acha melhor chamar uma ambul\u00e2ncia. JD l\u00e1 acorda e diz que lhe deu uma forte dor de cabe\u00e7a. Gui continua a achar melhor chamar o 112. Cl\u00e1udia quer avisar Mariana, mas nunca diz o nome dela. JD diz que n\u00e3o precisa de ajuda.<\/p>\n<p>Mariana j\u00e1 organizou tudo e p\u00f5e a m\u00e1quina a lavar, o que a impede de ouvir o que se passa no sal\u00e3o. Mariana pega no telem\u00f3vel para enviar a localiza\u00e7\u00e3o da barragem aos amigos.<\/p>\n<p>JD prepara-se para ir embora. Gui e Cl\u00e1udia certificam-se de que ele est\u00e1 bem. Ele diz que sim e vai embora. Cl\u00e1udia e Gui recebem a localiza\u00e7\u00e3o da barragem e saem para a rua.<\/p>\n","protected":false},"excerpt":{"rendered":"Em \u00abA Protegida\u00bb, JD (Pedro Sousa) entra no restaurante e fica a olhar em volta, tentando perceber se&hellip;\n","protected":false},"author":2,"featured_media":185318,"comment_status":"","ping_status":"","sticky":false,"template":"","format":"standard","meta":{"footnotes":""},"categories":[142],"tags":[168,160,166,114,115,157,167,164,2931,161,158,165,159,32,33,156,163,151,162],"class_list":{"0":"post-185317","1":"post","2":"type-post","3":"status-publish","4":"format-standard","5":"has-post-thumbnail","7":"category-tv","8":"tag-a-protegida","9":"tag-ana-guiomar","10":"tag-cristina-ferreira","11":"tag-entertainment","12":"tag-entretenimento","13":"tag-festa-e-festa","14":"tag-ficcao","15":"tag-jose-fidalgo","16":"tag-novela","17":"tag-novelas","18":"tag-para-sempre","19":"tag-pedro-sousa","20":"tag-pedro-teixeira","21":"tag-portugal","22":"tag-pt","23":"tag-queridos-papas","24":"tag-tiago-teotonio-pereira","25":"tag-tv","26":"tag-tvi"},"share_on_mastodon":{"url":"https:\/\/pubeurope.com\/@pt\/115706568602132510","error":""},"_links":{"self":[{"href":"https:\/\/www.europesays.com\/pt\/wp-json\/wp\/v2\/posts\/185317","targetHints":{"allow":["GET"]}}],"collection":[{"href":"https:\/\/www.europesays.com\/pt\/wp-json\/wp\/v2\/posts"}],"about":[{"href":"https:\/\/www.europesays.com\/pt\/wp-json\/wp\/v2\/types\/post"}],"author":[{"embeddable":true,"href":"https:\/\/www.europesays.com\/pt\/wp-json\/wp\/v2\/users\/2"}],"replies":[{"embeddable":true,"href":"https:\/\/www.europesays.com\/pt\/wp-json\/wp\/v2\/comments?post=185317"}],"version-history":[{"count":0,"href":"https:\/\/www.europesays.com\/pt\/wp-json\/wp\/v2\/posts\/185317\/revisions"}],"wp:featuredmedia":[{"embeddable":true,"href":"https:\/\/www.europesays.com\/pt\/wp-json\/wp\/v2\/media\/185318"}],"wp:attachment":[{"href":"https:\/\/www.europesays.com\/pt\/wp-json\/wp\/v2\/media?parent=185317"}],"wp:term":[{"taxonomy":"category","embeddable":true,"href":"https:\/\/www.europesays.com\/pt\/wp-json\/wp\/v2\/categories?post=185317"},{"taxonomy":"post_tag","embeddable":true,"href":"https:\/\/www.europesays.com\/pt\/wp-json\/wp\/v2\/tags?post=185317"}],"curies":[{"name":"wp","href":"https:\/\/api.w.org\/{rel}","templated":true}]}}