{"id":185321,"date":"2025-12-12T12:23:14","date_gmt":"2025-12-12T12:23:14","guid":{"rendered":"https:\/\/www.europesays.com\/pt\/185321\/"},"modified":"2025-12-12T12:23:14","modified_gmt":"2025-12-12T12:23:14","slug":"prefeitura-de-mogi-das-cruzes-noticias-9","status":"publish","type":"post","link":"https:\/\/www.europesays.com\/pt\/185321\/","title":{"rendered":"Prefeitura de Mogi das Cruzes &#8211; Not\u00edcias"},"content":{"rendered":"<p>Secretaria de Educa\u00e7\u00e3o<\/p>\n<p style=\"font-size: 16px; padding-top: 10px\">\n<p>            Exibi\u00e7\u00e3o integra atividades pedag\u00f3gicas da escola sobre o pintor chin\u00eas, que viveu em Mogi das Cruzes por quase duas d\u00e9cadas<\/p>\n<p>11 de dezembro de 2025<\/p>\n<p>                <a target=\"popup\" href=\"http:\/\/www.mogidascruzes.sp.gov.br\/noticia\/estudantes-da-em-heliana-mafra-assistem-a-documentario-mogiano-sobre-o-legado-do-artista-chang-dai-chien\" onclick=\"window.open(&#039;https:\/\/www.facebook.com\/dialog\/share?app_id=157282284328711&amp;display=popup&amp;href=http:\/\/www.mogidascruzes.sp.gov.br\/noticia\/estudantes-da-em-heliana-mafra-assistem-a-documentario-mogiano-sobre-o-legado-do-artista-chang-dai-chien&#039;,&#039;popup&#039;,&#039;width=600,height=600&#039;); return false;\" title=\"Compartilhar no Facebook\" rel=\"nofollow noopener\"><img decoding=\"async\" src=\"https:\/\/www.europesays.com\/pt\/wp-content\/uploads\/2025\/08\/1755865032_223_icon_facebook.png\" alt=\"facebook\" style=\"height: 41px;\"\/><\/a><\/p>\n<p>                <a href=\"https:\/\/api.whatsapp.com\/send?text=http:\/\/www.mogidascruzes.sp.gov.br\/noticia\/estudantes-da-em-heliana-mafra-assistem-a-documentario-mogiano-sobre-o-legado-do-artista-chang-dai-chien\" onclick=\"dataLayer.push({&#039;event&#039;: &#039;gaTriggerEvent&#039;,&#039;gaEventCategory&#039;: &#039;clique&#039;,&#039;gaEventAction&#039;: &#039;whatsapp&#039;,&#039;gaEventLabel&#039;: &#039;compartilhamento&#039;})\" rel=\"nofollow noopener\" target=\"_blank\"><br \/>\n                    <img decoding=\"async\" src=\"https:\/\/www.europesays.com\/pt\/wp-content\/uploads\/2025\/08\/1755865033_54_icon_whatsapp.png\" alt=\"whatsapp\" style=\"height: 41px;\"\/><br \/>\n                <\/a><\/p>\n<p>            Acessibilidade\n        <\/p>\n<p>                                <img decoding=\"async\" class=\"img-responsive\" title=\"A EM Prof\u00aa Heliana Mafra Machado de Castro, na Vila Cleo, exibiu nesta quarta-feira (10\/12) o document\u00e1rio mogiano &quot;Chang - A Retomada&quot; para cerca de 60 alunos do 5\u00ba ano do Ensino Fundamental. (Div . . .\" src=\"https:\/\/www.europesays.com\/pt\/wp-content\/uploads\/2025\/12\/202512101814206939d49c129ea.png\"\/><br \/>\n                                <img decoding=\"async\" class=\"img-responsive\" title=\"O document\u00e1rio traz depoimentos de pessoas que conviveram com o pintor e recupera mem\u00f3rias importantes de sua passagem por Mogi. (Divulga\u00e7\u00e3o\/PMMC)\" src=\"https:\/\/www.europesays.com\/pt\/wp-content\/uploads\/2025\/12\/202512101814196939d49b5ac0c.png\"\/><\/p>\n<p>A EM Prof\u00aa Heliana Mafra Machado de Castro, na Vila Cleo, exibiu nesta quarta-feira (10\/12) o document\u00e1rio mogiano &#8220;Chang &#8211; A Retomada&#8221; para cerca de 60 alunos do 5\u00ba ano do Ensino Fundamental. (Div . . .<\/p>\n<p>O document\u00e1rio traz depoimentos de pessoas que conviveram com o pintor e recupera mem\u00f3rias importantes de sua passagem por Mogi. (Divulga\u00e7\u00e3o\/PMMC)<\/p>\n<p>                                                        <img decoding=\"async\" src=\"https:\/\/www.europesays.com\/pt\/wp-content\/uploads\/2025\/12\/1765542194_852_202512101814206939d49c129ea.png\" title=\"A EM Prof\u00aa Heliana Mafra Machado de Castro, na Vila Cleo, exibiu nesta quarta-feira (10\/12) o document\u00e1rio mogiano &quot;Chang - A Retomada&quot; para cerca de 60 alunos do 5\u00ba ano do Ensino Fundamental. (Div . . .\" widht=\"100px\" height=\"55px\"\/><\/p>\n<p>                                                        <img decoding=\"async\" src=\"https:\/\/www.europesays.com\/pt\/wp-content\/uploads\/2025\/12\/1765542194_191_202512101814196939d49b5ac0c.png\" title=\"O document\u00e1rio traz depoimentos de pessoas que conviveram com o pintor e recupera mem\u00f3rias importantes de sua passagem por Mogi. (Divulga\u00e7\u00e3o\/PMMC)\" widht=\"100px\" height=\"55px\"\/><\/p>\n<p>A EM Prof\u00aa Heliana Mafra Machado de Castro, na Vila Cleo, exibiu nesta quarta-feira (10\/12) o document\u00e1rio mogiano &#8220;Chang &#8211; A Retomada&#8221; para cerca de 60 alunos do 5\u00ba ano do Ensino Fundamental. A a\u00e7\u00e3o, acompanhada pela Secretaria Municipal de Educa\u00e7\u00e3o, por meio do Departamento Pedag\u00f3gico (Deped), marcou o encerramento de uma s\u00e9rie de atividades realizadas ao longo do ano letivo sobre a vida e as obras do artista chin\u00eas Chang Dai-Chien (1899-1983), considerado um dos maiores nomes da arte do s\u00e9culo XX e que viveu em Mogi das Cruzes entre 1953 e 1971.<\/p>\n<p>A secret\u00e1ria municipal de Educa\u00e7\u00e3o, Darly Carvalho, destacou que a atividade aproxima a cultura mogiana dos alunos. &#8220;Trabalhos como este desenvolvido pela escola s\u00e3o formas de valorizar a identidade de Mogi e, ao mesmo tempo, ampliar o repert\u00f3rio art\u00edstico das crian\u00e7as. \u00c9 importante ver nossos estudantes explorando esse patrim\u00f4nio e se conectando com a arte de maneira t\u00e3o viva&#8221;, afirmou.<\/p>\n<p>O document\u00e1rio traz depoimentos de pessoas que conviveram com o pintor e recupera mem\u00f3rias importantes de sua passagem por Mogi. A obra tamb\u00e9m destaca a influ\u00eancia de Chang Dai-Chien no di\u00e1logo cultural entre Oriente e Ocidente e a relev\u00e2ncia de seu legado para as artes pl\u00e1sticas.<\/p>\n<p>Durante o ano, os alunos conheceram a trajet\u00f3ria do artista em sala de aula, analisaram suas obras, realizaram releituras e produziram um pequeno livro sobre Chang &#8211; dispon\u00edvel <a href=\"https:\/\/www.mogidascruzes.sp.gov.br\/public\/site\/doc\/20251211172830693b1b5ecaeaa.pdf\" rel=\"nofollow noopener\" target=\"_blank\"><strong>AQUI<\/strong><\/a>. Os estudantes tamb\u00e9m visitaram as ru\u00ednas do Jardim das Oito Virtudes, constru\u00eddo pelo pintor em Taia\u00e7upeba.<\/p>\n<p>A professora Adriana Grillo, respons\u00e1vel pelo trabalho desenvolvido ao longo do ano, contou sobre o envolvimento dos alunos com o artista. &#8220;Eu me apaixonei pela hist\u00f3ria dele e quis trazer para os meus alunos. As crian\u00e7as ficaram encantadas com os conte\u00fados trabalhados em sala de aula. Esse \u00e9 o nosso objetivo: permitir que eles descubram Mogi e seu patrim\u00f4nio art\u00edstico&#8221;, destacou.<\/p>\n<p>Os alunos tamb\u00e9m avaliaram a experi\u00eancia de forma muito positiva. &#8220;Al\u00e9m de ser um g\u00eanio que fez obras incr\u00edveis, ele era uma pessoa generosa e humilde. Isso me inspirou muito&#8221;, afirmou Manuela Calixto Batista. &#8220;Foi muito legal conhecer a hist\u00f3ria de um artista que viveu na nossa cidade. Fizemos v\u00e1rios trabalhos e visitamos o Jardim das Oito Virtudes, que traz muita paz. Aprendemos bastante&#8221;, completou a colega Luiza Lima Gomes.<\/p>\n<p>O document\u00e1rio \u00e9 idealizado pelo escultor e artista pl\u00e1stico Fabiano Spike, morador de Taia\u00e7upeba e autor da est\u00e1tua em homenagem a Chang que est\u00e1 instalada nas ru\u00ednas do Jardim das Oito Virtudes. A realiza\u00e7\u00e3o \u00e9 da Trindade Cine, com dire\u00e7\u00e3o do cineasta Diego Freire, apoio da Itapeti Filmes e recursos da Lei Complementar n\u00ba 195\/2022 (Lei\u00a0Paulo\u00a0Gustavo).<\/p>\n","protected":false},"excerpt":{"rendered":"Secretaria de Educa\u00e7\u00e3o Exibi\u00e7\u00e3o integra atividades pedag\u00f3gicas da escola sobre o pintor chin\u00eas, que viveu em Mogi das&hellip;\n","protected":false},"author":2,"featured_media":185322,"comment_status":"","ping_status":"","sticky":false,"template":"","format":"standard","meta":{"footnotes":""},"categories":[140],"tags":[528,37706,37708,7925,37709,1414,114,115,3665,147,148,37705,25196,2498,7924,37707,146,32,33,1460],"class_list":{"0":"post-185321","1":"post","2":"type-post","3":"status-publish","4":"format-standard","5":"has-post-thumbnail","7":"category-filmes","8":"tag-artista","9":"tag-assistem","10":"tag-chang","11":"tag-cruzes","12":"tag-dai-chien","13":"tag-documentario","14":"tag-entertainment","15":"tag-entretenimento","16":"tag-estudantes","17":"tag-film","18":"tag-filmes","19":"tag-heliana","20":"tag-legado","21":"tag-mafra","22":"tag-mogi","23":"tag-mogiano","24":"tag-movies","25":"tag-portugal","26":"tag-pt","27":"tag-sobre"},"share_on_mastodon":{"url":"https:\/\/pubeurope.com\/@pt\/115706580840822093","error":""},"_links":{"self":[{"href":"https:\/\/www.europesays.com\/pt\/wp-json\/wp\/v2\/posts\/185321","targetHints":{"allow":["GET"]}}],"collection":[{"href":"https:\/\/www.europesays.com\/pt\/wp-json\/wp\/v2\/posts"}],"about":[{"href":"https:\/\/www.europesays.com\/pt\/wp-json\/wp\/v2\/types\/post"}],"author":[{"embeddable":true,"href":"https:\/\/www.europesays.com\/pt\/wp-json\/wp\/v2\/users\/2"}],"replies":[{"embeddable":true,"href":"https:\/\/www.europesays.com\/pt\/wp-json\/wp\/v2\/comments?post=185321"}],"version-history":[{"count":0,"href":"https:\/\/www.europesays.com\/pt\/wp-json\/wp\/v2\/posts\/185321\/revisions"}],"wp:featuredmedia":[{"embeddable":true,"href":"https:\/\/www.europesays.com\/pt\/wp-json\/wp\/v2\/media\/185322"}],"wp:attachment":[{"href":"https:\/\/www.europesays.com\/pt\/wp-json\/wp\/v2\/media?parent=185321"}],"wp:term":[{"taxonomy":"category","embeddable":true,"href":"https:\/\/www.europesays.com\/pt\/wp-json\/wp\/v2\/categories?post=185321"},{"taxonomy":"post_tag","embeddable":true,"href":"https:\/\/www.europesays.com\/pt\/wp-json\/wp\/v2\/tags?post=185321"}],"curies":[{"name":"wp","href":"https:\/\/api.w.org\/{rel}","templated":true}]}}