{"id":185323,"date":"2025-12-12T12:24:28","date_gmt":"2025-12-12T12:24:28","guid":{"rendered":"https:\/\/www.europesays.com\/pt\/185323\/"},"modified":"2025-12-12T12:24:28","modified_gmt":"2025-12-12T12:24:28","slug":"sempre-dissemos-que-era-uma-grande-equipa-com-grandes-jogadores","status":"publish","type":"post","link":"https:\/\/www.europesays.com\/pt\/185323\/","title":{"rendered":"\u00abSempre dissemos que era uma grande equipa com grandes jogadores\u00bb"},"content":{"rendered":"<p>&#8211; Advertisement &#8211;<\/p>\n<p><strong>Antonio Conte comentou a derrota do N\u00e1poles frente ao Benfica, em jogo da sexta jornada da Champions League.<\/strong><\/p>\n<p>Antonio Conte esteve presente na sala de imprensa do Est\u00e1dio da Luz, de modo a analisar o encontro entre o Benfica e o N\u00e1poles, v\u00e1lido pela sexta jornada da Champions League. O treinador italiano admitiu que n\u00e3o foi surpreendido pelo emblema encarnado e que o respeitou:<\/p>\n<p>\u00abVi as estat\u00edsticas. O Benfica teve cinco remates, n\u00f3s dois, mas tivemos mais posse de bola. O Benfica n\u00e3o nos surpreendeu nem subestim\u00e1mos o Benfica. Subestimar o advers\u00e1rio significa demonstrar ignor\u00e2ncia e presun\u00e7\u00e3o e sempre dissemos que o Benfica era uma grande equipa com grandes jogadores\u00bb.<\/p>\n<p><a href=\"https:\/\/bolanarede.pt\/especial-bola-na-rede\/atualidade\/antonio-conte-desculpa-derrota-do-napoles-o-benfica-teve-mais-dois-dias-para-descansar\/\" target=\"_blank\" rel=\"noreferrer noopener nofollow\">Podes ler a confer\u00eancia completa<\/a>.<\/p>\n","protected":false},"excerpt":{"rendered":"&#8211; Advertisement &#8211; Antonio Conte comentou a derrota do N\u00e1poles frente ao Benfica, em jogo da sexta jornada&hellip;\n","protected":false},"author":2,"featured_media":185324,"comment_status":"","ping_status":"","sticky":false,"template":"","format":"standard","meta":{"footnotes":""},"categories":[87],"tags":[22893,260,1230,135,2100,32,33,134],"class_list":{"0":"post-185323","1":"post","2":"type-post","3":"status-publish","4":"format-standard","5":"has-post-thumbnail","7":"category-desporto","8":"tag-antonio-conte","9":"tag-atualidade","10":"tag-champions-league","11":"tag-desporto","12":"tag-napoles","13":"tag-portugal","14":"tag-pt","15":"tag-sports"},"share_on_mastodon":{"url":"https:\/\/pubeurope.com\/@pt\/115706584409977391","error":""},"_links":{"self":[{"href":"https:\/\/www.europesays.com\/pt\/wp-json\/wp\/v2\/posts\/185323","targetHints":{"allow":["GET"]}}],"collection":[{"href":"https:\/\/www.europesays.com\/pt\/wp-json\/wp\/v2\/posts"}],"about":[{"href":"https:\/\/www.europesays.com\/pt\/wp-json\/wp\/v2\/types\/post"}],"author":[{"embeddable":true,"href":"https:\/\/www.europesays.com\/pt\/wp-json\/wp\/v2\/users\/2"}],"replies":[{"embeddable":true,"href":"https:\/\/www.europesays.com\/pt\/wp-json\/wp\/v2\/comments?post=185323"}],"version-history":[{"count":0,"href":"https:\/\/www.europesays.com\/pt\/wp-json\/wp\/v2\/posts\/185323\/revisions"}],"wp:featuredmedia":[{"embeddable":true,"href":"https:\/\/www.europesays.com\/pt\/wp-json\/wp\/v2\/media\/185324"}],"wp:attachment":[{"href":"https:\/\/www.europesays.com\/pt\/wp-json\/wp\/v2\/media?parent=185323"}],"wp:term":[{"taxonomy":"category","embeddable":true,"href":"https:\/\/www.europesays.com\/pt\/wp-json\/wp\/v2\/categories?post=185323"},{"taxonomy":"post_tag","embeddable":true,"href":"https:\/\/www.europesays.com\/pt\/wp-json\/wp\/v2\/tags?post=185323"}],"curies":[{"name":"wp","href":"https:\/\/api.w.org\/{rel}","templated":true}]}}