{"id":185336,"date":"2025-12-12T12:37:08","date_gmt":"2025-12-12T12:37:08","guid":{"rendered":"https:\/\/www.europesays.com\/pt\/185336\/"},"modified":"2025-12-12T12:37:08","modified_gmt":"2025-12-12T12:37:08","slug":"vingadores-doomsday-ganha-titulo-oficial-no-brasil-teaser-e-classificado","status":"publish","type":"post","link":"https:\/\/www.europesays.com\/pt\/185336\/","title":{"rendered":"Vingadores: Doomsday ganha t\u00edtulo oficial no Brasil; Teaser \u00e9 classificado"},"content":{"rendered":"<p class=\"wp-block-yoast-seo-estimated-reading-time yoast-reading-time__wrapper\">Estimated reading time: 2 minutos<\/p>\n<p>Est\u00e1 cada vez mais pr\u00f3ximo. O teaser oficial de <a href=\"https:\/\/ovicio.com.br\/filme\/avengers-doomsday\/\" target=\"_blank\" rel=\"noreferrer noopener nofollow\">Vingadores: Doomsday<\/a> recebeu a classifica\u00e7\u00e3o indicativa no site do <strong>Governo Federal<\/strong>, e tudo indica que ser\u00e1 exibido nas sess\u00f5es de <strong>Avatar: Fogo e Cinzas<\/strong> ao redor do mundo, e n\u00e3o apenas nos Estados Unidos.<\/p>\n<p>Mas, a grande novidade fica pela confirma\u00e7\u00e3o do t\u00edtulo no pa\u00eds.<\/p>\n<p>A partir de agora, ser\u00e1 conhecido como <strong>Vingadores: Destino<\/strong>, em refer\u00eancia ao vil\u00e3o interpretado por <strong>Robert Downey Jr<\/strong>.<\/p>\n<p><img fetchpriority=\"high\" decoding=\"async\" width=\"1080\" height=\"1475\" src=\"https:\/\/www.europesays.com\/pt\/wp-content\/uploads\/2025\/12\/20251211-cf42d9bf-8766-442f-947e-07e2f8f9b8f1.jpeg\" alt=\"\" class=\"lazyload wp-image-872332\"  data-\/><\/p>\n<p>Supostamente, a pr\u00e9via ter\u00e1\u00a0<strong>1 minuto e 48 segundos<\/strong>, e come\u00e7aria com uma narra\u00e7\u00e3o do\u00a0<strong>Doutor Destino\u00a0<\/strong>falando sobre sua vida de prova\u00e7\u00f5es e sofrimento.\u00a0<strong>Victor Von Doom<\/strong>, ent\u00e3o, seria visto em um cemit\u00e9rio sob a chuva, com o rosto oculto, at\u00e9 que a cena seria cortada por uma labareda, que desenharia a silhueta de seu uniforme em uma sombra.<\/p>\n<p>O teaser terminaria com\u00a0Steve Rogers\u00a0e\u00a0Peggy Carter\u00a0emergindo de um portal no estilo da AVT e olhando diretamente para a c\u00e2mera.<\/p>\n<p>Leia mais sobre Vingadores: Destino<\/p>\n<p>Com dire\u00e7\u00e3o dos\u00a0<strong>Irm\u00e3os Russo<\/strong>\u00a0(Vingadores: Guerra Infinita, Capit\u00e3o Am\u00e9rica: Guerra Civil), a estreia est\u00e1 marcada para\u00a0<strong>18 de dezembro de 2026.<\/strong><\/p>\n<p>Na trama, o Quarteto Fant\u00e1stico unir\u00e1 for\u00e7as com os Vingadores, Wakandanos, Thunderbolts e os X-Men para tentarem impedir que Doutor Destino d\u00ea andamento a um plano diab\u00f3lico envolvendo o Multiverso.<\/p>\n<p><strong>Fonte<\/strong>: <a href=\"https:\/\/classindportal.mj.gov.br\/consulta-filmes\" target=\"_blank\" rel=\"noreferrer noopener nofollow\">Governo Federal<\/a><\/p>\n","protected":false},"excerpt":{"rendered":"Estimated reading time: 2 minutos Est\u00e1 cada vez mais pr\u00f3ximo. O teaser oficial de Vingadores: Doomsday recebeu a&hellip;\n","protected":false},"author":2,"featured_media":185337,"comment_status":"","ping_status":"","sticky":false,"template":"","format":"standard","meta":{"footnotes":""},"categories":[140],"tags":[37710,1661,114,115,147,148,792,12733,146,32,33,37711,14176],"class_list":{"0":"post-185336","1":"post","2":"type-post","3":"status-publish","4":"format-standard","5":"has-post-thumbnail","7":"category-filmes","8":"tag-avengers-doomsday","9":"tag-destaque","10":"tag-entertainment","11":"tag-entretenimento","12":"tag-film","13":"tag-filmes","14":"tag-marvel","15":"tag-marvel-studios","16":"tag-movies","17":"tag-portugal","18":"tag-pt","19":"tag-vingadores-destino","20":"tag-vingadores-doomsday"},"share_on_mastodon":{"url":"https:\/\/pubeurope.com\/@pt\/115706635711257239","error":""},"_links":{"self":[{"href":"https:\/\/www.europesays.com\/pt\/wp-json\/wp\/v2\/posts\/185336","targetHints":{"allow":["GET"]}}],"collection":[{"href":"https:\/\/www.europesays.com\/pt\/wp-json\/wp\/v2\/posts"}],"about":[{"href":"https:\/\/www.europesays.com\/pt\/wp-json\/wp\/v2\/types\/post"}],"author":[{"embeddable":true,"href":"https:\/\/www.europesays.com\/pt\/wp-json\/wp\/v2\/users\/2"}],"replies":[{"embeddable":true,"href":"https:\/\/www.europesays.com\/pt\/wp-json\/wp\/v2\/comments?post=185336"}],"version-history":[{"count":0,"href":"https:\/\/www.europesays.com\/pt\/wp-json\/wp\/v2\/posts\/185336\/revisions"}],"wp:featuredmedia":[{"embeddable":true,"href":"https:\/\/www.europesays.com\/pt\/wp-json\/wp\/v2\/media\/185337"}],"wp:attachment":[{"href":"https:\/\/www.europesays.com\/pt\/wp-json\/wp\/v2\/media?parent=185336"}],"wp:term":[{"taxonomy":"category","embeddable":true,"href":"https:\/\/www.europesays.com\/pt\/wp-json\/wp\/v2\/categories?post=185336"},{"taxonomy":"post_tag","embeddable":true,"href":"https:\/\/www.europesays.com\/pt\/wp-json\/wp\/v2\/tags?post=185336"}],"curies":[{"name":"wp","href":"https:\/\/api.w.org\/{rel}","templated":true}]}}