{"id":185354,"date":"2025-12-12T12:51:20","date_gmt":"2025-12-12T12:51:20","guid":{"rendered":"https:\/\/www.europesays.com\/pt\/185354\/"},"modified":"2025-12-12T12:51:20","modified_gmt":"2025-12-12T12:51:20","slug":"orgulho-e-preconceito-retorna-aos-cinemas-em-celebracao-de-20-anos","status":"publish","type":"post","link":"https:\/\/www.europesays.com\/pt\/185354\/","title":{"rendered":"&#8216;Orgulho e Preconceito&#8217; retorna aos cinemas em celebra\u00e7\u00e3o de 20 anos"},"content":{"rendered":"<p class=\"texto\">Adapta\u00e7\u00e3o do cl\u00e1ssico da romancista brit\u00e2nica\u00a0<a href=\"https:\/\/mais.opovo.com.br\/jornal\/vidaearte\/2017\/07\/200-anos-apos-a-morte-de-jane-austen-sua-obra-segue-atual.html\" target=\"_self\" rel=\"nofollow noopener\"><strong>Jane Austen<\/strong><\/a><strong>,<\/strong> \u201cOrgulho e Preconceito\u201d retorna aos cinemas brasileiros a partir desta quinta-feira, 11.<\/p>\n<p class=\"texto\">A reexibi\u00e7\u00e3o do longa estrelado por Keira Knightley (Elizabeth Bennet) e Matthew Macfadyen (Sr. Darcy) faz parte da comemora\u00e7\u00e3o de 20 anos do lan\u00e7amento do longa.<\/p>\n<p class=\"texto\"><strong><a href=\"https:\/\/www.opovo.com.br\/vidaearte\/2025\/12\/10\/camara-de-arte-da-uece-e-relancada-com-apresentacao-sinfonica.html\" target=\"_self\" rel=\"nofollow noopener\">Leia mais | C\u00e2mara de Arte da Uece \u00e9 relan\u00e7ada com apresenta\u00e7\u00e3o sinf\u00f4nica<\/a><\/strong><\/p>\n<p class=\"texto\">O romance ingl\u00eas acompanha a hist\u00f3ria de Elizabeth Bennet que vive com sua m\u00e3e, pai e irm\u00e3s no campo. Por ser uma das filhas mais velhas, ela enfrenta a press\u00e3o da fam\u00edlia para se casar.<\/p>\n<p class=\"texto\">Ao conhecer Sr. Darcy, a mocinha acredita que ele \u00e9 o \u00faltimo homem com quem poderia se casar. \u00c0 medida que a trama se desenvolve, suas vidas se entrela\u00e7am. A protagonista se apaixona pelo homem que jurou odiar.<\/p>\n<p class=\"texto\"><a href=\"https:\/\/www.opovo.com.br\/noticias\/curiosidades\/2013\/01\/orgulho-e-preconceito-faz-200-anos-de-sucesso.html\" target=\"_self\" rel=\"nofollow noopener\">&#8220;Orgulho e Preconceito&#8221;<\/a> foi indicado ao Oscar de 2006 quatro vezes nas categorias de Melhor Atriz (Keira Knightley), Melhor Figurino, Melhor Trilha Sonora e Melhor Dire\u00e7\u00e3o de Arte.<\/p>\n<p class=\"texto\">O longem tem dire\u00e7\u00e3o de Joe Wright e roteiro adaptado por Deborah Moggach a partir do aclamado romance de <a href=\"https:\/\/mais.opovo.com.br\/jornal\/vidaearte\/2022\/08\/08\/quem-e-essa-comunidade-leitora-de-jane-austen.html\" target=\"_self\" rel=\"nofollow noopener\">Jane Austen<\/a>.\u00a0A escritora, refer\u00eancia da literatura inglesa, \u00e9 respons\u00e1vel tamb\u00e9m\u00a0pelos cl\u00e1ssicos &#8220;Raz\u00e3o e Sensibilidade&#8221; e &#8220;Persuas\u00e3o&#8221;.<\/p>\n<p>\tSobre o assunto \t\tAssistir &#8220;Orgulho e Preconceito&#8221;<\/p>\n","protected":false},"excerpt":{"rendered":"Adapta\u00e7\u00e3o do cl\u00e1ssico da romancista brit\u00e2nica\u00a0Jane Austen, \u201cOrgulho e Preconceito\u201d retorna aos cinemas brasileiros a partir desta quinta-feira,&hellip;\n","protected":false},"author":2,"featured_media":185355,"comment_status":"","ping_status":"","sticky":false,"template":"","format":"standard","meta":{"footnotes":""},"categories":[140],"tags":[114,115,147,148,146,32,33],"class_list":{"0":"post-185354","1":"post","2":"type-post","3":"status-publish","4":"format-standard","5":"has-post-thumbnail","7":"category-filmes","8":"tag-entertainment","9":"tag-entretenimento","10":"tag-film","11":"tag-filmes","12":"tag-movies","13":"tag-portugal","14":"tag-pt"},"share_on_mastodon":{"url":"https:\/\/pubeurope.com\/@pt\/115706690611248502","error":""},"_links":{"self":[{"href":"https:\/\/www.europesays.com\/pt\/wp-json\/wp\/v2\/posts\/185354","targetHints":{"allow":["GET"]}}],"collection":[{"href":"https:\/\/www.europesays.com\/pt\/wp-json\/wp\/v2\/posts"}],"about":[{"href":"https:\/\/www.europesays.com\/pt\/wp-json\/wp\/v2\/types\/post"}],"author":[{"embeddable":true,"href":"https:\/\/www.europesays.com\/pt\/wp-json\/wp\/v2\/users\/2"}],"replies":[{"embeddable":true,"href":"https:\/\/www.europesays.com\/pt\/wp-json\/wp\/v2\/comments?post=185354"}],"version-history":[{"count":0,"href":"https:\/\/www.europesays.com\/pt\/wp-json\/wp\/v2\/posts\/185354\/revisions"}],"wp:featuredmedia":[{"embeddable":true,"href":"https:\/\/www.europesays.com\/pt\/wp-json\/wp\/v2\/media\/185355"}],"wp:attachment":[{"href":"https:\/\/www.europesays.com\/pt\/wp-json\/wp\/v2\/media?parent=185354"}],"wp:term":[{"taxonomy":"category","embeddable":true,"href":"https:\/\/www.europesays.com\/pt\/wp-json\/wp\/v2\/categories?post=185354"},{"taxonomy":"post_tag","embeddable":true,"href":"https:\/\/www.europesays.com\/pt\/wp-json\/wp\/v2\/tags?post=185354"}],"curies":[{"name":"wp","href":"https:\/\/api.w.org\/{rel}","templated":true}]}}