{"id":185373,"date":"2025-12-12T13:06:23","date_gmt":"2025-12-12T13:06:23","guid":{"rendered":"https:\/\/www.europesays.com\/pt\/185373\/"},"modified":"2025-12-12T13:06:23","modified_gmt":"2025-12-12T13:06:23","slug":"filme-de-comedia-com-fernanda-montenegro-ganha-trailer","status":"publish","type":"post","link":"https:\/\/www.europesays.com\/pt\/185373\/","title":{"rendered":"Filme de com\u00e9dia com Fernanda Montenegro ganha trailer"},"content":{"rendered":"<p class=\"texto\">No estilo dos &#8220;<strong>h<\/strong><strong>eist films<\/strong>&#8221; (&#8220;filmes de assalto&#8221;, em portugu\u00eas), a produ\u00e7\u00e3o une <strong>com\u00e9dia e a\u00e7\u00e3o<\/strong> na hist\u00f3ria que traz Montenegro e<strong> Fontoura<\/strong> como ladr\u00f5es de banco. Na trama, os atores interpretam o casal Marta e Rodolfo.<\/p>\n<p class=\"texto\">Saturados da vida de aposentados, eles decidem recrutar os jovens assaltantes Nancy (<a href=\"https:\/\/www.opovo.com.br\/vidaearte\/2024\/11\/25\/amor-da-minha-vida-tudo-sobre-a-serie-da-disney-com-bruna-marquezine.html\" target=\"_self\" rel=\"nofollow noopener\"><strong>Bruna Marquezine<\/strong><\/a>) e Sid (<strong>Vladimir Brichta<\/strong>) para p\u00f4r em a\u00e7\u00e3o um elaborado plano de roubar um banco.\u00a0<\/p>\n<p class=\"texto\">O grande obst\u00e1culo do quarteto, entretanto, \u00e9 o detetive Oswaldo (<a href=\"https:\/\/www.opovo.com.br\/vidaearte\/cinema\/2024\/11\/25\/com-lazaro-ramos-novo-filme-de-allan-deberton-e-filmado-no-ceara.html[\" target=\"_self\" rel=\"nofollow noopener\"><strong>L\u00e1zaro Ramos<\/strong><\/a>). No encal\u00e7o dos criminosos, ele est\u00e1 obstinado a\u00a0impedir que o assalto aconte\u00e7a.<\/p>\n<p>Veja o trailer:<\/p>\n<p class=\"texto\">&#8220;Velhos Bandidos&#8221; \u00e9 dirigido por Claudio Torres, filho de Fernanda Montenegro e mesmo diretor de &#8220;O Homem do Futuro&#8221;, estrelado por <a href=\"https:\/\/www.opovo.com.br\/vidaearte\/cinema\/2025\/12\/08\/globo-de-ouro-wagner-moura-e-indicado-como-melhor-ator-confira-entrevista.html\" target=\"_self\" rel=\"nofollow noopener\">Wagner Moura<\/a>, e &#8220;A Mulher Invis\u00edvel&#8221;, com Luana Piovani e Selton Mello.<\/p>\n<p class=\"texto\">O elenco do novo filme do diretor esteve reunido na sexta-feira, 5, em painel de lan\u00e7amento na <strong>CCXP<\/strong>\u00a0-evento de cultura pop que ocorre anualmente em S\u00e3o Paulo.<\/p>\n<p class=\"texto\">Na ocasi\u00e3o, os atores compartilharam bastidores das grava\u00e7\u00f5es, falaram\u00a0sobre seus personagens e fizeram declara\u00e7\u00f5es\u00a0uns aos outros, protagonizando momentos de emo\u00e7\u00e3o e descontra\u00e7\u00e3o. O filme tem previs\u00e3o de <strong>estreia nos cinemas<\/strong> para mar\u00e7o de 2026.<\/p>\n","protected":false},"excerpt":{"rendered":"No estilo dos &#8220;heist films&#8221; (&#8220;filmes de assalto&#8221;, em portugu\u00eas), a produ\u00e7\u00e3o une com\u00e9dia e a\u00e7\u00e3o na hist\u00f3ria&hellip;\n","protected":false},"author":2,"featured_media":185374,"comment_status":"","ping_status":"","sticky":false,"template":"","format":"standard","meta":{"footnotes":""},"categories":[140],"tags":[114,115,147,148,146,32,33],"class_list":{"0":"post-185373","1":"post","2":"type-post","3":"status-publish","4":"format-standard","5":"has-post-thumbnail","7":"category-filmes","8":"tag-entertainment","9":"tag-entretenimento","10":"tag-film","11":"tag-filmes","12":"tag-movies","13":"tag-portugal","14":"tag-pt"},"share_on_mastodon":{"url":"https:\/\/pubeurope.com\/@pt\/115706749510670338","error":""},"_links":{"self":[{"href":"https:\/\/www.europesays.com\/pt\/wp-json\/wp\/v2\/posts\/185373","targetHints":{"allow":["GET"]}}],"collection":[{"href":"https:\/\/www.europesays.com\/pt\/wp-json\/wp\/v2\/posts"}],"about":[{"href":"https:\/\/www.europesays.com\/pt\/wp-json\/wp\/v2\/types\/post"}],"author":[{"embeddable":true,"href":"https:\/\/www.europesays.com\/pt\/wp-json\/wp\/v2\/users\/2"}],"replies":[{"embeddable":true,"href":"https:\/\/www.europesays.com\/pt\/wp-json\/wp\/v2\/comments?post=185373"}],"version-history":[{"count":0,"href":"https:\/\/www.europesays.com\/pt\/wp-json\/wp\/v2\/posts\/185373\/revisions"}],"wp:featuredmedia":[{"embeddable":true,"href":"https:\/\/www.europesays.com\/pt\/wp-json\/wp\/v2\/media\/185374"}],"wp:attachment":[{"href":"https:\/\/www.europesays.com\/pt\/wp-json\/wp\/v2\/media?parent=185373"}],"wp:term":[{"taxonomy":"category","embeddable":true,"href":"https:\/\/www.europesays.com\/pt\/wp-json\/wp\/v2\/categories?post=185373"},{"taxonomy":"post_tag","embeddable":true,"href":"https:\/\/www.europesays.com\/pt\/wp-json\/wp\/v2\/tags?post=185373"}],"curies":[{"name":"wp","href":"https:\/\/api.w.org\/{rel}","templated":true}]}}