{"id":185383,"date":"2025-12-12T13:12:32","date_gmt":"2025-12-12T13:12:32","guid":{"rendered":"https:\/\/www.europesays.com\/pt\/185383\/"},"modified":"2025-12-12T13:12:32","modified_gmt":"2025-12-12T13:12:32","slug":"foi-assustador-veterano-de-guerra-dos-eua-retirou-maria-corina-machado-da-venezuela","status":"publish","type":"post","link":"https:\/\/www.europesays.com\/pt\/185383\/","title":{"rendered":"&#8220;Foi assustador&#8221;. Veterano de guerra dos EUA retirou Mar\u00eda Corina Machado da Venezuela"},"content":{"rendered":"<p>        Bryan Stern, veterano de guerra norte-americano, retirou Mar\u00eda Corina Machado da Venezuela e levou-a at\u00e9 Oslo para receber o Pr\u00e9mio Nobel da Paz. Garante que n\u00e3o foi contratado por Donald Trump.    <\/p>\n<p>epa12444140 (FILE) Maria Corina Machado participates in a public event in support of Edmundo Gonzalez Urrutia (not pictured), the presidential candidate of the main opposition coalition, the Democratic Unitary Platform (PUD), in Caracas, Venezuela, 31 May 2024 (reissued 10 October 2025). The Norwegian Nobel Committee has announced at the Norwegian Nobel Institute in Oslo, Norway, 10 October 2025, to award the Nobel Peace Prize for 2025 to Venezuelan opposition leader Maria Corina Machado.  EPA\/RONALD PENA R.<\/p>\n<p>Bryan Stern, um veterano de guerra norte-americano que retirou Mar\u00eda Corina Machado da Venezuela por mar, recomendou \u00e0 l\u00edder da oposi\u00e7\u00e3o venezuelana que n\u00e3o regressasse ao pa\u00eds e garantiu n\u00e3o ter sido contratado pela Casa Branca.<\/p>\n<p class=\"text-paragraph\">O fundador do grupo Grey Bull Rescue, com sede em Tampa (Fl\u00f3rida), disse ao canal CBS que se encontrou com Corina Machado em alto mar e conseguiu lev\u00e1-la para um local secreto nas Cara\u00edbas, de onde a opositora venezuelana embarcou num avi\u00e3o com destino a Oslo para receber, na passada quarta-feira, o Pr\u00e9mio Nobel da Paz e reunir-se com a fam\u00edlia.<\/p>\n<p class=\"text-paragraph\">\u201cFoi perigoso. Foi assustador. As condi\u00e7\u00f5es do mar eram ideais para n\u00f3s, mas n\u00e3o eram \u00e1guas onde se quisesse estar. Quanto mais altas as ondas, mais dif\u00edcil \u00e9 para o radar ver. \u00c9 assim que funciona\u201d, disse Stern.<\/p>\n<p class=\"text-paragraph\">O ex-militar reconheceu que \u201cningu\u00e9m gostou da viagem, especialmente Mar\u00eda!\u201d.<\/p>\n<p class=\"text-paragraph\">Stern sublinhou ao canal que a Grey Bull n\u00e3o atua com fundos governamentais. \u201cO Governo dos Estados Unidos n\u00e3o contribuiu com um \u00fanico centavo, pelo menos que eu saiba\u201d, afirmou.<\/p>\n<p class=\"text-paragraph\">\u201cEu sou o profissional especializado em extra\u00e7\u00f5es e nunca fui contratado por Donald Trump\u201d, afirmou, negando vers\u00f5es que ligam o resgate ao c\u00edrculo do Presidente dos Estados Unidos.<\/p>\n<p class=\"text-paragraph\">O veterano de guerra negou que a recolha tenha sido em Cura\u00e7ao, assim como evitou falar a parte da opera\u00e7\u00e3o em terra. \u201cAinda temos trabalho na Venezuela e n\u00e3o queremos colocar em risco as pessoas, fontes ou m\u00e9todos envolvidos\u201d, justificou.<\/p>\n<p class=\"text-paragraph\">Quando se juntou a Mar\u00eda Corina Machado, disse Stern, \u201cestavam todos encharcados\u201d.<\/p>\n<p class=\"text-paragraph\">\u201cA minha equipa e eu est\u00e1vamos completamente molhados. Ela tamb\u00e9m estava com frio e molhada. Foi uma viagem muito dif\u00edcil\u201d, disse Stern, que destacou que a Pr\u00e9mio Nobel da Paz \u00e9 a pessoa de maior destaque que j\u00e1 resgatou.<\/p>\n","protected":false},"excerpt":{"rendered":"Bryan Stern, veterano de guerra norte-americano, retirou Mar\u00eda Corina Machado da Venezuela e levou-a at\u00e9 Oslo para receber&hellip;\n","protected":false},"author":2,"featured_media":185384,"comment_status":"","ping_status":"","sticky":false,"template":"","format":"standard","meta":{"footnotes":""},"categories":[50],"tags":[27,28,15,16,14,25,26,21,22,29493,62,12,13,19,20,37094,23,24,17,18,29,30,31,3023,63,64,65],"class_list":{"0":"post-185383","1":"post","2":"type-post","3":"status-publish","4":"format-standard","5":"has-post-thumbnail","7":"category-mundo","8":"tag-breaking-news","9":"tag-breakingnews","10":"tag-featured-news","11":"tag-featurednews","12":"tag-headlines","13":"tag-latest-news","14":"tag-latestnews","15":"tag-main-news","16":"tag-mainnews","17":"tag-maria-corina-machado","18":"tag-mundo","19":"tag-news","20":"tag-noticias","21":"tag-noticias-principais","22":"tag-noticiasprincipais","23":"tag-premio-nobel-da-paz","24":"tag-principais-noticias","25":"tag-principaisnoticias","26":"tag-top-stories","27":"tag-topstories","28":"tag-ultimas","29":"tag-ultimas-noticias","30":"tag-ultimasnoticias","31":"tag-venezuela","32":"tag-world","33":"tag-world-news","34":"tag-worldnews"},"share_on_mastodon":{"url":"https:\/\/pubeurope.com\/@pt\/115706773047760069","error":""},"_links":{"self":[{"href":"https:\/\/www.europesays.com\/pt\/wp-json\/wp\/v2\/posts\/185383","targetHints":{"allow":["GET"]}}],"collection":[{"href":"https:\/\/www.europesays.com\/pt\/wp-json\/wp\/v2\/posts"}],"about":[{"href":"https:\/\/www.europesays.com\/pt\/wp-json\/wp\/v2\/types\/post"}],"author":[{"embeddable":true,"href":"https:\/\/www.europesays.com\/pt\/wp-json\/wp\/v2\/users\/2"}],"replies":[{"embeddable":true,"href":"https:\/\/www.europesays.com\/pt\/wp-json\/wp\/v2\/comments?post=185383"}],"version-history":[{"count":0,"href":"https:\/\/www.europesays.com\/pt\/wp-json\/wp\/v2\/posts\/185383\/revisions"}],"wp:featuredmedia":[{"embeddable":true,"href":"https:\/\/www.europesays.com\/pt\/wp-json\/wp\/v2\/media\/185384"}],"wp:attachment":[{"href":"https:\/\/www.europesays.com\/pt\/wp-json\/wp\/v2\/media?parent=185383"}],"wp:term":[{"taxonomy":"category","embeddable":true,"href":"https:\/\/www.europesays.com\/pt\/wp-json\/wp\/v2\/categories?post=185383"},{"taxonomy":"post_tag","embeddable":true,"href":"https:\/\/www.europesays.com\/pt\/wp-json\/wp\/v2\/tags?post=185383"}],"curies":[{"name":"wp","href":"https:\/\/api.w.org\/{rel}","templated":true}]}}