{"id":185389,"date":"2025-12-12T13:17:19","date_gmt":"2025-12-12T13:17:19","guid":{"rendered":"https:\/\/www.europesays.com\/pt\/185389\/"},"modified":"2025-12-12T13:17:19","modified_gmt":"2025-12-12T13:17:19","slug":"casa-azurra-la-carbonera-vladimir-caballero-lorena-pulecio","status":"publish","type":"post","link":"https:\/\/www.europesays.com\/pt\/185389\/","title":{"rendered":"Casa Azurra la Carbonera \/ Vladimir Caballero + Lorena Pulecio"},"content":{"rendered":"<p><a class=\"js-image-size__link \" href=\"https:\/\/www.archdaily.com.br\/br\/1036718\/casa-azurra-la-carbonera-vladimir-caballero-plus-lorena-pulecio\/6932b5fd8ad81d017f30ce6f-casa-azurra-la-carbonera-vladimir-caballero-plus-lorena-pulecio-foto\" rel=\"attachment nofollow noopener\" style=\"width: 100%; height: 100%;\" target=\"_blank\"><img decoding=\"async\" alt=\"Casa Azurra la Carbonera \/ Vladimir Caballero + Lorena Pulecio - Imagem 1 de 20\" data-nr-picture-id=\"6932b5fd8ad81d017f30ce6f\" fetchpriority=\"high\" height=\"462\" itemprop=\"image\" loading=\"eager\" longdesc=\"https:\/\/www.archdaily.com.br\/br\/1036718\/casa-azurra-la-carbonera-vladimir-caballero-plus-lorena-pulecio\/6932b5fd8ad81d017f30ce6f-casa-azurra-la-carbonera-vladimir-caballero-plus-lorena-pulecio-foto\" src=\"https:\/\/www.europesays.com\/pt\/wp-content\/uploads\/2025\/12\/casa-azurra-la-carbonera-vladimir-caballero-plus-lorena-pulecio_11.jpg\" style=\"min-height: var(--featured-height, auto); aspect-ratio: auto 640 \/ 462\" width=\"640\"\/><\/a>\u00a9 Monica Barreneche<\/p>\n<p class=\"thumbs afd-desktop-e clearfix\"><a class=\"thumbs__link\" data-nr-picture-id=\"6932b5fd243c4d5a49876b28\" href=\"https:\/\/www.archdaily.com.br\/br\/1036718\/casa-azurra-la-carbonera-vladimir-caballero-plus-lorena-pulecio\/6932b5fd243c4d5a49876b28-casa-azurra-la-carbonera-vladimir-caballero-plus-lorena-pulecio-foto\" rel=\"attachment nofollow noopener\" target=\"_blank\"><img loading=\"lazy\" decoding=\"async\" alt=\"Casa Azurra la Carbonera \/ Vladimir Caballero + Lorena Pulecio - Fotografia de Exterior, Balc\u00e3o, P\u00e1tio, Cadeira, Aido\" class=\"thumbs__img b-lazy\" data-nr-picture-id=\"6932b5fd243c4d5a49876b28\" data-pin-nopin=\"true\" src=\"https:\/\/www.europesays.com\/pt\/wp-content\/uploads\/2025\/12\/casa-azurra-la-carbonera-vladimir-caballero-plus-lorena-pulecio_1.jpg\" height=\"125\" longdesc=\"https:\/\/www.archdaily.com.br\/br\/1036718\/casa-azurra-la-carbonera-vladimir-caballero-plus-lorena-pulecio\/6932b5fd243c4d5a49876b28-casa-azurra-la-carbonera-vladimir-caballero-plus-lorena-pulecio-foto\" title=\"\u00a9 Monica Barreneche\" width=\"125\"\/><\/a><a class=\"thumbs__link\" data-nr-picture-id=\"6932b68bd7d6cc59e9edc4f1\" href=\"https:\/\/www.archdaily.com.br\/br\/1036718\/casa-azurra-la-carbonera-vladimir-caballero-plus-lorena-pulecio\/6932b68bd7d6cc59e9edc4f1-casa-azurra-la-carbonera-vladimir-caballero-plus-lorena-pulecio-foto\" rel=\"attachment nofollow noopener\" target=\"_blank\"><img loading=\"lazy\" decoding=\"async\" alt=\"Casa Azurra la Carbonera \/ Vladimir Caballero + Lorena Pulecio - Imagem 3 de 20\" class=\"thumbs__img b-lazy\" data-nr-picture-id=\"6932b68bd7d6cc59e9edc4f1\" data-pin-nopin=\"true\" src=\"https:\/\/www.europesays.com\/pt\/wp-content\/uploads\/2025\/12\/casa-azurra-la-carbonera-vladimir-caballero-plus-lorena-pulecio_7.jpg\" height=\"125\" longdesc=\"https:\/\/www.archdaily.com.br\/br\/1036718\/casa-azurra-la-carbonera-vladimir-caballero-plus-lorena-pulecio\/6932b68bd7d6cc59e9edc4f1-casa-azurra-la-carbonera-vladimir-caballero-plus-lorena-pulecio-foto\" title=\"\u00a9 Monica Barreneche\" width=\"125\"\/><\/a><a class=\"thumbs__link\" data-nr-picture-id=\"6932b5fd243c4d5a49876b26\" href=\"https:\/\/www.archdaily.com.br\/br\/1036718\/casa-azurra-la-carbonera-vladimir-caballero-plus-lorena-pulecio\/6932b5fd243c4d5a49876b26-casa-azurra-la-carbonera-vladimir-caballero-plus-lorena-pulecio-foto\" rel=\"attachment nofollow noopener\" target=\"_blank\"><img loading=\"lazy\" decoding=\"async\" alt=\"Casa Azurra la Carbonera \/ Vladimir Caballero + Lorena Pulecio - Fotografia de Interiores, Madeira, Cadeira, Dormit\u00f3rio\" class=\"thumbs__img b-lazy\" data-nr-picture-id=\"6932b5fd243c4d5a49876b26\" data-pin-nopin=\"true\" src=\"https:\/\/www.europesays.com\/pt\/wp-content\/uploads\/2025\/12\/1765545434_967_casa-azurra-la-carbonera-vladimir-caballero-plus-lorena-pulecio_7.jpg\" height=\"125\" longdesc=\"https:\/\/www.archdaily.com.br\/br\/1036718\/casa-azurra-la-carbonera-vladimir-caballero-plus-lorena-pulecio\/6932b5fd243c4d5a49876b26-casa-azurra-la-carbonera-vladimir-caballero-plus-lorena-pulecio-foto\" title=\"\u00a9 Monica Barreneche\" width=\"125\"\/><\/a><a class=\"thumbs__link\" data-nr-picture-id=\"6932b5fdd7d6cc59e9edc4ee\" href=\"https:\/\/www.archdaily.com.br\/br\/1036718\/casa-azurra-la-carbonera-vladimir-caballero-plus-lorena-pulecio\/6932b5fdd7d6cc59e9edc4ee-casa-azurra-la-carbonera-vladimir-caballero-plus-lorena-pulecio-foto\" rel=\"attachment nofollow noopener\" target=\"_blank\"><img loading=\"lazy\" decoding=\"async\" alt=\"Casa Azurra la Carbonera \/ Vladimir Caballero + Lorena Pulecio - Imagem 5 de 20\" class=\"thumbs__img b-lazy\" data-nr-picture-id=\"6932b5fdd7d6cc59e9edc4ee\" data-pin-nopin=\"true\" src=\"https:\/\/www.europesays.com\/pt\/wp-content\/uploads\/2025\/12\/casa-azurra-la-carbonera-vladimir-caballero-plus-lorena-pulecio_13.jpg\" height=\"125\" longdesc=\"https:\/\/www.archdaily.com.br\/br\/1036718\/casa-azurra-la-carbonera-vladimir-caballero-plus-lorena-pulecio\/6932b5fdd7d6cc59e9edc4ee-casa-azurra-la-carbonera-vladimir-caballero-plus-lorena-pulecio-foto\" title=\"\u00a9 Monica Barreneche\" width=\"125\"\/><\/a><a class=\"gallery-link afd-desktop-e\" href=\"https:\/\/www.archdaily.com.br\/br\/1036718\/casa-azurra-la-carbonera-vladimir-caballero-plus-lorena-pulecio\/6932b5fd8ad81d017f30ce6f-casa-azurra-la-carbonera-vladimir-caballero-plus-lorena-pulecio-foto\" rel=\"nofollow noopener\" target=\"_blank\"><img decoding=\"async\" alt=\"Casa Azurra la Carbonera \/ Vladimir Caballero + Lorena Pulecio - Mais Imagens\" class=\"thumbs__img b-lazy\" src=\"https:\/\/www.europesays.com\/pt\/wp-content\/uploads\/2025\/12\/casa-azurra-la-carbonera-vladimir-caballero-plus-lorena-pulecio_11.jpg\" itemprop=\"image\" bad-src=\"data:image\/gif;base64,R0lGODlhAQABAIAAAAUEBAAAACwAAAAAAQABAAACAkQBADs=\"\/>+ 15<\/a><\/p>\n<p>    Compartilhar<\/p>\n<p>Compartilhar<\/p>\n<ul class=\"afd-share__networks clearfix\">\n<li class=\"afd-share__social\"><a aria-label=\"Facebook\" class=\"afd-share__button\" data-insights-category=\"share\" data-insights-label=\"facebook_sharing_options\" data-insights-value=\"1036718\" data-social=\"facebook\" href=\"https:\/\/www.facebook.com\/sharer\/sharer.php?u=https:\/\/www.archdaily.com.br\/br\/1036718\/casa-azurra-la-carbonera-vladimir-caballero-plus-lorena-pulecio\" rel=\"nofollow noopener\" target=\"_blank\"><\/a>\n<p>Facebook<\/p>\n<\/li>\n<li class=\"afd-share__social\"><a aria-label=\"Twitter\" class=\"afd-share__button\" data-insights-category=\"share\" data-insights-label=\"twitter_sharing_options\" data-insights-value=\"1036718\" data-social=\"twitter\" href=\"https:\/\/twitter.com\/intent\/tweet?text=Casa%20Azurra%20la%20Carbonera%20%2F%20Vladimir%20Caballero%20%2B%20Lorena%20Pulecio&amp;url=https:\/\/www.archdaily.com.br\/br\/1036718\/casa-azurra-la-carbonera-vladimir-caballero-plus-lorena-pulecio&amp;via=archdailybr\" rel=\"nofollow noopener\" target=\"_blank\"><\/a>\n<p>Twitter<\/p>\n<\/li>\n<li class=\"afd-share__social\"><a class=\"afd-share__button\" data-insights-category=\"share\" data-insights-label=\"email_sharing_options\" data-insights-value=\"1036718\" data-social=\"email\" href=\"mailto:?subject=Casa Azurra la Carbonera \/ Vladimir Caballero + Lorena Pulecio&amp;body=https:\/\/www.archdaily.com.br\/br\/1036718\/casa-azurra-la-carbonera-vladimir-caballero-plus-lorena-pulecio\"><\/a>\n<p>Mail<\/p>\n<\/li>\n<li class=\"afd-share__social\"><a aria-label=\"Pinterest\" class=\"afd-share__button\" data-insights-category=\"share\" data-insights-label=\"pinterest_sharing_options\" data-insights-value=\"1036718\" data-social=\"pinterest\" href=\"https:\/\/pinterest.com\/pin\/create\/button\/?url=https%3A%2F%2Fwww.archdaily.com.br%2Fbr%2F1036718%2Fcasa-azurra-la-carbonera-vladimir-caballero-plus-lorena-pulecio&amp;media=https%3A%2F%2Fimages.adsttc.com%2Fmedia%2Fimages%2F6932%2Fb5fd%2F8ad8%2F1d01%2F7f30%2Fce6f%2Flarge_jpg%2Fcasa-azurra-la-carbonera-vladimir-caballero-plus-lorena-pulecio_11.jpg%3F1764931111&amp;description=Casa%20Azurra%20la%20Carbonera%20%2F%20Vladimir%20Caballero%20%2B%20Lorena%20Pulecio\" rel=\"nofollow noopener\" target=\"_blank\"><\/a>\n<p>Pinterest<\/p>\n<\/li>\n<li class=\"afd-share__social\"><a aria-label=\"Whatsapp\" class=\"afd-share__button\" data-action=\"share\/whatsapp\/share\" data-insights-category=\"share\" data-insights-label=\"whatsapp_sharing_options\" data-insights-value=\"1036718\" data-social=\"whatsapp\" href=\"whatsapp:\/\/send?text=Casa+Azurra+la+Carbonera+%2F+Vladimir+Caballero+%2B+Lorena+Pulecio+%7C+https%3A%2F%2Fwww.archdaily.com.br%2Fbr%2F1036718%2Fcasa-azurra-la-carbonera-vladimir-caballero-plus-lorena-pulecio%3Futm_source%3DWhatsapp%26utm_medium%3DIM%26utm_campaign%3Dshare-button\" rel=\"nofollow\"><\/a>\n<p>Whatsapp<\/p>\n<\/li>\n<\/ul>\n<p>Ou<\/p>\n<p>https:\/\/www.archdaily.com.br\/br\/1036718\/casa-azurra-la-carbonera-vladimir-caballero-plus-lorena-pulecio<br \/>\n<a class=\"js-image-size__link lazy-anchor\" href=\"https:\/\/www.archdaily.com.br\/br\/1036718\/casa-azurra-la-carbonera-vladimir-caballero-plus-lorena-pulecio\/6932b5fd243c4d5a49876b26-casa-azurra-la-carbonera-vladimir-caballero-plus-lorena-pulecio-foto\" rel=\"nofollow noopener\" target=\"_blank\"><img decoding=\"async\" alt=\"Casa Azurra la Carbonera \/ Vladimir Caballero + Lorena Pulecio - Fotografia de Interiores, Madeira, Cadeira, Dormit\u00f3rio\" data-nr-picture-id=\"6932b5fd243c4d5a49876b26\" height=\"427\" itemprop=\"image\" loading=\"lazy\" longdesc=\"https:\/\/www.archdaily.com.br\/br\/1036718\/casa-azurra-la-carbonera-vladimir-caballero-plus-lorena-pulecio\/6932b5fd243c4d5a49876b26-casa-azurra-la-carbonera-vladimir-caballero-plus-lorena-pulecio-foto\" src=\"https:\/\/www.europesays.com\/pt\/wp-content\/uploads\/2025\/12\/1765545434_751_casa-azurra-la-carbonera-vladimir-caballero-plus-lorena-pulecio_7.jpg\" width=\"640\"\/>\u00a9 Monica Barreneche<\/a><\/p>\n<p>Descri\u00e7\u00e3o enviada pela equipe de projeto. Este projeto arquitet\u00f4nico na cidade antiga de Cartagena demonstra que o luxo n\u00e3o depende do excesso nem da opul\u00eancia, mas pode se integrar sutilmente na vida cotidiana de forma simples e \u00e0s vezes invis\u00edvel.<\/p>\n<p><a class=\"js-image-size__link lazy-anchor\" href=\"https:\/\/www.archdaily.com.br\/br\/1036718\/casa-azurra-la-carbonera-vladimir-caballero-plus-lorena-pulecio\/6932b5fd8ad81d017f30ce6c-casa-azurra-la-carbonera-vladimir-caballero-plus-lorena-pulecio-foto\" rel=\"nofollow noopener\" target=\"_blank\"><img decoding=\"async\" alt=\"Casa Azurra la Carbonera \/ Vladimir Caballero + Lorena Pulecio - Fotografia de Interiores\" data-nr-picture-id=\"6932b5fd8ad81d017f30ce6c\" height=\"427\" itemprop=\"image\" loading=\"lazy\" longdesc=\"https:\/\/www.archdaily.com.br\/br\/1036718\/casa-azurra-la-carbonera-vladimir-caballero-plus-lorena-pulecio\/6932b5fd8ad81d017f30ce6c-casa-azurra-la-carbonera-vladimir-caballero-plus-lorena-pulecio-foto\" src=\"https:\/\/www.europesays.com\/pt\/wp-content\/uploads\/2025\/12\/casa-azurra-la-carbonera-vladimir-caballero-plus-lorena-pulecio_3.jpg\" width=\"640\"\/>\u00a9 Monica Barreneche<\/a><\/p>\n<p data-start=\"110\" data-end=\"1126\" data-is-last-node=\"\" data-is-only-node=\"\">A arquitetura colonial dom\u00e9stica de Cartagena caracteriza-se por elementos tradicionais muito espec\u00edficos, como port\u00f5es de madeira refor\u00e7ados com estoperoles \u2014 tachas met\u00e1licas decorativas \u2014 e adornados com as cl\u00e1ssicas aldravas em metal usadas como batentes; janelas que se projetam para fora da fachada e exibem bala\u00fastres de madeira; al\u00e9m de coberturas, varandas coloniais, o hall de entrada e as galerias que organizam a distribui\u00e7\u00e3o interna at\u00e9 o p\u00e1tio central. Todos esses componentes t\u00eam origem na arquitetura espanhola e, por influ\u00eancia, na tradi\u00e7\u00e3o \u00e1rabe, formando uma heran\u00e7a que, ao longo dos s\u00e9culos, se adaptou aos usos cotidianos e passou a expressar o modo de vida caribenho. \u00c9 nesse contexto que se insere a Rua da Carbonera \u2014 assim chamada por ter sido, no passado, regi\u00e3o de armazenamento de carv\u00e3o \u2014, ponto de partida para o nome e a localiza\u00e7\u00e3o do projeto mais recente da designer de interiores Lorena Pulecio e do arquiteto Vladimir Caballero.\u00a0<\/p>\n<p>&#13;<br \/>\n<a class=\"js-image-size__link lazy-anchor\" href=\"https:\/\/www.archdaily.com.br\/br\/1036718\/casa-azurra-la-carbonera-vladimir-caballero-plus-lorena-pulecio\/6932b68bd7d6cc59e9edc4f1-casa-azurra-la-carbonera-vladimir-caballero-plus-lorena-pulecio-foto\" rel=\"nofollow noopener\" target=\"_blank\"><img decoding=\"async\" alt=\"Casa Azurra la Carbonera \/ Vladimir Caballero + Lorena Pulecio - Imagem 3 de 20\" data-nr-picture-id=\"6932b68bd7d6cc59e9edc4f1\" height=\"427\" itemprop=\"image\" loading=\"lazy\" longdesc=\"https:\/\/www.archdaily.com.br\/br\/1036718\/casa-azurra-la-carbonera-vladimir-caballero-plus-lorena-pulecio\/6932b68bd7d6cc59e9edc4f1-casa-azurra-la-carbonera-vladimir-caballero-plus-lorena-pulecio-foto\" src=\"https:\/\/www.europesays.com\/pt\/wp-content\/uploads\/2025\/12\/1765545435_983_casa-azurra-la-carbonera-vladimir-caballero-plus-lorena-pulecio_7.jpg\" width=\"640\"\/>\u00a9 Monica Barreneche<\/a><a class=\"js-image-size__link lazy-anchor\" href=\"https:\/\/www.archdaily.com.br\/br\/1036718\/casa-azurra-la-carbonera-vladimir-caballero-plus-lorena-pulecio\/6932b5fd243c4d74fc2d8961-casa-azurra-la-carbonera-vladimir-caballero-plus-lorena-pulecio-foto\" rel=\"nofollow noopener\" target=\"_blank\"><img decoding=\"async\" alt=\"Casa Azurra la Carbonera \/ Vladimir Caballero + Lorena Pulecio - Imagem 13 de 20\" data-nr-picture-id=\"6932b5fd243c4d74fc2d8961\" height=\"427\" itemprop=\"image\" loading=\"lazy\" longdesc=\"https:\/\/www.archdaily.com.br\/br\/1036718\/casa-azurra-la-carbonera-vladimir-caballero-plus-lorena-pulecio\/6932b5fd243c4d74fc2d8961-casa-azurra-la-carbonera-vladimir-caballero-plus-lorena-pulecio-foto\" src=\"https:\/\/www.europesays.com\/pt\/wp-content\/uploads\/2025\/12\/casa-azurra-la-carbonera-vladimir-caballero-plus-lorena-pulecio_12.jpg\" width=\"640\"\/>\u00a9 Monica Barreneche<\/a><\/p>\n<p>Ap\u00f3s o sucesso de seu projeto anterior em Getseman\u00ed \u2014 um bairro oper\u00e1rio, afastado do centro hist\u00f3rico \u2014, Lorena quis reinterpretar o estilo que havia criado junto a Vladimir. Desta vez, decidiu lev\u00e1-lo a um enfoque mais luxuoso e minimalista.<\/p>\n<p><a class=\"js-image-size__link lazy-anchor\" href=\"https:\/\/www.archdaily.com.br\/br\/1036718\/casa-azurra-la-carbonera-vladimir-caballero-plus-lorena-pulecio\/6932b5fd243c4d5a49876b27-casa-azurra-la-carbonera-vladimir-caballero-plus-lorena-pulecio-foto\" rel=\"nofollow noopener\" target=\"_blank\"><img decoding=\"async\" alt=\"Casa Azurra la Carbonera \/ Vladimir Caballero + Lorena Pulecio - Fotografia de Interiores, Cozinha, Madeira, Bancada\" data-nr-picture-id=\"6932b5fd243c4d5a49876b27\" height=\"427\" itemprop=\"image\" loading=\"lazy\" longdesc=\"https:\/\/www.archdaily.com.br\/br\/1036718\/casa-azurra-la-carbonera-vladimir-caballero-plus-lorena-pulecio\/6932b5fd243c4d5a49876b27-casa-azurra-la-carbonera-vladimir-caballero-plus-lorena-pulecio-foto\" src=\"https:\/\/www.europesays.com\/pt\/wp-content\/uploads\/2025\/12\/casa-azurra-la-carbonera-vladimir-caballero-plus-lorena-pulecio_6.jpg\" width=\"640\"\/>\u00a9 Monica Barreneche<\/a><a class=\"js-image-size__link lazy-anchor\" href=\"https:\/\/www.archdaily.com.br\/br\/1036718\/casa-azurra-la-carbonera-vladimir-caballero-plus-lorena-pulecio\/6932b68bd7d6cc59e9edc4f0-casa-azurra-la-carbonera-vladimir-caballero-plus-lorena-pulecio-foto\" rel=\"nofollow noopener\" target=\"_blank\"><img decoding=\"async\" alt=\"Casa Azurra la Carbonera \/ Vladimir Caballero + Lorena Pulecio - Imagem 14 de 20\" data-nr-picture-id=\"6932b68bd7d6cc59e9edc4f0\" height=\"427\" itemprop=\"image\" loading=\"lazy\" longdesc=\"https:\/\/www.archdaily.com.br\/br\/1036718\/casa-azurra-la-carbonera-vladimir-caballero-plus-lorena-pulecio\/6932b68bd7d6cc59e9edc4f0-casa-azurra-la-carbonera-vladimir-caballero-plus-lorena-pulecio-foto\" src=\"https:\/\/www.europesays.com\/pt\/wp-content\/uploads\/2025\/12\/casa-azurra-la-carbonera-vladimir-caballero-plus-lorena-pulecio_2.jpg\" width=\"640\"\/>\u00a9 Monica Barreneche<\/a><\/p>\n<p data-start=\"88\" data-end=\"449\" data-is-last-node=\"\" data-is-only-node=\"\">\u201c\u00c9 como entrar em uma vers\u00e3o evolu\u00edda da casa anterior. L\u00e1 predominavam o acolhimento e os tons terrosos; aqui, exploramos texturas e nuances mais frias\u201d, comenta a designer. Ainda assim, a resid\u00eancia preserva uma atmosfera convidativa \u2014 um al\u00edvio para o olhar, especialmente valorizado em meio ao centro hist\u00f3rico da cidade, sempre vibrante e repleto de cores.<\/p>\n<p>&#13;<br \/>\n<a class=\"js-image-size__link lazy-anchor\" href=\"https:\/\/www.archdaily.com.br\/br\/1036718\/casa-azurra-la-carbonera-vladimir-caballero-plus-lorena-pulecio\/6932b68dd7d6cc59e9edc4f2-casa-azurra-la-carbonera-vladimir-caballero-plus-lorena-pulecio-foto\" rel=\"nofollow noopener\" target=\"_blank\"><img decoding=\"async\" alt=\"Casa Azurra la Carbonera \/ Vladimir Caballero + Lorena Pulecio - Fotografia de Interiores, Sala de Estar, Madeira, Ilumina\u00e7\u00e3o, Sof\u00e1, Mesa\" data-nr-picture-id=\"6932b68dd7d6cc59e9edc4f2\" height=\"427\" itemprop=\"image\" loading=\"lazy\" longdesc=\"https:\/\/www.archdaily.com.br\/br\/1036718\/casa-azurra-la-carbonera-vladimir-caballero-plus-lorena-pulecio\/6932b68dd7d6cc59e9edc4f2-casa-azurra-la-carbonera-vladimir-caballero-plus-lorena-pulecio-foto\" src=\"https:\/\/www.europesays.com\/pt\/wp-content\/uploads\/2025\/12\/1765545437_574_casa-azurra-la-carbonera-vladimir-caballero-plus-lorena-pulecio_1.jpg\" width=\"640\"\/>\u00a9 Monica Barreneche<\/a><\/p>\n<p data-start=\"109\" data-end=\"801\" data-is-last-node=\"\" data-is-only-node=\"\">Essa serenidade visual se torna palp\u00e1vel gra\u00e7as aos materiais escolhidos e \u00e0 forma como Lorena e Vladimir os aplicaram, mas sobretudo pelos jogos de volumes que envolvem o morador no ato de habitar a casa \u2014 um acolhimento que, em vez de limitar, liberta. Da constru\u00e7\u00e3o original, preservou-se apenas o estilo da fachada; os demais 588 m2 foram erguidos do zero, sempre em respeito aos par\u00e2metros patrimoniais. \u201cDestacamos o que h\u00e1 de mais essencial nessa tipologia, tanto do ponto de vista espacial quanto construtivo, criando um jogo de ambientes e volumes onde o esp\u00edrito da nossa arquitetura colonial permanece, agora revestido por elementos contempor\u00e2neos\u201d, explica o arquiteto colombiano.<\/p>\n<p>&#13;<br \/>\n<a class=\"js-image-size__link lazy-anchor\" href=\"https:\/\/www.archdaily.com.br\/br\/1036718\/casa-azurra-la-carbonera-vladimir-caballero-plus-lorena-pulecio\/6932b68b243c4d5a49876b29-casa-azurra-la-carbonera-vladimir-caballero-plus-lorena-pulecio-foto\" rel=\"nofollow noopener\" target=\"_blank\"><img decoding=\"async\" alt=\"Casa Azurra la Carbonera \/ Vladimir Caballero + Lorena Pulecio - Fotografia de Interiores, Dormit\u00f3rio, Cama\" data-nr-picture-id=\"6932b68b243c4d5a49876b29\" height=\"427\" itemprop=\"image\" loading=\"lazy\" longdesc=\"https:\/\/www.archdaily.com.br\/br\/1036718\/casa-azurra-la-carbonera-vladimir-caballero-plus-lorena-pulecio\/6932b68b243c4d5a49876b29-casa-azurra-la-carbonera-vladimir-caballero-plus-lorena-pulecio-foto\" src=\"https:\/\/www.europesays.com\/pt\/wp-content\/uploads\/2025\/12\/casa-azurra-la-carbonera-vladimir-caballero-plus-lorena-pulecio_5.jpg\" width=\"640\"\/>\u00a9 Monica Barreneche<\/a><a class=\"js-image-size__link lazy-anchor\" href=\"https:\/\/www.archdaily.com.br\/br\/1036718\/casa-azurra-la-carbonera-vladimir-caballero-plus-lorena-pulecio\/6932b67f8ad81d017f30ce71-casa-azurra-la-carbonera-vladimir-caballero-plus-lorena-pulecio-foto\" rel=\"nofollow noopener\" target=\"_blank\"><img decoding=\"async\" alt=\"Casa Azurra la Carbonera \/ Vladimir Caballero + Lorena Pulecio - Fotografia de Interiores, Banheiro, Concreto, Pia\" data-nr-picture-id=\"6932b67f8ad81d017f30ce71\" height=\"427\" itemprop=\"image\" loading=\"lazy\" longdesc=\"https:\/\/www.archdaily.com.br\/br\/1036718\/casa-azurra-la-carbonera-vladimir-caballero-plus-lorena-pulecio\/6932b67f8ad81d017f30ce71-casa-azurra-la-carbonera-vladimir-caballero-plus-lorena-pulecio-foto\" src=\"https:\/\/www.europesays.com\/pt\/wp-content\/uploads\/2025\/12\/1765545438_825_casa-azurra-la-carbonera-vladimir-caballero-plus-lorena-pulecio_1.jpg\" width=\"640\"\/>\u00a9 Monica Barreneche<\/a><\/p>\n<p data-start=\"119\" data-end=\"463\" data-is-last-node=\"\" data-is-only-node=\"\">A Casa da Carbonera se distribui em quatro andares e, com seu estilo de casa geminada, revela uma variedade de espa\u00e7os habit\u00e1veis: sal\u00e3o principal, cozinha integrada, sala de jantar, escrit\u00f3rio, foyer, sala auxiliar, piscina, terra\u00e7os, jacuzzi, banheiros e cinco quartos preparados para receber confortavelmente mais de uma d\u00fazia de convidados.<\/p>\n<p>&#13;<br \/>\n<a class=\"js-image-size__link lazy-anchor\" href=\"https:\/\/www.archdaily.com.br\/br\/1036718\/casa-azurra-la-carbonera-vladimir-caballero-plus-lorena-pulecio\/6932b68b8ad81d017f30ce73-casa-azurra-la-carbonera-vladimir-caballero-plus-lorena-pulecio-foto\" rel=\"nofollow noopener\" target=\"_blank\"><img decoding=\"async\" alt=\"Casa Azurra la Carbonera \/ Vladimir Caballero + Lorena Pulecio - Imagem 18 de 20\" data-nr-picture-id=\"6932b68b8ad81d017f30ce73\" height=\"427\" itemprop=\"image\" loading=\"lazy\" longdesc=\"https:\/\/www.archdaily.com.br\/br\/1036718\/casa-azurra-la-carbonera-vladimir-caballero-plus-lorena-pulecio\/6932b68b8ad81d017f30ce73-casa-azurra-la-carbonera-vladimir-caballero-plus-lorena-pulecio-foto\" src=\"https:\/\/www.europesays.com\/pt\/wp-content\/uploads\/2025\/12\/1765545438_786_casa-azurra-la-carbonera-vladimir-caballero-plus-lorena-pulecio_6.jpg\" width=\"640\"\/>\u00a9 Monica Barreneche<\/a><\/p>\n<p data-start=\"98\" data-end=\"766\" data-is-last-node=\"\" data-is-only-node=\"\">Al\u00e9m de sua distribui\u00e7\u00e3o estrat\u00e9gica, a ess\u00eancia da casa se revela nos detalhes. \u201cDesde o momento em que se cruza a entrada, a conserva\u00e7\u00e3o das paredes de pedra, o respeito pelas propor\u00e7\u00f5es e pelos sistemas construtivos do hall e do sal\u00e3o principal \u2014 ambos cobertos por um telhado colonial de duas \u00e1guas com telhas de barro \u2014, somados a elementos decorativos como m\u00edsulas e outros ornamentos, fazem desta arquitetura um dos legados mais significativos do per\u00edodo colonial. Toda a casa \u00e9 um jogo de matizes que permite ao projeto atender \u00e0s demandas contempor\u00e2neas sem perder o v\u00ednculo com os valores arquitet\u00f4nicos que herdamos\u201d, acrescenta Vladimir.<\/p>\n<p>&#13;<br \/>\n<a class=\"js-image-size__link lazy-anchor\" href=\"https:\/\/www.archdaily.com.br\/br\/1036718\/casa-azurra-la-carbonera-vladimir-caballero-plus-lorena-pulecio\/6932b5fd243c4d5a49876b28-casa-azurra-la-carbonera-vladimir-caballero-plus-lorena-pulecio-foto\" rel=\"nofollow noopener\" target=\"_blank\"><img decoding=\"async\" alt=\"Casa Azurra la Carbonera \/ Vladimir Caballero + Lorena Pulecio - Fotografia de Exterior, Balc\u00e3o, P\u00e1tio, Cadeira, Aido\" data-nr-picture-id=\"6932b5fd243c4d5a49876b28\" height=\"427\" itemprop=\"image\" loading=\"lazy\" longdesc=\"https:\/\/www.archdaily.com.br\/br\/1036718\/casa-azurra-la-carbonera-vladimir-caballero-plus-lorena-pulecio\/6932b5fd243c4d5a49876b28-casa-azurra-la-carbonera-vladimir-caballero-plus-lorena-pulecio-foto\" src=\"https:\/\/www.europesays.com\/pt\/wp-content\/uploads\/2025\/12\/1765545438_990_casa-azurra-la-carbonera-vladimir-caballero-plus-lorena-pulecio_1.jpg\" width=\"640\"\/>\u00a9 Monica Barreneche<\/a><\/p>\n<p data-start=\"101\" data-end=\"723\" data-is-last-node=\"\" data-is-only-node=\"\">Pulecio prop\u00f5e texturas que evocam frescor e leveza, come\u00e7ando pela cer\u00e2mica cinza de origem italiana que reveste grande parte dos pisos da casa. Outros materiais ganham destaque, como o alum\u00ednio e o porcelanato marmorizado nos banheiros, as madeiras claras e brancas, os t\u00eaxteis em linho e algod\u00e3o e as malhas met\u00e1licas presentes na ilumina\u00e7\u00e3o, entre muitos outros. A proposta de interiores busca promover relaxamento e serenidade, gra\u00e7as \u00e0 paleta escolhida por Lorena e ao impacto positivo que essas tonalidades exercem sobre o bem-estar humano, transformando a casa em um pequeno o\u00e1sis oculto dentro da cidade murada.<\/p>\n<p>&#13;<br \/>\n<a class=\"js-image-size__link lazy-anchor\" href=\"https:\/\/www.archdaily.com.br\/br\/1036718\/casa-azurra-la-carbonera-vladimir-caballero-plus-lorena-pulecio\/6932b5fdd7d6cc59e9edc4ee-casa-azurra-la-carbonera-vladimir-caballero-plus-lorena-pulecio-foto\" rel=\"nofollow noopener\" target=\"_blank\"><img decoding=\"async\" alt=\"Casa Azurra la Carbonera \/ Vladimir Caballero + Lorena Pulecio - Imagem 5 de 20\" data-nr-picture-id=\"6932b5fdd7d6cc59e9edc4ee\" height=\"427\" itemprop=\"image\" loading=\"lazy\" longdesc=\"https:\/\/www.archdaily.com.br\/br\/1036718\/casa-azurra-la-carbonera-vladimir-caballero-plus-lorena-pulecio\/6932b5fdd7d6cc59e9edc4ee-casa-azurra-la-carbonera-vladimir-caballero-plus-lorena-pulecio-foto\" src=\"https:\/\/www.europesays.com\/pt\/wp-content\/uploads\/2025\/12\/1765545439_73_casa-azurra-la-carbonera-vladimir-caballero-plus-lorena-pulecio_13.jpg\" width=\"640\"\/>\u00a9 Monica Barreneche<\/a><script async src=\"https:\/\/platform.twitter.com\/widgets.js\" charset=\"utf-8\"><\/script><\/p>\n","protected":false},"excerpt":{"rendered":"\u00a9 Monica Barreneche + 15 Compartilhar Compartilhar Facebook Twitter Mail Pinterest Whatsapp Ou https:\/\/www.archdaily.com.br\/br\/1036718\/casa-azurra-la-carbonera-vladimir-caballero-plus-lorena-pulecio \u00a9 Monica Barreneche Descri\u00e7\u00e3o&hellip;\n","protected":false},"author":2,"featured_media":185390,"comment_status":"","ping_status":"","sticky":false,"template":"","format":"standard","meta":{"footnotes":""},"categories":[144],"tags":[16147,304,207,205,206,203,201,202,37714,204,114,115,9844,32,33,8755,2503],"class_list":{"0":"post-185389","1":"post","2":"type-post","3":"status-publish","4":"format-standard","5":"has-post-thumbnail","7":"category-arte-e-design","8":"tag-alojamentos","9":"tag-arquitetura","10":"tag-arte","11":"tag-arte-e-design","12":"tag-artedesign","13":"tag-arts","14":"tag-arts-and-design","15":"tag-artsanddesign","16":"tag-cartagena-de-indias","17":"tag-design","18":"tag-entertainment","19":"tag-entretenimento","20":"tag-hospitalidade-e-entretenimento","21":"tag-portugal","22":"tag-pt","23":"tag-remodelacao","24":"tag-restauracao"},"share_on_mastodon":{"url":"https:\/\/pubeurope.com\/@pt\/115706793325134807","error":""},"_links":{"self":[{"href":"https:\/\/www.europesays.com\/pt\/wp-json\/wp\/v2\/posts\/185389","targetHints":{"allow":["GET"]}}],"collection":[{"href":"https:\/\/www.europesays.com\/pt\/wp-json\/wp\/v2\/posts"}],"about":[{"href":"https:\/\/www.europesays.com\/pt\/wp-json\/wp\/v2\/types\/post"}],"author":[{"embeddable":true,"href":"https:\/\/www.europesays.com\/pt\/wp-json\/wp\/v2\/users\/2"}],"replies":[{"embeddable":true,"href":"https:\/\/www.europesays.com\/pt\/wp-json\/wp\/v2\/comments?post=185389"}],"version-history":[{"count":0,"href":"https:\/\/www.europesays.com\/pt\/wp-json\/wp\/v2\/posts\/185389\/revisions"}],"wp:featuredmedia":[{"embeddable":true,"href":"https:\/\/www.europesays.com\/pt\/wp-json\/wp\/v2\/media\/185390"}],"wp:attachment":[{"href":"https:\/\/www.europesays.com\/pt\/wp-json\/wp\/v2\/media?parent=185389"}],"wp:term":[{"taxonomy":"category","embeddable":true,"href":"https:\/\/www.europesays.com\/pt\/wp-json\/wp\/v2\/categories?post=185389"},{"taxonomy":"post_tag","embeddable":true,"href":"https:\/\/www.europesays.com\/pt\/wp-json\/wp\/v2\/tags?post=185389"}],"curies":[{"name":"wp","href":"https:\/\/api.w.org\/{rel}","templated":true}]}}