{"id":185395,"date":"2025-12-12T13:22:12","date_gmt":"2025-12-12T13:22:12","guid":{"rendered":"https:\/\/www.europesays.com\/pt\/185395\/"},"modified":"2025-12-12T13:22:12","modified_gmt":"2025-12-12T13:22:12","slug":"josh-hutcherson-diz-como-foi-perder-papel-do-homem-aranha-para-andrew-garfield","status":"publish","type":"post","link":"https:\/\/www.europesays.com\/pt\/185395\/","title":{"rendered":"Josh Hutcherson diz como foi perder papel do Homem-Aranha para Andrew Garfield"},"content":{"rendered":"<p class=\"wp-block-yoast-seo-estimated-reading-time yoast-reading-time__wrapper\">Estimated reading time: 2 minutos<\/p>\n<p><strong>Josh Hutcherson<\/strong>, conhecido por sua participa\u00e7\u00e3o na franquia de <strong>Jogos Vorazes<\/strong>, era um dos finalistas para estrelar <a href=\"https:\/\/ovicio.com.br\/tag\/homem-aranha\/\" rel=\"nofollow noopener\" target=\"_blank\">O Espetacular Homem-Aranha<\/a>, da <strong>Sony Pictures<\/strong>.<\/p>\n<p>O ator chegou muito perto de conseguir, mas os produtores decidiram escolher <strong>Andrew Garfield<\/strong>, ent\u00e3o um nome pouco conhecido.<\/p>\n<p><strong>\u201cAlguns meses antes de ser escolhido para Jogos Vorazes, estava na disputa para ser o Homem-Aranha. Me disseram &#8216;n\u00e3o&#8217;&#8230; e isso, como um adolescente, foi devastador, porque eu obviamente queria ser o Homem-Aranha,\u201d<\/strong> declarou ao <strong>Dinner\u2019s On Me<\/strong>.<\/p>\n<p>No entanto, logo depois da decep\u00e7\u00e3o, recebeu a maior not\u00edcia da carreira at\u00e9 ent\u00e3o: <strong>\u201cE nisso acabei sendo chamado para Jogos Vorazes. Foi a coisa mais louca, e surgiu do nada. Mudou tudo.\u201d<\/strong><\/p>\n<p>Atualmente,\u00a0Hutcherson\u00a0est\u00e1 em cartaz nos cinemas com\u00a0<strong>Five Nights at Freddy&#8217;s 2<\/strong>, que chegou ao Brasil em\u00a0<strong>4 de dezembro<\/strong>.<\/p>\n<p>Enquanto isso, a franquia baseada na obra de <strong>Suzanne Collins<\/strong> continuar\u00e1 sua expans\u00e3o com um prel\u00fadio,\u00a0intitulado <strong>Jogos Vorazes: Amanhecer na Colheita<\/strong>.<\/p>\n<p>Leia mais sobre Josh Hutcherson:<\/p>\n<p><strong>Fonte<\/strong>: <a href=\"https:\/\/podcasts.apple.com\/us\/podcast\/josh-hutcherson-on-cold-calling-agents-at-8-and\/id1683905652?i=1000740370921&amp;at=1001l3bo9&amp;ct=87443X1540253Xdc82594078f0bc439493619371b818b7\" target=\"_blank\" rel=\"noreferrer noopener nofollow\">Dinner&#8217;s On Me<\/a><\/p>\n","protected":false},"excerpt":{"rendered":"Estimated reading time: 2 minutos Josh Hutcherson, conhecido por sua participa\u00e7\u00e3o na franquia de Jogos Vorazes, era um&hellip;\n","protected":false},"author":2,"featured_media":185396,"comment_status":"","ping_status":"","sticky":false,"template":"","format":"standard","meta":{"footnotes":""},"categories":[140],"tags":[114,115,147,148,5814,792,146,32,33],"class_list":{"0":"post-185395","1":"post","2":"type-post","3":"status-publish","4":"format-standard","5":"has-post-thumbnail","7":"category-filmes","8":"tag-entertainment","9":"tag-entretenimento","10":"tag-film","11":"tag-filmes","12":"tag-homem-aranha","13":"tag-marvel","14":"tag-movies","15":"tag-portugal","16":"tag-pt"},"share_on_mastodon":{"url":"https:\/\/pubeurope.com\/@pt\/115706812844822205","error":""},"_links":{"self":[{"href":"https:\/\/www.europesays.com\/pt\/wp-json\/wp\/v2\/posts\/185395","targetHints":{"allow":["GET"]}}],"collection":[{"href":"https:\/\/www.europesays.com\/pt\/wp-json\/wp\/v2\/posts"}],"about":[{"href":"https:\/\/www.europesays.com\/pt\/wp-json\/wp\/v2\/types\/post"}],"author":[{"embeddable":true,"href":"https:\/\/www.europesays.com\/pt\/wp-json\/wp\/v2\/users\/2"}],"replies":[{"embeddable":true,"href":"https:\/\/www.europesays.com\/pt\/wp-json\/wp\/v2\/comments?post=185395"}],"version-history":[{"count":0,"href":"https:\/\/www.europesays.com\/pt\/wp-json\/wp\/v2\/posts\/185395\/revisions"}],"wp:featuredmedia":[{"embeddable":true,"href":"https:\/\/www.europesays.com\/pt\/wp-json\/wp\/v2\/media\/185396"}],"wp:attachment":[{"href":"https:\/\/www.europesays.com\/pt\/wp-json\/wp\/v2\/media?parent=185395"}],"wp:term":[{"taxonomy":"category","embeddable":true,"href":"https:\/\/www.europesays.com\/pt\/wp-json\/wp\/v2\/categories?post=185395"},{"taxonomy":"post_tag","embeddable":true,"href":"https:\/\/www.europesays.com\/pt\/wp-json\/wp\/v2\/tags?post=185395"}],"curies":[{"name":"wp","href":"https:\/\/api.w.org\/{rel}","templated":true}]}}