{"id":185423,"date":"2025-12-12T13:47:16","date_gmt":"2025-12-12T13:47:16","guid":{"rendered":"https:\/\/www.europesays.com\/pt\/185423\/"},"modified":"2025-12-12T13:47:16","modified_gmt":"2025-12-12T13:47:16","slug":"governo-convoca-ugt-para-nova-reuniao-para-discutir-alteracoes-a-lei-laboral-ugt","status":"publish","type":"post","link":"https:\/\/www.europesays.com\/pt\/185423\/","title":{"rendered":"Governo convoca UGT para nova reuni\u00e3o para discutir altera\u00e7\u00f5es \u00e0 lei laboral | UGT"},"content":{"rendered":"<p>A ministra do Trabalho Ros\u00e1rio Palma Ramalho convocou esta sexta-feira a UGT para uma reuni\u00e3o na pr\u00f3xima ter\u00e7a-feira, 16 de Dezembro, tendo em vista continuar as negocia\u00e7\u00f5es sobre o anteprojecto do Governo de reforma da legisla\u00e7\u00e3o laboral, adiantou o minist\u00e9rio \u00e0 ag\u00eancia Lusa.<\/p>\n<p>&#8220;Apesar da realiza\u00e7\u00e3o da greve geral que interrompeu o processo negocial que estava em curso, a ministra do Trabalho, Solidariedade e Seguran\u00e7a Social convocou hoje, um dia a seguir \u00e0 greve geral, a UGT para uma reuni\u00e3o na pr\u00f3xima ter\u00e7a-feira, \u00e0s 17h, para prosseguir as negocia\u00e7\u00f5es\u201d, revela a ministra do Trabalho, Solidariedade e Seguran\u00e7a Social, citada na nota do minist\u00e9rio enviada \u00e0 Lusa.<\/p>\n<p class=\"text-paragraph\">A convocat\u00f3ria surge um dia depois da <a href=\"https:\/\/www.publico.pt\/2025\/12\/11\/economia\/noticia\/greve-geral-inexpressiva-governo-maior-sindicatos-2157783\" target=\"_blank\" rel=\"nofollow noopener\">greve geral convocada pela CGTP e UGT<\/a> contra as altera\u00e7\u00f5es \u00e0 lei laboral propostas pelo Governo e que est\u00e3o a ser discutidas em Concerta\u00e7\u00e3o Social.<\/p>\n<p class=\"text-paragraph\">O secret\u00e1rio-geral da CGTP afirmou na quinta-feira que a paralisa\u00e7\u00e3o foi \u201cuma das maiores greves gerais de sempre, se n\u00e3o mesmo a maior greve geral de sempre\u201d, tendo contado com a ades\u00e3o de \u201cmais de tr\u00eas milh\u00f5es de trabalhadores\u201d.<\/p>\n<p class=\"text-paragraph\">\u201cEstamos perante uma impressionante resposta do mundo do trabalho. N\u00e3o \u00e0 volta a dar, n\u00e3o h\u00e1 margem de manobra que deixe qualquer espa\u00e7o para outra conclus\u00e3o\u201d, disse ainda Tiago Oliveira, citado em comunicado, reiterando o apelo para que o Governo retire o pacote laboral da discuss\u00e3o.<\/p>\n<p class=\"text-paragraph\">J\u00e1 do lado do Governo, numa declara\u00e7\u00e3o ao final da manh\u00e3 de quinta-feira, o ministro da Presid\u00eancia, Leit\u00e3o Amaro, afirmou que \u201ca esmagadora maioria do pa\u00eds est\u00e1 a trabalhar\u201d, argumentando que as transac\u00e7\u00f5es financeiras na SIBS estavam \u201ccom uma redu\u00e7\u00e3o de 7% face ao per\u00edodo normal\u201d at\u00e9 aquela hora do dia, e que \u201co tr\u00e2nsito nas pontes do sul para Lisboa\u201d estava a cair 5% . Real\u00e7ando que o Governo respeita o direito \u00e0 greve, Ant\u00f3nio Leit\u00e3o Amaro considerou ainda que o n\u00edvel de ades\u00e3o \u201c<a href=\"http:\/\/www.publico.pt\/2025\/12\/11\/politica\/noticia\/leitao-amaro-povo-sereno-televisao-pergunte-amigos-fez-greve-trabalhou-2157769\" target=\"_blank\" rel=\"nofollow noopener\">\u00e9 inexpressivo<\/a>, em particular no sector privado e social\u201d. \u201cEsta parece mais uma greve da fun\u00e7\u00e3o p\u00fablica\u201d, disse ainda o governante, reconhecendo os impactos nos transportes ou nos \u201cassistentes nas escolas\u201d.<\/p>\n<p class=\"text-paragraph\">\u00c0 Lusa, o Minist\u00e9rio do Trabalho confirmou ainda que est\u00e1 prevista uma reuni\u00e3o plen\u00e1ria com todos os parceiros sociais em sede de Concerta\u00e7\u00e3o Social para 14 de Janeiro, como avan\u00e7ado pelo Expresso, e a poucos dias das elei\u00e7\u00f5es presidenciais.<\/p>\n","protected":false},"excerpt":{"rendered":"A ministra do Trabalho Ros\u00e1rio Palma Ramalho convocou esta sexta-feira a UGT para uma reuni\u00e3o na pr\u00f3xima ter\u00e7a-feira,&hellip;\n","protected":false},"author":2,"featured_media":185424,"comment_status":"","ping_status":"","sticky":false,"template":"","format":"standard","meta":{"footnotes":""},"categories":[8],"tags":[27,28,476,15,16,301,31789,14,25,26,848,21,22,12,13,19,20,32,23,24,33,17,18,31790,29,30,31],"class_list":{"0":"post-185423","1":"post","2":"type-post","3":"status-publish","4":"format-standard","5":"has-post-thumbnail","7":"category-principais-noticias","8":"tag-breaking-news","9":"tag-breakingnews","10":"tag-economia","11":"tag-featured-news","12":"tag-featurednews","13":"tag-governo","14":"tag-greve-geral","15":"tag-headlines","16":"tag-latest-news","17":"tag-latestnews","18":"tag-legislacao-laboral","19":"tag-main-news","20":"tag-mainnews","21":"tag-news","22":"tag-noticias","23":"tag-noticias-principais","24":"tag-noticiasprincipais","25":"tag-portugal","26":"tag-principais-noticias","27":"tag-principaisnoticias","28":"tag-pt","29":"tag-top-stories","30":"tag-topstories","31":"tag-ugt","32":"tag-ultimas","33":"tag-ultimas-noticias","34":"tag-ultimasnoticias"},"share_on_mastodon":{"url":"https:\/\/pubeurope.com\/@pt\/115706911701961090","error":""},"_links":{"self":[{"href":"https:\/\/www.europesays.com\/pt\/wp-json\/wp\/v2\/posts\/185423","targetHints":{"allow":["GET"]}}],"collection":[{"href":"https:\/\/www.europesays.com\/pt\/wp-json\/wp\/v2\/posts"}],"about":[{"href":"https:\/\/www.europesays.com\/pt\/wp-json\/wp\/v2\/types\/post"}],"author":[{"embeddable":true,"href":"https:\/\/www.europesays.com\/pt\/wp-json\/wp\/v2\/users\/2"}],"replies":[{"embeddable":true,"href":"https:\/\/www.europesays.com\/pt\/wp-json\/wp\/v2\/comments?post=185423"}],"version-history":[{"count":0,"href":"https:\/\/www.europesays.com\/pt\/wp-json\/wp\/v2\/posts\/185423\/revisions"}],"wp:featuredmedia":[{"embeddable":true,"href":"https:\/\/www.europesays.com\/pt\/wp-json\/wp\/v2\/media\/185424"}],"wp:attachment":[{"href":"https:\/\/www.europesays.com\/pt\/wp-json\/wp\/v2\/media?parent=185423"}],"wp:term":[{"taxonomy":"category","embeddable":true,"href":"https:\/\/www.europesays.com\/pt\/wp-json\/wp\/v2\/categories?post=185423"},{"taxonomy":"post_tag","embeddable":true,"href":"https:\/\/www.europesays.com\/pt\/wp-json\/wp\/v2\/tags?post=185423"}],"curies":[{"name":"wp","href":"https:\/\/api.w.org\/{rel}","templated":true}]}}