{"id":185427,"date":"2025-12-12T13:51:09","date_gmt":"2025-12-12T13:51:09","guid":{"rendered":"https:\/\/www.europesays.com\/pt\/185427\/"},"modified":"2025-12-12T13:51:09","modified_gmt":"2025-12-12T13:51:09","slug":"cristina-ferreira-confronta-ana-sobre-o-que-sente-por-pedro-e-ela-conta-toda-a-verdade-secret-story","status":"publish","type":"post","link":"https:\/\/www.europesays.com\/pt\/185427\/","title":{"rendered":"Cristina Ferreira confronta Ana sobre o que sente por Pedro e ela conta toda a verdade &#8211; Secret Story"},"content":{"rendered":"<p style=\"margin-bottom:11px\">Cristina Ferreira confrontou Ana sobre os seus sentimentos por Pedro, numa altura em que os dois tinham de fingir que se estavam a apaixonar.\u00a0<\/p>\n<p style=\"margin-bottom:11px\">No confession\u00e1rio, durante o Especial desta quinta-feira, Ana negou qualquer sentimento: \u00abNunca. De todo, nunca senti nada pelo Pedro, de todo. No in\u00edcio eu n\u00e3o sabia de nada disto e disse sempre que o Pedro n\u00e3o era uma pessoa que me atra\u00eda\u00bb.\u00a0<\/p>\n<p style=\"margin-bottom:11px\">Mas Cristina Ferreira insistiu: \u00abSentiu-se um bocadinho enganada? Porque na altura o Pedro dizia que tinha interesse em si e mostrava-se interessado\u00bb.<\/p>\n<p>Ah mas n\u00e3o, o pensamento de todo que foi para a\u00ed. Isso para mim n\u00e3o me incomoda de qualquer jeito, o Pedro \u00e9 que me picava a maior parte das vezes, mas eu sei que nunca tive interesse no Pedro e nunca lhe \u2018passei bola\u2019 nesse sentido. Nunca houve nada de interesse, de todo.<\/p>\n<p>\u00a0<\/p>\n","protected":false},"excerpt":{"rendered":"Cristina Ferreira confrontou Ana sobre os seus sentimentos por Pedro, numa altura em que os dois tinham de&hellip;\n","protected":false},"author":2,"featured_media":185428,"comment_status":"","ping_status":"","sticky":false,"template":"","format":"standard","meta":{"footnotes":""},"categories":[142],"tags":[8113,6340,2632,329,333,328,335,166,336,114,115,334,330,1326,338,19019,13,14646,32,33,1315,8174,151,162,19020,227],"class_list":{"0":"post-185427","1":"post","2":"type-post","3":"status-publish","4":"format-standard","5":"has-post-thumbnail","7":"category-tv","8":"tag-alice-alves","9":"tag-ana","10":"tag-casa-dos-segredos","11":"tag-claudio-ramos","12":"tag-comentadores","13":"tag-concorrentes","14":"tag-confrontos","15":"tag-cristina-ferreira","16":"tag-discussoes","17":"tag-entertainment","18":"tag-entretenimento","19":"tag-exclusivos","20":"tag-gala","21":"tag-mafalda-castro","22":"tag-maria-botelho-moniz","23":"tag-marta-cardoso","24":"tag-noticias","25":"tag-pedro","26":"tag-portugal","27":"tag-pt","28":"tag-secret-story","29":"tag-segredos","30":"tag-tv","31":"tag-tvi","32":"tag-video-do-dia","33":"tag-videos"},"share_on_mastodon":{"url":"https:\/\/pubeurope.com\/@pt\/115706926584313552","error":""},"_links":{"self":[{"href":"https:\/\/www.europesays.com\/pt\/wp-json\/wp\/v2\/posts\/185427","targetHints":{"allow":["GET"]}}],"collection":[{"href":"https:\/\/www.europesays.com\/pt\/wp-json\/wp\/v2\/posts"}],"about":[{"href":"https:\/\/www.europesays.com\/pt\/wp-json\/wp\/v2\/types\/post"}],"author":[{"embeddable":true,"href":"https:\/\/www.europesays.com\/pt\/wp-json\/wp\/v2\/users\/2"}],"replies":[{"embeddable":true,"href":"https:\/\/www.europesays.com\/pt\/wp-json\/wp\/v2\/comments?post=185427"}],"version-history":[{"count":0,"href":"https:\/\/www.europesays.com\/pt\/wp-json\/wp\/v2\/posts\/185427\/revisions"}],"wp:featuredmedia":[{"embeddable":true,"href":"https:\/\/www.europesays.com\/pt\/wp-json\/wp\/v2\/media\/185428"}],"wp:attachment":[{"href":"https:\/\/www.europesays.com\/pt\/wp-json\/wp\/v2\/media?parent=185427"}],"wp:term":[{"taxonomy":"category","embeddable":true,"href":"https:\/\/www.europesays.com\/pt\/wp-json\/wp\/v2\/categories?post=185427"},{"taxonomy":"post_tag","embeddable":true,"href":"https:\/\/www.europesays.com\/pt\/wp-json\/wp\/v2\/tags?post=185427"}],"curies":[{"name":"wp","href":"https:\/\/api.w.org\/{rel}","templated":true}]}}