{"id":185429,"date":"2025-12-12T13:52:15","date_gmt":"2025-12-12T13:52:15","guid":{"rendered":"https:\/\/www.europesays.com\/pt\/185429\/"},"modified":"2025-12-12T13:52:15","modified_gmt":"2025-12-12T13:52:15","slug":"nomes-marcas-magali-amboni-comunicadora-cotidiano","status":"publish","type":"post","link":"https:\/\/www.europesays.com\/pt\/185429\/","title":{"rendered":"Nomes &#038; Marcas: Magali Amboni &#8211; Comunicadora &#8211; Cotidiano"},"content":{"rendered":"<p>De l\u00edder de turma \u00e0 refer\u00eancia da comunica\u00e7\u00e3o catarinense, no Nomes e Marcas desta semana, Magali Amboni conversa com Adelor Lessa sobre como a hist\u00f3ria foi constru\u00edda, muitas vezes sem saber que estava sendo preparada para o microfone.<\/p>\n<p><strong>LEIA MAIS\u00a0<\/strong><\/p>\n<p>\u00a0<\/p>\n<p>Ela relembra o in\u00edcio improv\u00e1vel na TV, o per\u00edodo intenso de trabalho e estudo nos Estados Unidos, a vida de empreendedora, o retorno ao Brasil e a primeira experi\u00eancia no r\u00e1dio, marcada por desafios e descobertas.<\/p>\n<p><strong>Veja o v\u00eddeo do Nomes &amp; Marcas com\u00a0Magali Amboni:<\/strong><br \/>&#13;<br \/>\n\u00a0<\/p>\n","protected":false},"excerpt":{"rendered":"De l\u00edder de turma \u00e0 refer\u00eancia da comunica\u00e7\u00e3o catarinense, no Nomes e Marcas desta semana, Magali Amboni conversa&hellip;\n","protected":false},"author":2,"featured_media":185430,"comment_status":"","ping_status":"","sticky":false,"template":"","format":"standard","meta":{"footnotes":""},"categories":[141],"tags":[13322,13324,5628,13320,10510,114,115,1914,13325,149,150,1133,13,987,32,3937,13321,33,13323,3551,3801,8767,13326,13327],"class_list":{"0":"post-185429","1":"post","2":"type-post","3":"status-publish","4":"format-standard","5":"has-post-thumbnail","7":"category-musica","8":"tag-4oito","9":"tag-adelor-lessa","10":"tag-blog","11":"tag-blogs","12":"tag-criciuma","13":"tag-entertainment","14":"tag-entretenimento","15":"tag-fm","16":"tag-lessa","17":"tag-music","18":"tag-musica","19":"tag-noticia","20":"tag-noticias","21":"tag-portal","22":"tag-portugal","23":"tag-post","24":"tag-posts","25":"tag-pt","26":"tag-quatrooito","27":"tag-regiao","28":"tag-santa-catarina","29":"tag-sc","30":"tag-som-maior","31":"tag-sommaiorfm"},"share_on_mastodon":{"url":"https:\/\/pubeurope.com\/@pt\/115706930477709387","error":""},"_links":{"self":[{"href":"https:\/\/www.europesays.com\/pt\/wp-json\/wp\/v2\/posts\/185429","targetHints":{"allow":["GET"]}}],"collection":[{"href":"https:\/\/www.europesays.com\/pt\/wp-json\/wp\/v2\/posts"}],"about":[{"href":"https:\/\/www.europesays.com\/pt\/wp-json\/wp\/v2\/types\/post"}],"author":[{"embeddable":true,"href":"https:\/\/www.europesays.com\/pt\/wp-json\/wp\/v2\/users\/2"}],"replies":[{"embeddable":true,"href":"https:\/\/www.europesays.com\/pt\/wp-json\/wp\/v2\/comments?post=185429"}],"version-history":[{"count":0,"href":"https:\/\/www.europesays.com\/pt\/wp-json\/wp\/v2\/posts\/185429\/revisions"}],"wp:featuredmedia":[{"embeddable":true,"href":"https:\/\/www.europesays.com\/pt\/wp-json\/wp\/v2\/media\/185430"}],"wp:attachment":[{"href":"https:\/\/www.europesays.com\/pt\/wp-json\/wp\/v2\/media?parent=185429"}],"wp:term":[{"taxonomy":"category","embeddable":true,"href":"https:\/\/www.europesays.com\/pt\/wp-json\/wp\/v2\/categories?post=185429"},{"taxonomy":"post_tag","embeddable":true,"href":"https:\/\/www.europesays.com\/pt\/wp-json\/wp\/v2\/tags?post=185429"}],"curies":[{"name":"wp","href":"https:\/\/api.w.org\/{rel}","templated":true}]}}