{"id":185431,"date":"2025-12-12T13:53:10","date_gmt":"2025-12-12T13:53:10","guid":{"rendered":"https:\/\/www.europesays.com\/pt\/185431\/"},"modified":"2025-12-12T13:53:10","modified_gmt":"2025-12-12T13:53:10","slug":"em-podcast-elon-musk-diz-que-tony-stark-foi-inspirado-nele","status":"publish","type":"post","link":"https:\/\/www.europesays.com\/pt\/185431\/","title":{"rendered":"Em Podcast, Elon Musk diz que Tony Stark foi inspirado nele"},"content":{"rendered":"<p>  <img width=\"76\" height=\"40\"   alt=\"Capa da Publica\u00e7\u00e3o\" class=\"article-cover__image\"\/><\/p>\n<p class=\"post__tagline\">A verdade por tr\u00e1s da suposta conex\u00e3o entre Elon Musk e o her\u00f3i da Marvel<\/p>\n<p>        12\/12\/2025      <\/p>\n<p>        &#8230;<\/p>\n<p>      Por<br \/>\n      <a href=\"https:\/\/twitter.com\/\" target=\"_blank\" rel=\"nofollow noopener\"><br \/>\n        Equipe Legi\u00e3o dos Her\u00f3is      <\/a><\/p>\n<p>Durante uma participa\u00e7\u00e3o recente em um <a href=\"https:\/\/www.youtube.com\/watch?v=bz5Hjk40FD4\" target=\"_blank\" rel=\"noopener nofollow\">podcast<\/a>, o bilion\u00e1rio <strong>Elon Musk<\/strong> afirmou que o <strong>Tony Stark<\/strong> do Universo Cinematogr\u00e1fico da Marvel, interpretado por Robert Downey Jr., teria sido baseado nele. Mas ser\u00e1 que isso \u00e9 realmente verdade?<\/p>\n<p>A conex\u00e3o de Musk com o MCU<\/p>\n<p>Musk realmente tem uma liga\u00e7\u00e3o com a franquia. Ele fez uma apari\u00e7\u00e3o r\u00e1pida em Homem de Ferro 2 (2010), e parte das cenas do filme foi gravada nas instala\u00e7\u00f5es da SpaceX. No podcast, quando perguntaram se ele preferia ser um her\u00f3i da Marvel ou um vil\u00e3o de James Bond, ele respondeu: \u201cDependeria do her\u00f3i ou do vil\u00e3o. Acho que preferiria ser um super-her\u00f3i da Marvel\u2026 Eles modelaram o Homem de Ferro dos filmes em mim, ent\u00e3o\u2026\u201d.<\/p>\n<p>A inspira\u00e7\u00e3o original: Howard Hughes<\/p>\n<p>A verdade \u00e9 que Tony Stark n\u00e3o nasceu inspirado em Elon Musk. A base original do personagem, tanto nos quadrinhos quanto nos primeiros rascunhos do filme, foi o exc\u00eantrico aviador, engenheiro e produtor de cinema <strong>Howard Hughes<\/strong>. O diretor Jon Favreau j\u00e1 explicou em um document\u00e1rio que Stark era visto como o \u201cherdeiro espiritual\u201d de Hughes, um bilion\u00e1rio genial e recluso.<\/p>\n<p><img fetchpriority=\"high\" decoding=\"async\" class=\"alignnone size-full wp-image-879252 lazyload\" alt=\"\" width=\"1600\" height=\"1202\" \/><\/p>\n<p>A influ\u00eancia moderna<\/p>\n<p>Onde Musk entra nessa hist\u00f3ria \u00e9 na fase atual do personagem. O roteirista de Homem de Ferro, Mark Fergus, contou que, embora Hughes fosse a refer\u00eancia principal, o nome de Elon Musk \u201cdefinitivamente apareceu na conversa\u201d como a figura contempor\u00e2nea que melhor representava o esp\u00edrito do novo Stark.<\/p>\n<p>Segundo Fergus, Tony Stark foi montado como uma combina\u00e7\u00e3o de tr\u00eas figuras p\u00fablicas: <strong>Elon Musk<\/strong>, <strong>Donald Trump<\/strong> (em sua fase celebridade) e <strong>Steve Jobs<\/strong>. A genialidade de Jobs, o estilo de Trump e o lado inovador e divertido de Musk se juntaram para criar a vers\u00e3o do personagem que vemos no MCU. Ent\u00e3o, embora Musk n\u00e3o seja a \u00fanica inspira\u00e7\u00e3o, ele faz parte dessa mistura.<\/p>\n<p>A trilogia Homem de Ferro est\u00e1 dispon\u00edvel no Disney+.<\/p>\n<p>    <script async src=\"https:\/\/platform.twitter.com\/widgets.js\" charset=\"utf-8\"><\/script><\/p>\n","protected":false},"excerpt":{"rendered":"A verdade por tr\u00e1s da suposta conex\u00e3o entre Elon Musk e o her\u00f3i da Marvel 12\/12\/2025 &#8230; Por&hellip;\n","protected":false},"author":2,"featured_media":185432,"comment_status":"","ping_status":"","sticky":false,"template":"","format":"standard","meta":{"footnotes":""},"categories":[140],"tags":[114,115,147,148,146,32,33],"class_list":{"0":"post-185431","1":"post","2":"type-post","3":"status-publish","4":"format-standard","5":"has-post-thumbnail","7":"category-filmes","8":"tag-entertainment","9":"tag-entretenimento","10":"tag-film","11":"tag-filmes","12":"tag-movies","13":"tag-portugal","14":"tag-pt"},"share_on_mastodon":{"url":"https:\/\/pubeurope.com\/@pt\/115706934531756525","error":""},"_links":{"self":[{"href":"https:\/\/www.europesays.com\/pt\/wp-json\/wp\/v2\/posts\/185431","targetHints":{"allow":["GET"]}}],"collection":[{"href":"https:\/\/www.europesays.com\/pt\/wp-json\/wp\/v2\/posts"}],"about":[{"href":"https:\/\/www.europesays.com\/pt\/wp-json\/wp\/v2\/types\/post"}],"author":[{"embeddable":true,"href":"https:\/\/www.europesays.com\/pt\/wp-json\/wp\/v2\/users\/2"}],"replies":[{"embeddable":true,"href":"https:\/\/www.europesays.com\/pt\/wp-json\/wp\/v2\/comments?post=185431"}],"version-history":[{"count":0,"href":"https:\/\/www.europesays.com\/pt\/wp-json\/wp\/v2\/posts\/185431\/revisions"}],"wp:featuredmedia":[{"embeddable":true,"href":"https:\/\/www.europesays.com\/pt\/wp-json\/wp\/v2\/media\/185432"}],"wp:attachment":[{"href":"https:\/\/www.europesays.com\/pt\/wp-json\/wp\/v2\/media?parent=185431"}],"wp:term":[{"taxonomy":"category","embeddable":true,"href":"https:\/\/www.europesays.com\/pt\/wp-json\/wp\/v2\/categories?post=185431"},{"taxonomy":"post_tag","embeddable":true,"href":"https:\/\/www.europesays.com\/pt\/wp-json\/wp\/v2\/tags?post=185431"}],"curies":[{"name":"wp","href":"https:\/\/api.w.org\/{rel}","templated":true}]}}