{"id":185471,"date":"2025-12-12T14:28:11","date_gmt":"2025-12-12T14:28:11","guid":{"rendered":"https:\/\/www.europesays.com\/pt\/185471\/"},"modified":"2025-12-12T14:28:11","modified_gmt":"2025-12-12T14:28:11","slug":"raiva-animal-em-bovino-preocupa-moradores-em-sc","status":"publish","type":"post","link":"https:\/\/www.europesays.com\/pt\/185471\/","title":{"rendered":"Raiva animal em bovino preocupa moradores em SC"},"content":{"rendered":"<p>  <img class=\"content-first-image wp-image-2746684 size-full\" loading=\"eager\" decoding=\"sync\" fetchpriority=\"high\" src=\"https:\/\/www.europesays.com\/pt\/wp-content\/uploads\/2025\/12\/alerta-de-raiva-animal-apos-morte-de-bovino-preocupa-moradores-em-area-rural-de-sc.jpg\" alt=\"Alerta de raiva animal ap\u00f3s morte de bovino preocupa moradores em \u00e1rea rural de SC\" width=\"1200\" height=\"630\"  \/>Alerta de raiva animal ap\u00f3s morte de bovino preocupa moradores em \u00e1rea rural de SCFoto: Prefeitura de S\u00e3o Bento do Sul\/Divulga\u00e7\u00e3o\/ND Mais<\/p>\n<p>A confirma\u00e7\u00e3o de um caso de raiva animal acendeu um alerta na zona rural de S\u00e3o Bento do Sul, no Planalto Norte de Santa Catarina. A Vigil\u00e2ncia Sanit\u00e1ria foi notificada ap\u00f3s exames laboratoriais apontarem que um bovino encontrado morto na localidade de Rio das Pacas\/Sert\u00e3ozinho estava contaminado.<\/p>\n<p>Segundo o Munic\u00edpio, todas as medidas de controle j\u00e1 foram iniciadas para evitar novas transmiss\u00f5es e proteger tanto outros animais quanto moradores que possam ter tido contato com o animal infectado.<\/p>\n<p>Sintomas da raiva animal<\/p>\n<p>A <a href=\"https:\/\/ndmais.com.br\/saude\/bois-sao-sacrificados-apos-3-casos-de-raiva-confirmados-em-propriedade-rural-de-sc\/\" rel=\"nofollow noopener\" target=\"_blank\">raiva \u00e9 uma zoonose grave e fatal<\/a>, que atinge diferentes esp\u00e9cies de maneiras distintas. Nos bovinos, costuma aparecer na forma paral\u00edtica, marcada por sinais como isolamento, agressividade, saliva\u00e7\u00e3o intensa, dificuldade de engolir, tremores, falta de coordena\u00e7\u00e3o e paralisia progressiva, sintomas que evoluem rapidamente para a morte.<\/p>\n<p><a class=\"cta-discover d-flex justify-content-between align-items-center w-100\" target=\"_blank\" rel=\"nofollow noopner noopener\" href=\"https:\/\/profile.google.com\/cp\/Cg0vZy8xMXZ5cjY4NHho\">   Fa\u00e7a como milh\u00f5es de leitores informados: siga o ND Mais no Google.  Seguir<\/a> <\/p>\n<p>Em c\u00e3es e gatos, predomina a forma furiosa, que deixa o animal assustado, agressivo e isolado. Eles buscam locais escuros, salivam intensamente e podem atacar pessoas ou outros animais.<\/p>\n<p>Orienta\u00e7\u00e3o para moradores e produtores<\/p>\n<p>A Prefeitura de S\u00e3o Bento do Sul refor\u00e7a que qualquer suspeita deve ser imediatamente comunicada \u00e0s autoridades veterin\u00e1rias, para que o diagn\u00f3stico seja feito e medidas de conten\u00e7\u00e3o sejam aplicadas.<\/p>\n<p>A principal forma de preven\u00e7\u00e3o continua sendo a <a href=\"https:\/\/ndmais.com.br\/saude\/caso-de-raiva-e-confirmado-em-joinville-e-bloqueio-vacinal-sera-realizado\/\" rel=\"nofollow noopener\" target=\"_blank\">vacina\u00e7\u00e3o<\/a>. Criadores e produtores rurais s\u00e3o orientados a manter c\u00e3es, gatos e bovinos com a imuniza\u00e7\u00e3o em dia. Em caso de mordidas ou arranh\u00f5es, a recomenda\u00e7\u00e3o \u00e9 buscar atendimento na unidade de sa\u00fade.<\/p>\n","protected":false},"excerpt":{"rendered":"Alerta de raiva animal ap\u00f3s morte de bovino preocupa moradores em \u00e1rea rural de SCFoto: Prefeitura de S\u00e3o&hellip;\n","protected":false},"author":2,"featured_media":185472,"comment_status":"","ping_status":"","sticky":false,"template":"","format":"standard","meta":{"footnotes":""},"categories":[86],"tags":[1353,116,1968,2250,32,33,37721,4066,117],"class_list":{"0":"post-185471","1":"post","2":"type-post","3":"status-publish","4":"format-standard","5":"has-post-thumbnail","7":"category-saude","8":"tag-animais","9":"tag-health","10":"tag-notcia","11":"tag-notcia-santa-catarina","12":"tag-portugal","13":"tag-pt","14":"tag-so-bento-do-sul","15":"tag-sade","16":"tag-saude"},"share_on_mastodon":{"url":"https:\/\/pubeurope.com\/@pt\/115707072354778084","error":""},"_links":{"self":[{"href":"https:\/\/www.europesays.com\/pt\/wp-json\/wp\/v2\/posts\/185471","targetHints":{"allow":["GET"]}}],"collection":[{"href":"https:\/\/www.europesays.com\/pt\/wp-json\/wp\/v2\/posts"}],"about":[{"href":"https:\/\/www.europesays.com\/pt\/wp-json\/wp\/v2\/types\/post"}],"author":[{"embeddable":true,"href":"https:\/\/www.europesays.com\/pt\/wp-json\/wp\/v2\/users\/2"}],"replies":[{"embeddable":true,"href":"https:\/\/www.europesays.com\/pt\/wp-json\/wp\/v2\/comments?post=185471"}],"version-history":[{"count":0,"href":"https:\/\/www.europesays.com\/pt\/wp-json\/wp\/v2\/posts\/185471\/revisions"}],"wp:featuredmedia":[{"embeddable":true,"href":"https:\/\/www.europesays.com\/pt\/wp-json\/wp\/v2\/media\/185472"}],"wp:attachment":[{"href":"https:\/\/www.europesays.com\/pt\/wp-json\/wp\/v2\/media?parent=185471"}],"wp:term":[{"taxonomy":"category","embeddable":true,"href":"https:\/\/www.europesays.com\/pt\/wp-json\/wp\/v2\/categories?post=185471"},{"taxonomy":"post_tag","embeddable":true,"href":"https:\/\/www.europesays.com\/pt\/wp-json\/wp\/v2\/tags?post=185471"}],"curies":[{"name":"wp","href":"https:\/\/api.w.org\/{rel}","templated":true}]}}