{"id":185475,"date":"2025-12-12T14:31:17","date_gmt":"2025-12-12T14:31:17","guid":{"rendered":"https:\/\/www.europesays.com\/pt\/185475\/"},"modified":"2025-12-12T14:31:17","modified_gmt":"2025-12-12T14:31:17","slug":"california-arranjou-uma-forma-de-fazer-os-condutores-de-veiculos-eletricos-pagarem","status":"publish","type":"post","link":"https:\/\/www.europesays.com\/pt\/185475\/","title":{"rendered":"Calif\u00f3rnia arranjou uma forma de fazer os condutores de ve\u00edculos el\u00e9tricos pagarem"},"content":{"rendered":"<p>Com a receita do imposto sobre combust\u00edveis prestes a diminuir, as autoridades da Calif\u00f3rnia est\u00e3o a explorar uma alternativa: um imposto rodovi\u00e1rio por milha para condutores de ve\u00edculos el\u00e9tricos. Onde j\u00e1 vimos isto?<\/p>\n<p><a target=\"_blank\" href=\"https:\/\/pplware.sapo.pt\/wp-content\/uploads\/2025\/12\/Alpine_A390GT-BleuAlpineVision-12.jpg\" onclick=\"refreshIframe()\" class=\"foobox\" rel=\"nofollow noopener\"><img fetchpriority=\"high\" decoding=\"async\" src=\"https:\/\/www.europesays.com\/pt\/wp-content\/uploads\/2025\/12\/Alpine_A390GT-BleuAlpineVision-12-720x405.jpg\" alt=\"Alpine A390\" width=\"720\" height=\"405\" class=\"aligncenter size-medium wp-image-1091691\"  \/><\/a>\n<\/p>\n<p>Recentemente, <a target=\"_blank\" href=\"https:\/\/pplware.sapo.pt\/motores\/proprietarios-de-carros-eletricos-vao-ter-de-pagar-uma-taxa-por-quilometro\/\" rel=\"nofollow noopener\">inform\u00e1mos <\/a>que o Reino Unido introduziu uma das mudan\u00e7as fiscais mais significativas para a mobilidade el\u00e9trica.<\/p>\n<p>A partir de abril de 2028, os condutores de ve\u00edculos el\u00e9tricos passam a pagar uma taxa de 3 pence por milha percorrida (0,034 euros), enquanto os h\u00edbridos plug-in pagar\u00e3o 1,5 pence (0,017 euros).<\/p>\n<p>Esta medida, apresentada pelo Governo brit\u00e2nico, pretende compensar a quebra de receita provocada pela diminui\u00e7\u00e3o do consumo de combust\u00edveis f\u00f3sseis.<\/p>\n<p>Solu\u00e7\u00e3o da Calif\u00f3rnia para a queda das receitas<\/p>\n<p>Hoje em dia, aproximadamente 80% do or\u00e7amento de manuten\u00e7\u00e3o rodovi\u00e1ria da Calif\u00f3rnia \u00e9 financiado por via de um imposto sobre os combust\u00edveis. Por cada gallon (o equivalente a cerca de 3,8 litros) abastecido numa esta\u00e7\u00e3o, cerca de 61 c\u00eantimos s\u00e3o destinados \u00e0 manuten\u00e7\u00e3o da rede de autoestradas, vias r\u00e1pidas e estradas locais do estado.<\/p>\n<p>\u00c0 medida que mais pessoas mudam para ve\u00edculos el\u00e9tricos, esta fonte de receita escasseia paulatinamente.<\/p>\n<p>Neste cen\u00e1rio, a Calif\u00f3rnia <a target=\"_blank\" href=\"https:\/\/kmph.com\/news\/local\/california-explores-road-usage-charge-to-replace-gas-tax-amid-rise-in-electric-vehicles\" rel=\"nofollow noopener\">concluiu<\/a>, recentemente, um programa piloto para um imposto rodovi\u00e1rio, cobrando aos propriet\u00e1rios de ve\u00edculos el\u00e9tricos entre dois e quatro c\u00eantimos por cada milha que conduzem.<\/p>\n<p><a target=\"_blank\" href=\"https:\/\/pplware.sapo.pt\/wp-content\/uploads\/2025\/04\/carros_estrada_eua.jpg\" onclick=\"refreshIframe()\" class=\"foobox\" rel=\"nofollow noopener\"><img loading=\"lazy\" decoding=\"async\" src=\"https:\/\/www.europesays.com\/pt\/wp-content\/uploads\/2025\/12\/carros_estrada_eua-720x405.jpg\" alt=\"\" width=\"720\" height=\"405\" class=\"aligncenter size-medium wp-image-1053296\"  \/><\/a><\/p>\n<p>Em teoria, \u00e9 uma forma simples de recuperar os fundos necess\u00e1rios para a manuten\u00e7\u00e3o sem depender de combust\u00edveis f\u00f3sseis. Na pr\u00e1tica, a implementa\u00e7\u00e3o pode n\u00e3o ser bem assim.<\/p>\n<p>Conforme explorado pelo Carscoops, por um lado, pode acabar por custar bastante para ser criado e operacionalizado. Por outro, os condutores que acumulam uma quilometragem significativa, muitas vezes aqueles em \u00e1reas rurais ou com longos trajetos, podem arcar com o peso da despesa.<\/p>\n<p>Depois, impera a quest\u00e3o de como o estado monitorizaria a quilometragem de cada ve\u00edculo. Um m\u00e9todo proposto envolve a instala\u00e7\u00e3o de um dispositivo de rastreamento que se conecta ao carro e regista os quil\u00f3metros percorridos.<\/p>\n<p>Esta abordagem, al\u00e9m de cara, tendo em conta que o dispositivo teria de ser instalado em todos os ve\u00edculos el\u00e9tricos, levanta quest\u00f5es de privacidade.<\/p>\n<p>Poder\u00e1 a estrat\u00e9gia chegar \u00e0 Uni\u00e3o Europeia?<\/p>\n<p>Conforme <a target=\"_blank\" href=\"https:\/\/pplware.sapo.pt\/motores\/proprietarios-de-carros-eletricos-vao-ter-de-pagar-uma-taxa-por-quilometro\/\" rel=\"nofollow noopener\">explor\u00e1mos no artigo<\/a> dedicado \u00e0 medida adotada no Reino Unido, a possibilidade \u00e9 real e discutida h\u00e1 v\u00e1rios anos, sobretudo porque muitos pa\u00edses enfrentam exatamente o mesmo dilema fiscal. \u00c0 medida que o parque autom\u00f3vel el\u00e9trico cresce, as receitas associadas aos combust\u00edveis diminuem.<\/p>\n<p>A quest\u00e3o central \u00e9 como financiar as vias p\u00fablicas num cen\u00e1rio de eletrifica\u00e7\u00e3o generalizada.<\/p>\n<p>Para v\u00e1rios especialistas europeus, a solu\u00e7\u00e3o brit\u00e2nica antecipa uma tend\u00eancia que poder\u00e1 tornar-se inevit\u00e1vel no espa\u00e7o comunit\u00e1rio: impostos baseados na dist\u00e2ncia percorrida, independentemente da motoriza\u00e7\u00e3o.<\/p>\n<p><a target=\"_blank\" href=\"https:\/\/pplware.sapo.pt\/wp-content\/uploads\/2025\/09\/carregar_eletrico_1.jpg\" onclick=\"refreshIframe()\" class=\"foobox\" rel=\"nofollow noopener\"><img loading=\"lazy\" decoding=\"async\" src=\"https:\/\/www.europesays.com\/pt\/wp-content\/uploads\/2025\/12\/1765549876_780_carregar_eletrico_1-720x405.jpg\" alt=\"\" width=\"720\" height=\"405\" class=\"aligncenter size-medium wp-image-1080917\"  \/><\/a><\/p>\n<p>Seria aplic\u00e1vel aos carros el\u00e9tricos em Portugal?<\/p>\n<p>Em termos te\u0301cnicos, sim. Portugal j\u00e1 disp\u00f5e de sistemas de inspe\u00e7\u00e3o e recolha de dados que poderiam integrar leituras de quilometragem de forma semelhante ao modelo brit\u00e2nico.<\/p>\n<p>O desafio seria pol\u00edtico e social: equilibrar a necessidade de financiamento das estradas com a urg\u00eancia de incentivar a transi\u00e7\u00e3o energ\u00e9tica.<\/p>\n<p>Um imposto por quil\u00f3metro poderia ser visto como penalizador num momento em que o mercado ainda tenta crescer, mas tamb\u00e9m garantiria justi\u00e7a fiscal numa fase em que o consumo de combust\u00edveis f\u00f3sseis tende a baixar de forma estrutural.<\/p>\n<p>\u00a0<\/p>\n","protected":false},"excerpt":{"rendered":"Com a receita do imposto sobre combust\u00edveis prestes a diminuir, as autoridades da Calif\u00f3rnia est\u00e3o a explorar uma&hellip;\n","protected":false},"author":2,"featured_media":185476,"comment_status":"","ping_status":"","sticky":false,"template":"","format":"standard","meta":{"footnotes":""},"categories":[83],"tags":[88,8662,744,89,90,37722,32,33],"class_list":{"0":"post-185475","1":"post","2":"type-post","3":"status-publish","4":"format-standard","5":"has-post-thumbnail","7":"category-empresas","8":"tag-business","9":"tag-california","10":"tag-carro-eletrico","11":"tag-economy","12":"tag-empresas","13":"tag-imposto","14":"tag-portugal","15":"tag-pt"},"share_on_mastodon":{"url":"https:\/\/pubeurope.com\/@pt\/115707084155415104","error":""},"_links":{"self":[{"href":"https:\/\/www.europesays.com\/pt\/wp-json\/wp\/v2\/posts\/185475","targetHints":{"allow":["GET"]}}],"collection":[{"href":"https:\/\/www.europesays.com\/pt\/wp-json\/wp\/v2\/posts"}],"about":[{"href":"https:\/\/www.europesays.com\/pt\/wp-json\/wp\/v2\/types\/post"}],"author":[{"embeddable":true,"href":"https:\/\/www.europesays.com\/pt\/wp-json\/wp\/v2\/users\/2"}],"replies":[{"embeddable":true,"href":"https:\/\/www.europesays.com\/pt\/wp-json\/wp\/v2\/comments?post=185475"}],"version-history":[{"count":0,"href":"https:\/\/www.europesays.com\/pt\/wp-json\/wp\/v2\/posts\/185475\/revisions"}],"wp:featuredmedia":[{"embeddable":true,"href":"https:\/\/www.europesays.com\/pt\/wp-json\/wp\/v2\/media\/185476"}],"wp:attachment":[{"href":"https:\/\/www.europesays.com\/pt\/wp-json\/wp\/v2\/media?parent=185475"}],"wp:term":[{"taxonomy":"category","embeddable":true,"href":"https:\/\/www.europesays.com\/pt\/wp-json\/wp\/v2\/categories?post=185475"},{"taxonomy":"post_tag","embeddable":true,"href":"https:\/\/www.europesays.com\/pt\/wp-json\/wp\/v2\/tags?post=185475"}],"curies":[{"name":"wp","href":"https:\/\/api.w.org\/{rel}","templated":true}]}}