{"id":185479,"date":"2025-12-12T14:33:08","date_gmt":"2025-12-12T14:33:08","guid":{"rendered":"https:\/\/www.europesays.com\/pt\/185479\/"},"modified":"2025-12-12T14:33:08","modified_gmt":"2025-12-12T14:33:08","slug":"ministra-convoca-ugt-para-reuniao-na-terca-feira-para-discutir-alteracoes-a-lei-laboral","status":"publish","type":"post","link":"https:\/\/www.europesays.com\/pt\/185479\/","title":{"rendered":"Ministra convoca UGT para reuni\u00e3o na ter\u00e7a-feira para discutir altera\u00e7\u00f5es \u00e0 lei laboral"},"content":{"rendered":"<p data-remotead-prev-elm=\"true\" data-remotead-elm-id=\"inread\">&#8220;Apesar da realiza\u00e7\u00e3o da greve geral que interrompeu o processo negocial que estava em curso, a ministra do Trabalho, Solidariedade e Seguran\u00e7a Social convocou hoje, um dia a seguir \u00e0 greve geral, a UGT para uma reuni\u00e3o na pr\u00f3xima ter\u00e7a-feira, \u00e0s 17 horas, para prosseguir as negocia\u00e7\u00f5es&#8221;, revela a ministra do Trabalho, Solidariedade e Seguran\u00e7a Social, citada na nota do minist\u00e9rio enviada \u00e0 Lusa.<\/p>\n<p>A convocat\u00f3ria surge <strong>um dia depois da greve geral<\/strong> convocada pela CGTP e UGT contra as altera\u00e7\u00f5es \u00e0 lei laboral propostas pelo Governo e que est\u00e3o a ser discutidas em Concerta\u00e7\u00e3o Social.<\/p>\n<p>O secret\u00e1rio-geral da CGTP afirmou na quinta-feira que a paralisa\u00e7\u00e3o foi &#8220;uma das maiores greves gerais de sempre, se n\u00e3o mesmo a maior greve geral de sempre&#8221;, tendo contado com a ades\u00e3o de &#8220;mais de tr\u00eas milh\u00f5es de trabalhadores&#8221;.<\/p>\n<blockquote data-type=\"articles\" data-id=\"related-article-18029373\"><p>\n              <strong>Leia tamb\u00e9m <\/strong><br \/>\n              <a href=\"https:\/\/www.jn.pt\/nacional\/artigo\/governo-e-sindicatos-em-guerra-de-numeros-com-o-povo-na-rua\/18029373\" rel=\"nofollow noopener\" target=\"_blank\">Governo e sindicatos em guerra de n\u00fameros com o povo na rua<\/a>\n            <\/p><\/blockquote>\n<p data-remotead-prev-elm=\"true\" data-remotead-elm-id=\"centro1\">&#8220;Estamos perante uma<strong> impressionante resposta do mundo do trabalho<\/strong>. N\u00e3o \u00e0 volta a dar, n\u00e3o h\u00e1 margem de manobra que deixe qualquer espa\u00e7o para outra conclus\u00e3o&#8221;, disse ainda Tiago Oliveira, citado em comunicado, reiterando o apelo para que o Governo retire o pacote laboral da discuss\u00e3o.<\/p>\n<p>J\u00e1 do lado do Governo, numa declara\u00e7\u00e3o ao final da manh\u00e3 de quinta-feira, o ministro da Presid\u00eancia, Leit\u00e3o Amaro, afirmou que &#8220;a esmagadora maioria do pa\u00eds est\u00e1 a trabalhar&#8221;, argumentando que as transa\u00e7\u00f5es financeiras na SIBS estavam &#8220;com uma redu\u00e7\u00e3o de 7% face ao per\u00edodo normal&#8221; e que &#8220;o tr\u00e2nsito nas pontes do sul para Lisboa&#8221; estava a cair 5%.<\/p>\n<p>Real\u00e7ando que o Governo respeita o direito \u00e0 greve, Ant\u00f3nio Leit\u00e3o Amaro considerou ainda que o <strong>n\u00edvel de ades\u00e3o &#8220;\u00e9 inexpressivo<\/strong>, em particular no setor privado e social&#8221;.<\/p>\n<p data-remotead-prev-elm=\"true\" data-remotead-elm-id=\"centro2\">&#8220;Esta parece mais uma greve da fun\u00e7\u00e3o p\u00fablica&#8221;, disse ainda o governante, reconhecendo os impactos nos transportes ou nos &#8220;assistentes nas escolas&#8221;.<\/p>\n<p>&#8220;Ataque&#8221; aos direitos dos trabalhadores<\/p>\n<p>\u00c0 Lusa, o minist\u00e9rio do Trabalho confirmou ainda que est\u00e1 prevista uma reuni\u00e3o plen\u00e1ria com todos os parceiros sociais em sede de Concerta\u00e7\u00e3o Social para 14 de janeiro, como avan\u00e7ado pelo Expresso, e a poucos dias das elei\u00e7\u00f5es presidenciais.<\/p>\n<p>A proposta, designada &#8220;Trabalho XXI&#8221;, foi apresentada em 24 de julho pelo Governo e j\u00e1 mereceu o &#8216;rotundo n\u00e3o&#8217; das centrais sindicais, que argumentam que <strong>\u00e9 &#8220;um ataque&#8221; aos direitos<\/strong> dos trabalhadores.<\/p>\n<p data-remotead-prev-elm=\"true\" data-remotead-elm-id=\"centro3\">Por outro lado, as confedera\u00e7\u00f5es empresariais aplaudiram a reforma, ainda que digam que h\u00e1 espa\u00e7o para melhorias.<\/p>\n<p>Ap\u00f3s o an\u00fancio da greve geral, o Minist\u00e9rio do Trabalho entregou \u00e0 UGT uma nova proposta com algumas ced\u00eancias, deixando, por exemplo, cair a<strong> simplifica\u00e7\u00e3o dos despedimentos<\/strong> nas m\u00e9dias empresas, mas mantendo o regresso do banco de horas individual ou revoga\u00e7\u00e3o da norma que prev\u00ea restri\u00e7\u00f5es ao &#8216;outsourcing&#8217; em caso de despedimento, medidas bastante contestadas pelas centrais sindicais.<\/p>\n<p>O executivo tem reiterado que &#8220;n\u00e3o est\u00e1 dispon\u00edvel para retirar toda a proposta&#8221; e que quer manter as &#8220;traves mestras&#8221;, ainda que esteja aberto ao di\u00e1logo e vai dar &#8220;mais tempo&#8221; \u00e0 UGT para analisar a nova proposta.<\/p>\n<p data-remotead-prev-elm=\"true\" data-remotead-elm-id=\"centro4\">Em entrevista \u00e0 Lusa, o secret\u00e1rio-geral da UGT manifestou-se <strong>&#8220;confuso&#8221; com a disponibilidade do Governo<\/strong> para negociar a lei laboral, questionando se n\u00e3o haver\u00e1 &#8220;inten\u00e7\u00e3o de provocar&#8221; a central sindical para &#8220;uma rutura&#8221;, mas reiterou a abertura para negociar.<\/p>\n<p>J\u00e1 o secret\u00e1rio-geral da CGTP, tamb\u00e9m em entrevista \u00e0 Lusa, considerou &#8220;um erro&#8221; achar que a ministra do Trabalho est\u00e1 a fazer uma &#8220;leitura pr\u00f3pria&#8221; das propostas, apontando Montenegro como o &#8220;primeiro respons\u00e1vel&#8221;, e considera a abertura negocial &#8220;uma fal\u00e1cia&#8221;.<\/p>\n<p>A ministra do Trabalho, Ros\u00e1rio Palma Ramalho, j\u00e1 avisou que <strong>&#8220;n\u00e3o vai eternizar&#8221; a discuss\u00e3o<\/strong> na Concerta\u00e7\u00e3o Social, sendo que com ou sem acordo as altera\u00e7\u00f5es ter\u00e3o sempre que ser debatidas e negociadas no parlamento.<\/p>\n","protected":false},"excerpt":{"rendered":"&#8220;Apesar da realiza\u00e7\u00e3o da greve geral que interrompeu o processo negocial que estava em curso, a ministra do&hellip;\n","protected":false},"author":2,"featured_media":185480,"comment_status":"","ping_status":"","sticky":false,"template":"","format":"standard","meta":{"footnotes":""},"categories":[10],"tags":[27,28,15,16,31789,14,25,26,21,22,18425,619,12,13,19,20,32,23,24,33,17,18,31790,29,30,31],"class_list":{"0":"post-185479","1":"post","2":"type-post","3":"status-publish","4":"format-standard","5":"has-post-thumbnail","7":"category-portugal","8":"tag-breaking-news","9":"tag-breakingnews","10":"tag-featured-news","11":"tag-featurednews","12":"tag-greve-geral","13":"tag-headlines","14":"tag-latest-news","15":"tag-latestnews","16":"tag-main-news","17":"tag-mainnews","18":"tag-ministra-do-trabalho","19":"tag-nacional","20":"tag-news","21":"tag-noticias","22":"tag-noticias-principais","23":"tag-noticiasprincipais","24":"tag-portugal","25":"tag-principais-noticias","26":"tag-principaisnoticias","27":"tag-pt","28":"tag-top-stories","29":"tag-topstories","30":"tag-ugt","31":"tag-ultimas","32":"tag-ultimas-noticias","33":"tag-ultimasnoticias"},"share_on_mastodon":{"url":"https:\/\/pubeurope.com\/@pt\/115707091716931956","error":""},"_links":{"self":[{"href":"https:\/\/www.europesays.com\/pt\/wp-json\/wp\/v2\/posts\/185479","targetHints":{"allow":["GET"]}}],"collection":[{"href":"https:\/\/www.europesays.com\/pt\/wp-json\/wp\/v2\/posts"}],"about":[{"href":"https:\/\/www.europesays.com\/pt\/wp-json\/wp\/v2\/types\/post"}],"author":[{"embeddable":true,"href":"https:\/\/www.europesays.com\/pt\/wp-json\/wp\/v2\/users\/2"}],"replies":[{"embeddable":true,"href":"https:\/\/www.europesays.com\/pt\/wp-json\/wp\/v2\/comments?post=185479"}],"version-history":[{"count":0,"href":"https:\/\/www.europesays.com\/pt\/wp-json\/wp\/v2\/posts\/185479\/revisions"}],"wp:featuredmedia":[{"embeddable":true,"href":"https:\/\/www.europesays.com\/pt\/wp-json\/wp\/v2\/media\/185480"}],"wp:attachment":[{"href":"https:\/\/www.europesays.com\/pt\/wp-json\/wp\/v2\/media?parent=185479"}],"wp:term":[{"taxonomy":"category","embeddable":true,"href":"https:\/\/www.europesays.com\/pt\/wp-json\/wp\/v2\/categories?post=185479"},{"taxonomy":"post_tag","embeddable":true,"href":"https:\/\/www.europesays.com\/pt\/wp-json\/wp\/v2\/tags?post=185479"}],"curies":[{"name":"wp","href":"https:\/\/api.w.org\/{rel}","templated":true}]}}