{"id":185505,"date":"2025-12-12T14:48:44","date_gmt":"2025-12-12T14:48:44","guid":{"rendered":"https:\/\/www.europesays.com\/pt\/185505\/"},"modified":"2025-12-12T14:48:44","modified_gmt":"2025-12-12T14:48:44","slug":"morreu-a-atriz-gloria-de-matos-5","status":"publish","type":"post","link":"https:\/\/www.europesays.com\/pt\/185505\/","title":{"rendered":"Morreu a atriz Gl\u00f3ria de Matos"},"content":{"rendered":"<p>\t                Dos palcos ao ensino, Gl\u00f3ria de Matos foi distinguida com v\u00e1rios pr\u00e9mios, um deles pelo cl\u00e1ssico &#8220;Quem Tem Medo de Virginia Woolf?&#8221;. Com uma carreira multifacetada a atriz morreu aos 89 anos<\/p>\n<p style=\"margin-bottom:11px\">Morreu a atriz Gl\u00f3ria de Matos, esta quinta-feira, aos 89 anos. A not\u00edcia foi confirmada por uma sobrinha da artista, que foi v\u00edtima de insufici\u00eancia card\u00edaca.<\/p>\n<p>\u201cO\u00a0corpo estar\u00e1 em c\u00e2mara ardente na Igreja de S. Jo\u00e3o de Deus em Lisboa, s\u00e1bado entre as 18h e as 22h e domingo entre as 12h e as 15h30, hora em que decorrer\u00e1 uma missa de corpo presente e o corpo\u00a0seguir\u00e1 para o Cemit\u00e9rio do Alto de S. Jo\u00e3o\u201d, adianta a nota da fam\u00edlia da atriz.<\/p>\n<p>Gl\u00f3ria de Matos iniciou a atividade como atriz em 1954, integrando o Grupo de Teatro da Casa da Com\u00e9dia, onde depois fez parte da dire\u00e7\u00e3o.<\/p>\n<p>Anos mais tarde, entre 1960 e 1965, continuou a sua forma\u00e7\u00e3o em teatro fora de Portugal e foi aluna da Bristol Old Vic Theatre School, em Londres, frequentando o Curso Superior de Teatro, com o apoio de uma bolsa da Funda\u00e7\u00e3o Calouste Gulbenkian.<\/p>\n<p>J\u00e1 em Portugal, em 1971, a atriz foi distinguida com o Pr\u00e9mio Imprensa, na categoria de Melhor Int\u00e9rprete de Teatro a prop\u00f3sito da sua interpreta\u00e7\u00e3o na pe\u00e7a &#8220;Quem Tem Medo de Virginia Woolf?&#8221;. Um ano depois foi premiada novamente, desta vez com o Pr\u00e9mio Lucinda Sim\u00f5es na categoria de Teatro, de acordo com o comunidado divulgado pela sobrinha.<\/p>\n<p>Gl\u00f3ria de Matos foi uma das atrizes de teatro que Manoel de Oliveira frequentemente escolhia para integrar os seus elencos, participando em seis longas-metragens, incluindo Benilde ou a Virgem M\u00e3e (1974), Francisca (1980), Os Canibais (1988), Vale Abra\u00e3o (1993), O quinto Imp\u00e9rio (2004) e Espelho M\u00e1gico (2005). Na televis\u00e3o, a atriz chegou a coapresentar o Festival RTP da Can\u00e7\u00e3o de 1974, edi\u00e7\u00e3o que consagrou a can\u00e7\u00e3o &#8220;E Depois do Adeus&#8221; de Paulo de Carvalho.<\/p>\n<p>Fora dos palcos, desenvolveu uma carreira na \u00e1rea da educa\u00e7\u00e3o como professora. Deu aulas na Escola de Teatro do Conservat\u00f3rio Nacional, entre 1971 e 1975, e na Escola Superior de Teatro e Cinema (ESTC), de 1980 a 1999. Fez ainda parte da Reforma do Ensino Art\u00edstico de 1971 a convite de Madalena Perdig\u00e3o. Lecionou tamb\u00e9m a disciplina de Express\u00e3o Oral no Curso de Mestrado em Comunica\u00e7\u00e3o Educacional e Multim\u00e9dia na Universidade Aberta. Com um curr\u00edculo que se estende \u00e0 comunica\u00e7\u00e3o social e forma\u00e7\u00e3o, foi Orientadora no Centro de Forma\u00e7\u00e3o da RTP durante doze anos. Foi ainda assessora da Secretaria de Estado da Cultura e do Instituto de Artes C\u00e9nicas.<\/p>\n<p>A \u00faltima atua\u00e7\u00e3o de Gl\u00f3ria de Matos ocorreu em 2017 na pe\u00e7a \u201cOdeio-te, Meu Amor\u201d, de Franz Xaver Kroetz, juntamente com Lu\u00eds Miguel Cintra numa encena\u00e7\u00e3o de Ricardo Pais, no Teatro Nacional D. Maria II.<\/p>\n","protected":false},"excerpt":{"rendered":"Dos palcos ao ensino, Gl\u00f3ria de Matos foi distinguida com v\u00e1rios pr\u00e9mios, um deles pelo cl\u00e1ssico &#8220;Quem Tem&hellip;\n","protected":false},"author":2,"featured_media":185506,"comment_status":"","ping_status":"","sticky":false,"template":"","format":"standard","meta":{"footnotes":""},"categories":[8],"tags":[609,611,1753,27,28,470,607,608,315,3144,610,870,15,16,37618,14,25,26,570,170,21,22,37727,150,12,13,19,20,32,23,24,33,941,2387,17,18,29,30,31],"class_list":{"0":"post-185505","1":"post","2":"type-post","3":"status-publish","4":"format-standard","5":"has-post-thumbnail","7":"category-principais-noticias","8":"tag-alerta","9":"tag-ao-minuto","10":"tag-artes","11":"tag-breaking-news","12":"tag-breakingnews","13":"tag-cinema","14":"tag-cnn","15":"tag-cnn-portugal","16":"tag-cultura","17":"tag-danca","18":"tag-direto","19":"tag-eventos","20":"tag-featured-news","21":"tag-featurednews","22":"tag-gloria-de-matos","23":"tag-headlines","24":"tag-latest-news","25":"tag-latestnews","26":"tag-live","27":"tag-livros","28":"tag-main-news","29":"tag-mainnews","30":"tag-morreu-gloria-de-matos","31":"tag-musica","32":"tag-news","33":"tag-noticias","34":"tag-noticias-principais","35":"tag-noticiasprincipais","36":"tag-portugal","37":"tag-principais-noticias","38":"tag-principaisnoticias","39":"tag-pt","40":"tag-series","41":"tag-teatro","42":"tag-top-stories","43":"tag-topstories","44":"tag-ultimas","45":"tag-ultimas-noticias","46":"tag-ultimasnoticias"},"share_on_mastodon":{"url":"https:\/\/pubeurope.com\/@pt\/115707151015880992","error":""},"_links":{"self":[{"href":"https:\/\/www.europesays.com\/pt\/wp-json\/wp\/v2\/posts\/185505","targetHints":{"allow":["GET"]}}],"collection":[{"href":"https:\/\/www.europesays.com\/pt\/wp-json\/wp\/v2\/posts"}],"about":[{"href":"https:\/\/www.europesays.com\/pt\/wp-json\/wp\/v2\/types\/post"}],"author":[{"embeddable":true,"href":"https:\/\/www.europesays.com\/pt\/wp-json\/wp\/v2\/users\/2"}],"replies":[{"embeddable":true,"href":"https:\/\/www.europesays.com\/pt\/wp-json\/wp\/v2\/comments?post=185505"}],"version-history":[{"count":0,"href":"https:\/\/www.europesays.com\/pt\/wp-json\/wp\/v2\/posts\/185505\/revisions"}],"wp:featuredmedia":[{"embeddable":true,"href":"https:\/\/www.europesays.com\/pt\/wp-json\/wp\/v2\/media\/185506"}],"wp:attachment":[{"href":"https:\/\/www.europesays.com\/pt\/wp-json\/wp\/v2\/media?parent=185505"}],"wp:term":[{"taxonomy":"category","embeddable":true,"href":"https:\/\/www.europesays.com\/pt\/wp-json\/wp\/v2\/categories?post=185505"},{"taxonomy":"post_tag","embeddable":true,"href":"https:\/\/www.europesays.com\/pt\/wp-json\/wp\/v2\/tags?post=185505"}],"curies":[{"name":"wp","href":"https:\/\/api.w.org\/{rel}","templated":true}]}}