{"id":185509,"date":"2025-12-12T14:52:10","date_gmt":"2025-12-12T14:52:10","guid":{"rendered":"https:\/\/www.europesays.com\/pt\/185509\/"},"modified":"2025-12-12T14:52:10","modified_gmt":"2025-12-12T14:52:10","slug":"ana-tem-um-fraquinho-por-pedro-marisa-acredita-que-sim-e-expoe-tudo-nao-a-vejo-a-fazer-com-outros-secret-story","status":"publish","type":"post","link":"https:\/\/www.europesays.com\/pt\/185509\/","title":{"rendered":"Ana tem um fraquinho por Pedro? Marisa acredita que sim e exp\u00f5e tudo: \u00abN\u00e3o a vejo a fazer com outros&#8230;\u00bb &#8211; Secret Story"},"content":{"rendered":"<p>Ser\u00e1 que <strong>Ana tem interesse em Pedro? Marisa acredita que sim<\/strong> e n\u00e3o deixou nada por dizer. O tema foi discutido no Especial do <strong>Secret Story 9<\/strong> desta quinta-feira, 11 de dezembro.<\/p>\n<p><strong>Cristina Ferreira <\/strong><a href=\"https:\/\/tvi.iol.pt\/secretstory\/videos\/marisa-afirma-que-ana-esta-interessada-em-pedro-e-este-fica-de-olhos-arregalados\/693b3d500cf229bd2f8d5d95\" rel=\"nofollow noopener\" target=\"_blank\">chamou o casal Pedro e Marisa ao confession\u00e1rio para falarem sobre as cr\u00edticas que Ana<\/a> tem feito ao concorrente desde que o seu<a href=\"https:\/\/tvi.iol.pt\/secretstory\/cristina-ferreira\/pedro\/de-queixo-caido-e-com-as-maos-na-cabeca-marisa-beija-pedro-a-frente-de-todos-e-a-reacao-de-cristina-ferreira-e-impagavel\" rel=\"nofollow noopener\" target=\"_blank\"> segredo foi desvendado.<\/a><\/p>\n<p>A apresentadora quis saber se Pedro acha que Ana \u00abteve um interesse\u00bb por ele, uma vez que, no in\u00edcio do programa, os dois estiveram muito pr\u00f3ximos por causa da miss\u00e3o que lhes foi atribu\u00edda. \u00ab<strong>Eu acho que n\u00e3o. Ela frisou v\u00e1rias vezes que n\u00e3o sentia nada,<\/strong> e eu tamb\u00e9m fiz de tudo para que n\u00e3o houvesse essa abertura\u00bb, respondeu Pedro<\/p>\n<p>No entanto, Marisa tem uma opini\u00e3o muito diferente. <strong>\u00abEu acho que, depois disto que aconteceu, vejo que a Ana poderia ter qualquer coisinha pelo Pedro, sim. Estou a falar a s\u00e9rio\u00bb<\/strong>, disse, deixando o Pedro estupefacto.<\/p>\n<p>\u00abEu n\u00e3o estou na cabe\u00e7a da Ana, e eu adoro a Ana, mas <strong>ela tem a necessidade de se justificar ao Pedro de qualquer atitude que ela tome<\/strong>, coisa que eu n\u00e3o a vejo fazer com os outros&#8230; pode ser por terem entrado juntos e terem uma maior afinidade, mas&#8230;\u00bb, acrescentou.<\/p>\n<p>Pedro assume-se desiludido com Ana: \u00abEla tem mostrado&#8230;\u00bb <\/p>\n<p>Questionado por Cristina Ferreira sobre se queria tirar<a href=\"https:\/\/tvi.iol.pt\/secretstory\/videos\/nao-houve-um-interesse-pelo-pedro-ana-responde-a-duvida-que-esta-a-gerar-o-caos\/693b3fda0cf2559133762899\" rel=\"nofollow noopener\" target=\"_blank\"> esta hist\u00f3ria a limpo com Ana<\/a>, Pedro garantiu que n\u00e3o quer.<\/p>\n<p>\u00abEstou um bocado triste com ela. Ela guardou ali v\u00e1rias coisas e, ao longo do programa, tem mostrado uma coisa completamente diferente daquilo que eu pensei que est\u00e1vamos a sentir um pelo outro, no sentido de amizade. Achei que est\u00e1vamos est\u00e1veis&#8230;\u00bb, findou.<\/p>\n<p><strong>Veja aqui o v\u00eddeo do momento:<\/strong><\/p>\n","protected":false},"excerpt":{"rendered":"Ser\u00e1 que Ana tem interesse em Pedro? Marisa acredita que sim e n\u00e3o deixou nada por dizer. O&hellip;\n","protected":false},"author":2,"featured_media":185510,"comment_status":"","ping_status":"","sticky":false,"template":"","format":"standard","meta":{"footnotes":""},"categories":[142],"tags":[6340,114,115,19184,18800,14646,32,33,151,162,18801],"class_list":{"0":"post-185509","1":"post","2":"type-post","3":"status-publish","4":"format-standard","5":"has-post-thumbnail","7":"category-tv","8":"tag-ana","9":"tag-entertainment","10":"tag-entretenimento","11":"tag-marisa","12":"tag-momentos-virais-secret-story","13":"tag-pedro","14":"tag-portugal","15":"tag-pt","16":"tag-tv","17":"tag-tvi","18":"tag-videos-virais-concorrentes"},"share_on_mastodon":{"url":"https:\/\/pubeurope.com\/@pt\/115707166450505606","error":""},"_links":{"self":[{"href":"https:\/\/www.europesays.com\/pt\/wp-json\/wp\/v2\/posts\/185509","targetHints":{"allow":["GET"]}}],"collection":[{"href":"https:\/\/www.europesays.com\/pt\/wp-json\/wp\/v2\/posts"}],"about":[{"href":"https:\/\/www.europesays.com\/pt\/wp-json\/wp\/v2\/types\/post"}],"author":[{"embeddable":true,"href":"https:\/\/www.europesays.com\/pt\/wp-json\/wp\/v2\/users\/2"}],"replies":[{"embeddable":true,"href":"https:\/\/www.europesays.com\/pt\/wp-json\/wp\/v2\/comments?post=185509"}],"version-history":[{"count":0,"href":"https:\/\/www.europesays.com\/pt\/wp-json\/wp\/v2\/posts\/185509\/revisions"}],"wp:featuredmedia":[{"embeddable":true,"href":"https:\/\/www.europesays.com\/pt\/wp-json\/wp\/v2\/media\/185510"}],"wp:attachment":[{"href":"https:\/\/www.europesays.com\/pt\/wp-json\/wp\/v2\/media?parent=185509"}],"wp:term":[{"taxonomy":"category","embeddable":true,"href":"https:\/\/www.europesays.com\/pt\/wp-json\/wp\/v2\/categories?post=185509"},{"taxonomy":"post_tag","embeddable":true,"href":"https:\/\/www.europesays.com\/pt\/wp-json\/wp\/v2\/tags?post=185509"}],"curies":[{"name":"wp","href":"https:\/\/api.w.org\/{rel}","templated":true}]}}