{"id":185511,"date":"2025-12-12T14:53:16","date_gmt":"2025-12-12T14:53:16","guid":{"rendered":"https:\/\/www.europesays.com\/pt\/185511\/"},"modified":"2025-12-12T14:53:16","modified_gmt":"2025-12-12T14:53:16","slug":"bandnews-fm-estreia-o-especial-devaneios-na-programacao-de-fim-de-ano","status":"publish","type":"post","link":"https:\/\/www.europesays.com\/pt\/185511\/","title":{"rendered":"BandNews FM estreia o especial \u201cDevaneios\u201d na programa\u00e7\u00e3o de fim de ano"},"content":{"rendered":"<p>A Rede BandNews FM, liderada pela\u00a0<strong>BandNews FM 96.9 de S\u00e3o Paulo,<\/strong>\u00a0passa a contar, a partir da\u00a0pr\u00f3xima segunda-feira (1<strong>5)<\/strong>, com o especial <strong>\u201cDevaneios \u2013 Especial de Fim de Ano\u201d<\/strong>. A iniciativa marca o retorno de um formato tradicional na emissora, que combina literatura e r\u00e1dio. Os boletins ser\u00e3o exibidos at\u00e9 <strong>4 de janeiro<\/strong>, tr\u00eas vezes ao dia, entre <strong>6h e 19h<\/strong>.<\/p>\n<p>Com dura\u00e7\u00e3o aproximada de <strong>dois minutos<\/strong>, os conte\u00fados trar\u00e3o <strong>poesias e haicais<\/strong> interpretados por <strong>\u00e2ncoras e apresentadores da BandNews FM<\/strong>, como <strong>Sheila Magalh\u00e3es, Luiz Megale, Carla Bigatto e Rodolfo Schneider<\/strong>. As grava\u00e7\u00f5es t\u00eam como proposta transmitir mensagens relacionadas ao encerramento de 2025 e ao in\u00edcio de 2026.<\/p>\n<p style=\"text-align: center;\"><img decoding=\"async\" alt=\"\" src=\"https:\/\/www.europesays.com\/pt\/wp-content\/uploads\/2025\/12\/693af3bf99284.jpeg\" style=\"height:600px; width:539px\" \/><br \/>&#13;<br \/>\nRodolfo Schneider vai participar do projeto Devaneios &#8211; Foto: Divulga\u00e7\u00e3o<\/p>\n<p>O projeto retoma uma tradi\u00e7\u00e3o da emissora, que j\u00e1 contou com quadros semelhantes, como <strong>\u201cQuadrante\u201d<\/strong>, com <strong>Paulo Autran<\/strong>, e <strong>\u201cDevaneios\u201d<\/strong>, com <strong>Juca de Oliveira<\/strong>. Ambos foram reconhecidos por apresentarem textos liter\u00e1rios interpretados por nomes da dramaturgia nacional.<\/p>\n<p>O <strong>\u201cDevaneios \u2013 Especial de Fim de Ano\u201d<\/strong> integra a programa\u00e7\u00e3o da <strong>BandNews FM<\/strong> em rede nacional com a presen\u00e7a de conte\u00fados culturais na grade da emissora durante o per\u00edodo de festas. Nos \u00faltimos anos, o\u00a0projeto Devaneios entrou na grade da emissora de forma sazonal, como em fins de ano e datas comemorativas.<\/p>\n<p>&#13;<br \/>\n\t\t\t\tTags:&#13;<br \/>\n\t\t\t\tBandNews FM, Devaneios, r\u00e1dio jornalismo, programa\u00e7\u00e3o especial, fim de ano, literatura no r\u00e1dio, rede BandNews&#13;\n\t\t\t<\/p>\n","protected":false},"excerpt":{"rendered":"A Rede BandNews FM, liderada pela\u00a0BandNews FM 96.9 de S\u00e3o Paulo,\u00a0passa a contar, a partir da\u00a0pr\u00f3xima segunda-feira (15),&hellip;\n","protected":false},"author":2,"featured_media":185512,"comment_status":"","ping_status":"","sticky":false,"template":"","format":"standard","meta":{"footnotes":""},"categories":[141],"tags":[28494,25409,114,115,28144,37729,149,150,32,37728,33,28214,37730],"class_list":{"0":"post-185511","1":"post","2":"type-post","3":"status-publish","4":"format-standard","5":"has-post-thumbnail","7":"category-musica","8":"tag-bandnews-fm","9":"tag-devaneios","10":"tag-entertainment","11":"tag-entretenimento","12":"tag-fim-de-ano","13":"tag-literatura-no-radio","14":"tag-music","15":"tag-musica","16":"tag-portugal","17":"tag-programacao-especial","18":"tag-pt","19":"tag-radio-jornalismo","20":"tag-rede-bandnews"},"share_on_mastodon":{"url":"https:\/\/pubeurope.com\/@pt\/115707171579165782","error":""},"_links":{"self":[{"href":"https:\/\/www.europesays.com\/pt\/wp-json\/wp\/v2\/posts\/185511","targetHints":{"allow":["GET"]}}],"collection":[{"href":"https:\/\/www.europesays.com\/pt\/wp-json\/wp\/v2\/posts"}],"about":[{"href":"https:\/\/www.europesays.com\/pt\/wp-json\/wp\/v2\/types\/post"}],"author":[{"embeddable":true,"href":"https:\/\/www.europesays.com\/pt\/wp-json\/wp\/v2\/users\/2"}],"replies":[{"embeddable":true,"href":"https:\/\/www.europesays.com\/pt\/wp-json\/wp\/v2\/comments?post=185511"}],"version-history":[{"count":0,"href":"https:\/\/www.europesays.com\/pt\/wp-json\/wp\/v2\/posts\/185511\/revisions"}],"wp:featuredmedia":[{"embeddable":true,"href":"https:\/\/www.europesays.com\/pt\/wp-json\/wp\/v2\/media\/185512"}],"wp:attachment":[{"href":"https:\/\/www.europesays.com\/pt\/wp-json\/wp\/v2\/media?parent=185511"}],"wp:term":[{"taxonomy":"category","embeddable":true,"href":"https:\/\/www.europesays.com\/pt\/wp-json\/wp\/v2\/categories?post=185511"},{"taxonomy":"post_tag","embeddable":true,"href":"https:\/\/www.europesays.com\/pt\/wp-json\/wp\/v2\/tags?post=185511"}],"curies":[{"name":"wp","href":"https:\/\/api.w.org\/{rel}","templated":true}]}}