{"id":185513,"date":"2025-12-12T14:54:11","date_gmt":"2025-12-12T14:54:11","guid":{"rendered":"https:\/\/www.europesays.com\/pt\/185513\/"},"modified":"2025-12-12T14:54:11","modified_gmt":"2025-12-12T14:54:11","slug":"streaming-veja-filmes-e-documentarios-sobre-fotografia-11-12-2025-ilustrada","status":"publish","type":"post","link":"https:\/\/www.europesays.com\/pt\/185513\/","title":{"rendered":"Streaming: veja filmes e document\u00e1rios sobre fotografia &#8211; 11\/12\/2025 &#8211; Ilustrada"},"content":{"rendered":"<p>Esta \u00e9 a edi\u00e7\u00e3o da Maratonar, a newsletter da <strong>Folha <\/strong>que ajuda voc\u00ea a se achar no meio de tantas op\u00e7\u00f5es de <a href=\"https:\/\/www1.folha.uol.com.br\/folha-topicos\/series\/\" rel=\"nofollow noopener\" target=\"_blank\">s\u00e9ries<\/a> e filmes no <a href=\"https:\/\/www1.folha.uol.com.br\/folha-topicos\/streaming\/\" rel=\"nofollow noopener\" target=\"_blank\">streaming<\/a>. Quer receb\u00ea-la todas as sextas no seu email? Inscreva-se abaixo:<\/p>\n<p>    Maratonar<\/p>\n<p class=\"c-newsletter__subtitle\">Um guia com dicas de filmes e s\u00e9ries para assistir no streaming<\/p>\n<p>Em outubro, quando houve a Mostra de <a href=\"https:\/\/www1.folha.uol.com.br\/folha-topicos\/cinema\/\" rel=\"nofollow noopener\" target=\"_blank\">Cinema<\/a> de S\u00e3o Paulo, uma das minhas prioridades na programa\u00e7\u00e3o era conseguir assistir ao pequeno &#8220;O Dia de Peter Hujar&#8221; (&#8220;Peter Hujar\u2019s Day&#8221;).<\/p>\n<p>Dirigido por Ira Sachs (<a href=\"https:\/\/www1.folha.uol.com.br\/ilustrada\/2023\/08\/em-passagens-ira-sachs-usa-sexo-para-desvendar-dor-de-relacionamento.shtml\" rel=\"nofollow noopener\" target=\"_blank\">do meu amado &#8220;Passagens&#8221;, 2023, Mubi<\/a>), o filme, de apenas 76 minutos, encena uma conversa entre a escritora Linda Rosencrantz (interpretada por Rebecca Hall) e o fot\u00f3grafo Peter Hujar (Ben Whishaw), em 1974, em que ele reconta tudo o que fez no dia anterior \u2014quando, coincidentemente, tirou um <a href=\"https:\/\/peterhujararchive.com\/images\/eph_5498-1\/\" target=\"_blank\" rel=\"nofollow noopener\">retrato agora famoso de Allen Ginsberg<\/a>.<\/p>\n<p>O papo era parte de um projeto de Rosencrantz, que pretendia escrever um livro sobre o cotidiano de artistas em Nova York, mas que nunca se concretizou. S\u00f3 o que restou foi a transcri\u00e7\u00e3o dessa conversa, descoberta h\u00e1 poucos anos.<\/p>\n<p>S\u00e3o s\u00f3 os dois atores num apartamento, discutindo os detalhes mundanos, mas nunca retratados, do trabalho de viver de <a href=\"https:\/\/www1.folha.uol.com.br\/folha-topicos\/arte\/\" rel=\"nofollow noopener\" target=\"_blank\">arte<\/a> (cobrar pagamentos, lidar com sujeitos dif\u00edceis, decidir o que jantar), mas &#8220;O Dia de Peter Hujar&#8221; deu um jeito de ficar na minha mente.<\/p>\n<p>Por enquanto, o filme n\u00e3o tem distribui\u00e7\u00e3o no Brasil, mas a esperan\u00e7a \u00e9 a \u00faltima que morre. Enquanto aguardamos, trago uma sele\u00e7\u00e3o de s\u00e9ries e filmes, documentais e ficcionais, sobre fotografia.<\/p>\n<p>Document\u00e1rios<\/p>\n<p><b>O Freelancer: O homem por tr\u00e1s da foto (2025)<\/b><\/p>\n<p>The Stringer: The Man Who Took the Photo, <a href=\"https:\/\/www1.folha.uol.com.br\/folha-topicos\/netflix\/\" rel=\"nofollow noopener\" target=\"_blank\">Netflix<\/a>, 103 min. <\/p>\n<p>Document\u00e1rio que fez um tanto de barulho ao estrear no Festival de Sundance, em janeiro passado, <a href=\"https:\/\/www1.folha.uol.com.br\/ilustrada\/2025\/01\/fotografia-da-garota-do-napalm-pode-ter-sido-atribuida-ao-autor-errado.shtml\" rel=\"nofollow noopener\" target=\"_blank\">por afirmar que uma das fotos mais marcantes do s\u00e9culo 20, a da &#8220;A Menina do Napalm&#8221;<\/a>, teve sua autoria atribu\u00edda incorretamente a Nick Ut por mais de 50 anos \u2014de acordo com o filme de Bao Nguyen, o autor seria um freelancer vietnamita da Associated Press chamado Nguyen Thanh Nghe. <a href=\"https:\/\/www1.folha.uol.com.br\/mundo\/2025\/05\/world-press-photo-poe-em-duvida-autoria-de-iconica-foto-da-guerra-do-vietna.shtml\" rel=\"nofollow noopener\" target=\"_blank\">Ut nega as alega\u00e7\u00f5es do document\u00e1rio <\/a>e reafirma ser o fot\u00f3grafo que capturou a imagem.<\/p>\n<p><b>Love+War (2025)<\/b><\/p>\n<p>Disney+, 95 min.<\/p>\n<p>Os documentaristas ganhadores do Oscar Elizabeth Chai Vasarhelyi e Jimmy Chin, diretores de &#8220;Free Solo&#8221; (2018, Disney+), acompanham a fot\u00f3grafa do New York Times e ganhadora do Pulitzer Lynsey Addario em fronts como os da Guerra da Ucr\u00e2nia, e em sua vida dom\u00e9stica, nos EUA.<\/p>\n<p><b>Photographer (2024)<\/b><\/p>\n<p>Disney+, seis epis\u00f3dios. <\/p>\n<p>Produ\u00e7\u00e3o da National Geographic mostra, em cada cap\u00edtulo, o trabalho de diferentes fot\u00f3grafos, do ativismo ambiental de Paul Nicklen e Cristina Mittermeier aos retratos da alta moda de Campbell Addy. Meu epis\u00f3dio favorito \u00e9 o que detalha o processo do bi\u00f3logo Anand Varma, cujo foco \u00e9 a ci\u00eancia.<\/p>\n<p><strong><a href=\"https:\/\/www1.folha.uol.com.br\/ilustrada\/2025\/03\/camera-entre-balas-revela-motivacoes-que-movem-os-fotojornalistas-de-guerra.shtml\" rel=\"nofollow noopener\" target=\"_blank\">C\u00e2mera Entre Balas (2025)<\/a><\/strong><\/p>\n<p>HBO Max, uma temporada, oito epis\u00f3dios<\/p>\n<p>Outra s\u00e9rie documental que acompanha, a cada epis\u00f3dio, um fot\u00f3grafo diferente em zonas de conflito e crises humanit\u00e1rias. Entre os retratados est\u00e3o os brasileiros Gabriel Chaim e Felipe Dana.<\/p>\n<p><strong><a href=\"https:\/\/www1.folha.uol.com.br\/ilustrada\/2015\/03\/1608441-sem-legenda-o-sal-da-terra-remexe-em-questoes-familiares-de-sebastiao-salgado.shtml\" rel=\"nofollow noopener\" target=\"_blank\">O Sal da Terra (2014)<\/a><\/strong><\/p>\n<p>Reserva Imovision, CurtaOn! e Aquarius, 110 min. <\/p>\n<p>Document\u00e1rio indicado ao Oscar, analisa 40 anos de carreira do <a href=\"https:\/\/www1.folha.uol.com.br\/ilustrada\/2025\/05\/morre-aos-81-anos-sebastiao-salgado-um-dos-maiores-fotografos-do-mundo.shtml\" rel=\"nofollow noopener\" target=\"_blank\">maior fot\u00f3grafo do Brasil, Sebasti\u00e3o Salgado<\/a>. \u00c9 codirigido por Wim Wenders e Juliano Ribeiro Salgado, filho do artista que o acompanhou em parte das viagens de um de seus \u00faltimos grandes projetos, que visava capturar a natureza intocada e comunidades que vivem nesses locais.<\/p>\n<p>Fic\u00e7\u00e3o<\/p>\n<p><b>Lee (2023)<\/b><\/p>\n<p>Prime Video, 117 min. <\/p>\n<p><a href=\"https:\/\/f5.folha.uol.com.br\/cinema-e-series\/2025\/03\/kate-winslet-e-modelo-que-virou-correspondente-de-guerra-em-filme-ela-viveu-muitas-vidas.shtml\" rel=\"nofollow noopener\" target=\"_blank\">Projeto do cora\u00e7\u00e3o de Kate Winslet<\/a>, que lutou por anos para lev\u00e1-lo \u00e0s telas. Conta <a href=\"https:\/\/www1.folha.uol.com.br\/ilustrada\/2024\/09\/a-fascinante-vida-da-modelo-que-virou-fotografa-retratou-os-horrores-da-2a-guerra-e-foi-clicada-na-banheira-de-hitler.shtml\" rel=\"nofollow noopener\" target=\"_blank\">a hist\u00f3ria de Lee Miller<\/a> (interpretada por Winslet), que come\u00e7a a carreira como uma top model, mas acaba se tornando fot\u00f3grafa durante a Segunda Guerra Mundial, desbravando os frontes na Alemanha pela revista Vogue e produzindo imagens indel\u00e9veis.<\/p>\n<p>O filme \u00e9 competente, e teria, 20 anos atr\u00e1s, feito um estrago nas premia\u00e7\u00f5es. Mas se esfor\u00e7a demais em tentar parecer s\u00e9rio e importante, quando o assunto j\u00e1 \u00e9 s\u00e9rio e importante.<\/p>\n<p><strong><a href=\"https:\/\/guia.folha.uol.com.br\/cinema\/2014\/11\/1543831-com-juliette-binoche-filme-mil-vezes-boa-noite-discute-o-papel-da-mulher.shtml\" rel=\"nofollow noopener\" target=\"_blank\">Mil Vezes Boa Noite (2013)<\/a><\/strong><\/p>\n<p>Tusen ganger god natt. Filmelier+, AppleTV (aluguel), 111 min. <\/p>\n<p>Juliette Binoche interpreta Rebecca, uma fot\u00f3grafa de guerra infiltrada em Cabul, no Afeganist\u00e3o, onde acompanha uma mulher-bomba. Quando os riscos \u00e0 sua vida se tornam mais e mais graves, seu marido e suas filhas, na Irlanda, lhe d\u00e3o um ultimato: a guerra, ou a fam\u00edlia.<\/p>\n<p><b>Janela Indiscreta (1954)<\/b><\/p>\n<p>Rear Window. Belas Artes \u00e0 La Carte e Oldflix, 112 min. <\/p>\n<p>Nem todo fot\u00f3grafo trabalha buscando o perigo. Alguns s\u00e3o s\u00f3 xeretas mesmo, como L.B. Jeffries (James Stewart), que ao se ver preso em casa devido a uma perna quebrada, passa o tempo observando os vizinhos pela janela \u2014at\u00e9 que testemunha o que acredita ser um crime, e a\u00ed o perigo \u00e9 que vem \u00e0 sua porta.<\/p>\n<p><b>Blow-Up &#8211; Depois Daquele Beijo (1966)<\/b><\/p>\n<p>Blow-Up. Dispon\u00edvel para aluguel (Amazon e iTunes), 111 min. <\/p>\n<p>Thomas (David Hemmings), entediado com seu trabalho fotografando modelos, escapa de suas responsabilidades dando um passeio em um parque, onde captura sem autoriza\u00e7\u00e3o cenas de um casal. Ao revelar as imagens, ele passa a achar que tamb\u00e9m testemunhou um assassinato.<\/p>\n<p><b>Terra de Deus (2022)<\/b><\/p>\n<p>Vanskabte Land. Filmicca e Arte1premium, 143 min. <\/p>\n<p>Um jovem pastor luterano dinamarqu\u00eas recebe a miss\u00e3o de estabelecer uma igreja numa parte remota da Isl\u00e2ndia, no fim do s\u00e9culo 19, tarefa que p\u00f5e \u00e0 prova sua f\u00e9 e seu corpo. Ele decide fazer a travessia a p\u00e9, em vez de pegar um barco, para conhecer as paisagens da ilha, as quais registra com uma c\u00e2mera \u2014a introdu\u00e7\u00e3o do filme diz que as imagens s\u00e3o reais, mas foram inventadas pelo diretor, Hlynur P\u00e1lmason, e produzidas para o longa.<\/p>\n<p>O que est\u00e1 chegando<\/p>\n<p>As novidades nas principais plataformas de streaming<\/p>\n<p><b>Mad Men (2007-15)<\/b><\/p>\n<p>Chega ao Disney+ no domingo (14), sete temporadas, 92 epis\u00f3dios. <\/p>\n<p>Esta edi\u00e7\u00e3o est\u00e1 cheia de recomenda\u00e7\u00f5es, mas se for para te dar apenas um conselho, largue tudo e assista (ou reassista) a &#8220;Mad Men&#8221;, uma s\u00e9rie que continua t\u00e3o boa quanto no dia em que estreou, apesar de sua influ\u00eancia na propaga\u00e7\u00e3o de m\u00f3veis com p\u00e9s palito.<\/p>\n<p>Para quem n\u00e3o se lembra, a s\u00e9rie (tamb\u00e9m dispon\u00edvel no Lionsgate+), acompanha de um lado Don Draper (Jon Hamm), um publicit\u00e1rio cheio de segredos na Madison Avenue, em Nova York, nos anos 1960, e de outro sua secret\u00e1ria, Peggy Olson (Elisabeth Moss, uma revela\u00e7\u00e3o).<\/p>\n<p><b>Verdade Oculta<\/b><\/p>\n<p>The Lowdown. Disney+, oito epis\u00f3dios.<\/p>\n<p>Lee Raybon (Ethan Hawke), um jornalista independente (autointitulado de &#8220;verdadeirista&#8221;), investiga uma conspira\u00e7\u00e3o em torno de uma morte em uma fam\u00edlia rica de Tulsa, Oklahoma. Descrita carinhosamente como parte do <a href=\"https:\/\/type-click-type.ghost.io\/the-best-stuff-i-watched-in-2025\/\" target=\"_blank\" rel=\"nofollow noopener\">g\u00eanero &#8220;palha\u00e7o desenvolve um prop\u00f3sito na vida&#8221;<\/a>, a s\u00e9rie foi criada por Sterlin Harjo, pai da minha querida &#8220;Reservation Dogs&#8221;, e traz ainda Kyle MacLachlan, Jeanne Tripplehorn, Tracy Letts e Tim Blake Nelson.<\/p>\n<p><strong><a href=\"https:\/\/www1.folha.uol.com.br\/esporte\/2025\/06\/filme-da-f1-aposta-no-carisma-de-brad-pitt-e-em-consultoria-de-hamilton-para-atrair-novos-fas.shtml\" rel=\"nofollow noopener\" target=\"_blank\">F1: O Filme<\/a><\/strong><\/p>\n<p>F1. Chega nesta sexta (12) \u00e0 AppleTV, 155 min. <\/p>\n<p>Com acesso in\u00e9dito ao circuito da <a href=\"https:\/\/www1.folha.uol.com.br\/folha-topicos\/formula-1\/\" rel=\"nofollow noopener\" target=\"_blank\">F\u00f3rmula 1<\/a>, o filme coloca Brad Pitt no cockpit como Sonny Hayes, um ex-piloto que retorna ao esporte para orientar um jovem talentoso (Damson Idris). Em resumo, vrum-vrum.<\/p>\n<p><b><a href=\"https:\/\/www1.folha.uol.com.br\/folha-topicos\/taylor-swift\/\" rel=\"nofollow noopener\" target=\"_blank\">Taylor Swift<\/a> | The Eras Tour | The End Of An Era e Taylor Swift | The Eras Tour | The Final Show <\/b><\/p>\n<p>Estreiam na Disney+ nesta sexta (12). <\/p>\n<p>Dois novos especiais sobre a turn\u00ea gigantesca da cantora chegam \u00e0 Disney+, para acompanhar o filme de 2024 (&#8220;Taylor Swift | The Eras Tour (Taylor\u2019s Version)&#8221;). &#8220;The End Of An Era&#8221; \u00e9 uma miniss\u00e9rie documental em seis partes, com dois epis\u00f3dios novos por semana. J\u00e1 &#8220;The Final Show&#8221; \u00e9 a vers\u00e3o filmada da \u00faltima apresenta\u00e7\u00e3o da turn\u00ea, em Vancouver (Canad\u00e1), com as m\u00fasicas do seu pen\u00faltimo \u00e1lbum, &#8220;The Tortured Poets Society&#8221;.<\/p>\n<p><a href=\"https:\/\/www1.folha.uol.com.br\/ilustrada\/2025\/10\/the-mastermind-brilha-quando-troca-a-atitude-critica-pela-observacao.shtml\" rel=\"nofollow noopener\" target=\"_blank\"><strong>The Mastermind<\/strong> <\/a><\/p>\n<p>Chega \u00e0 Mubi nesta sexta (12), 110 min. <\/p>\n<p>A campanha publicit\u00e1ria (acidental, at\u00e9 que se prove o contr\u00e1rio!) deste filme tem sido um tanto explosiva: logo ap\u00f3s sua estreia no cinema, houve <a href=\"https:\/\/www1.folha.uol.com.br\/mundo\/2025\/10\/ladroes-invadem-museu-do-louvre-de-madrugada-e-levam-joias.shtml\" rel=\"nofollow noopener\" target=\"_blank\">o roubo no Louvre<\/a>. Menos de uma semana antes de sua chegada ao streaming, <a href=\"https:\/\/www1.folha.uol.com.br\/cotidiano\/2025\/12\/dois-homens-armados-invadem-biblioteca-mario-de-andrade-e-roubam-obras-de-arte.shtml\" rel=\"nofollow noopener\" target=\"_blank\">o assalto \u00e0 Biblioteca M\u00e1rio de Andrade<\/a>.<\/p>\n<p>JB Mooney (Josh O\u2019Connor), um daqueles caras cuja ambi\u00e7\u00e3o s\u00f3 \u00e9 superada pela pregui\u00e7a, arma um plano para roubar alguns quadros de um museu de sua pequena cidade em Massachusetts, em 1970. Ele tem certeza de que tudo vai dar certo, e \u00e9 por isso que tudo come\u00e7a a dar errado.<\/p>\n<p><strong><a href=\"https:\/\/www1.folha.uol.com.br\/ilustrada\/2025\/12\/novo-knives-out-usa-humor-e-daniel-craig-para-pregar-contra-o-fanatismo-religioso.shtml\" rel=\"nofollow noopener\" target=\"_blank\">Vivo ou Morto: Um Mist\u00e9rio Knives Out<\/a><\/strong><\/p>\n<p>Wake Up Dead Man: A Knives Out Mystery. Estreia na Netflix nesta sexta (12), 144 min. <\/p>\n<p>Terceira aventura de Benoit Blanc, o detetive sulista criado por Rian Johnson e interpretado por Daniel Craig. Nesta, Blanc \u00e9 convidado a investigar a morte de um monsenhor tempestuoso (Josh Brolin) e a pequena comunidade em que ele vivia. Com Josh O\u2019Connor, Glenn Close, Kerry Washington, Andrew Scott e mais.<\/p>\n<p><b>The Hunting Wives (2025-)<\/b><\/p>\n<p>Estreia na Netflix na pr\u00f3xima segunda (15), primeira temporada, dez epis\u00f3dios. <\/p>\n<p>Sophie (Brittany Snow) se muda com o marido e o filho da progressista Costa Leste dos EUA para uma comunidade extremamente conservadora no Texas \u2014ou que ao menos aparenta ser conservadora. A rec\u00e9m-chegada logo faz amizade com as novas vizinhas, atra\u00edda pelo charme de Margo (Malin Akerman), a esposa de um poderoso empres\u00e1rio local.<\/p>\n<p>Cheia de sexo e intrigas, a s\u00e9rie foi sucesso inesperado na Netflix quando estreou nos EUA e j\u00e1 ganhou uma segunda temporada para o ano que vem.<\/p>\n<p>Veja antes que seja tarde<\/p>\n<p>Uma dica de filme ou s\u00e9rie que sair\u00e1 em breve das plataformas de streaming<\/p>\n<p><b>Embriagado de Amor (2002)<\/b><\/p>\n<p>Punch-Drunk Love. Dispon\u00edvel na HBO Max at\u00e9 31.dez, 96 min. <\/p>\n<p>A primeira das vezes em que Adam Sandler teve &#8220;Oscar buzz&#8221;, ou seja, esteve entre os atores com potencial para uma indica\u00e7\u00e3o ao pr\u00eamio da Academia, ao lado de &#8220;J\u00f3ias Brutas&#8221; (2019, Netflix) e do rec\u00e9m-chegado &#8220;Jay Kelly&#8221; (Netflix).<\/p>\n<p>Aqui, o comediante interpreta Barry Egan, um sujeito ansioso e de pavio curto que se apaixona pela colega de trabalho de uma de suas sete irm\u00e3s ao mesmo tempo em que cai num golpe.<\/p>\n","protected":false},"excerpt":{"rendered":"Esta \u00e9 a edi\u00e7\u00e3o da Maratonar, a newsletter da Folha que ajuda voc\u00ea a se achar no meio&hellip;\n","protected":false},"author":2,"featured_media":185514,"comment_status":"","ping_status":"","sticky":false,"template":"","format":"standard","meta":{"footnotes":""},"categories":[140],"tags":[207,470,114,115,147,148,236,2085,146,716,4898,32,33,941,940,218],"class_list":{"0":"post-185513","1":"post","2":"type-post","3":"status-publish","4":"format-standard","5":"has-post-thumbnail","7":"category-filmes","8":"tag-arte","9":"tag-cinema","10":"tag-entertainment","11":"tag-entretenimento","12":"tag-film","13":"tag-filmes","14":"tag-folha","15":"tag-fotografia","16":"tag-movies","17":"tag-netflix","18":"tag-newsletters-da-folha","19":"tag-portugal","20":"tag-pt","21":"tag-series","22":"tag-streaming","23":"tag-televisao"},"share_on_mastodon":{"url":"https:\/\/pubeurope.com\/@pt\/115707174239405508","error":""},"_links":{"self":[{"href":"https:\/\/www.europesays.com\/pt\/wp-json\/wp\/v2\/posts\/185513","targetHints":{"allow":["GET"]}}],"collection":[{"href":"https:\/\/www.europesays.com\/pt\/wp-json\/wp\/v2\/posts"}],"about":[{"href":"https:\/\/www.europesays.com\/pt\/wp-json\/wp\/v2\/types\/post"}],"author":[{"embeddable":true,"href":"https:\/\/www.europesays.com\/pt\/wp-json\/wp\/v2\/users\/2"}],"replies":[{"embeddable":true,"href":"https:\/\/www.europesays.com\/pt\/wp-json\/wp\/v2\/comments?post=185513"}],"version-history":[{"count":0,"href":"https:\/\/www.europesays.com\/pt\/wp-json\/wp\/v2\/posts\/185513\/revisions"}],"wp:featuredmedia":[{"embeddable":true,"href":"https:\/\/www.europesays.com\/pt\/wp-json\/wp\/v2\/media\/185514"}],"wp:attachment":[{"href":"https:\/\/www.europesays.com\/pt\/wp-json\/wp\/v2\/media?parent=185513"}],"wp:term":[{"taxonomy":"category","embeddable":true,"href":"https:\/\/www.europesays.com\/pt\/wp-json\/wp\/v2\/categories?post=185513"},{"taxonomy":"post_tag","embeddable":true,"href":"https:\/\/www.europesays.com\/pt\/wp-json\/wp\/v2\/tags?post=185513"}],"curies":[{"name":"wp","href":"https:\/\/api.w.org\/{rel}","templated":true}]}}