{"id":185517,"date":"2025-12-12T14:56:10","date_gmt":"2025-12-12T14:56:10","guid":{"rendered":"https:\/\/www.europesays.com\/pt\/185517\/"},"modified":"2025-12-12T14:56:10","modified_gmt":"2025-12-12T14:56:10","slug":"prefeitura-de-marica-realiza-acao-do-dezembro-vermelho-e-laranja-com-foco-na-prevencao-e-conscientizacao-dos-moradores","status":"publish","type":"post","link":"https:\/\/www.europesays.com\/pt\/185517\/","title":{"rendered":"Prefeitura de Maric\u00e1 realiza a\u00e7\u00e3o do Dezembro Vermelho e Laranja com foco na preven\u00e7\u00e3o e conscientiza\u00e7\u00e3o dos moradores"},"content":{"rendered":"<p>                &#13;<\/p>\n<p>\t\t\t\t<img loading=\"lazy\" width=\"1600\" height=\"1066\" src=\"https:\/\/www.europesays.com\/pt\/wp-content\/uploads\/2025\/12\/WhatsApp-Image-2025-12-12-at-11.17.25.jpeg\" class=\"attachment-post-thumbnail size-post-thumbnail wp-post-image\" alt=\"\" decoding=\"async\"  \/>\t\t\t&#13;<br \/>\n&#13;<br \/>\n\t\tFoto: Cau\u00e3 Santana<\/p>\n<p>A Prefeitura de Maric\u00e1, por meio da Secretaria de Sa\u00fade, promoveu nesta quinta-feira (11\/12) uma iniciativa unindo as campanhas do Dezembro Vermelho e Laranja, fortalecendo a conscientiza\u00e7\u00e3o, preven\u00e7\u00e3o e cuidado em rela\u00e7\u00e3o \u00e0s Infec\u00e7\u00f5es Sexualmente Transmiss\u00edveis (ISTs) e tamb\u00e9m ao c\u00e2ncer de pele. A a\u00e7\u00e3o aconteceu na Pra\u00e7a Conselheiro Macedo Soares (Pra\u00e7a do Turismo), no Centro, e contou com a mobiliza\u00e7\u00e3o da popula\u00e7\u00e3o, com a realiza\u00e7\u00e3o de 228 testes r\u00e1pidos, 25 avalia\u00e7\u00f5es dermatol\u00f3gicas e 10 encaminhamentos para exames ap\u00f3s suspeita de c\u00e2ncer de pele.<\/p>\n<p>Al\u00e9m do teste, durante o evento, foram distribu\u00eddos preservativos, oferecidas orienta\u00e7\u00f5es sobre preven\u00e7\u00e3o combinada e informa\u00e7\u00f5es detalhadas sobre PrEP (Profilaxia Pr\u00e9-Exposi\u00e7\u00e3o) e PEP (Profilaxia P\u00f3s-Exposi\u00e7\u00e3o), estrat\u00e9gias fundamentais no enfrentamento ao HIV. Profissionais da rede municipal estiveram presentes para acolher os moradores, esclarecer d\u00favidas e refor\u00e7ar a import\u00e2ncia da preven\u00e7\u00e3o cont\u00ednua.<\/p>\n<p>\u201cEssa a\u00e7\u00e3o \u00e9 essencial e representa o Dezembro Vermelho, de preven\u00e7\u00e3o e conscientiza\u00e7\u00e3o \u00e0s ISTs. A testagem \u00e9 muito importante, porque, qualquer doen\u00e7a diagnosticada precocemente, ter\u00e1 o tratamento adequado. Seguimos empenhados para ampliar essas a\u00e7\u00f5es e o cuidado integral \u00e0 popula\u00e7\u00e3o\u201d, destacou o secret\u00e1rio de Sa\u00fade, dr. Marcelo Velho.<\/p>\n<p>A iniciativa integra o conjunto de a\u00e7\u00f5es municipais voltadas \u00e0 promo\u00e7\u00e3o da sa\u00fade sexual e reprodutiva, al\u00e9m do fortalecimento das pol\u00edticas de preven\u00e7\u00e3o \u00e0s ISTs. As equipes tamb\u00e9m destacaram a import\u00e2ncia da testagem regular como forma de cuidado individual e coletivo.<\/p>\n<p>Danielle Magalh\u00e3es, coordenadora do Programa de HIV\/Aids, ISTs e Hepatites Virais do munic\u00edpio, frisou os servi\u00e7os de preven\u00e7\u00e3o disponibilizados no munic\u00edpio.<\/p>\n<p>\u201cAl\u00e9m da testagem regular, orientamos nessa a\u00e7\u00e3o sobre o uso de preservativos e a variedade de tipos dispon\u00edvel no SUS. No Servi\u00e7o de Atendimento Especializado (SAE), em Ara\u00e7atiba, tamb\u00e9m temos gel lubrificante e a PrEP, um importante m\u00e9todo de preven\u00e7\u00e3o ao HIV. Por isso, una-se a essa corrente de cuidado e previna-se\u201d, pontuou.<\/p>\n<p>A dermatologista Alessandra Santos Portela, especialista na \u00e1rea, salientou que as atividades de preven\u00e7\u00e3o e informa\u00e7\u00e3o sobre o c\u00e2ncer de pele tamb\u00e9m fizeram a diferen\u00e7a.<\/p>\n<p>\u201cNa Pra\u00e7a do Turismo, fortalecemos a detec\u00e7\u00e3o precoce do c\u00e2ncer de pele, visando tratar essas les\u00f5es o quanto antes. Os moradores tamb\u00e9m receberam orienta\u00e7\u00f5es preventivas, como o uso de protetor solar, roupas, bon\u00e9s e chap\u00e9us, essenciais para proteger dos raios ultravioleta B, que causam a doen\u00e7a\u201d, acrescentou.<\/p>\n<p>Servi\u00e7os de preven\u00e7\u00e3o e tratamento em Maric\u00e1<\/p>\n<p>No munic\u00edpio, os testes r\u00e1pidos para ISTs e preservativos est\u00e3o dispon\u00edveis nas Unidades de Sa\u00fade da Fam\u00edlia e no Servi\u00e7o de Atendimento Especializado (SAE) gratuitamente \u00e0 popula\u00e7\u00e3o. Al\u00e9m disso, no SAE, \u00e9 feita a dispensa\u00e7\u00e3o de PrEP aos casos com indica\u00e7\u00e3o cl\u00ednica, fortalecendo a prote\u00e7\u00e3o combinada, al\u00e9m de ser realizado o tratamento especializado de pessoas com ISTs e hepatites virais.<\/p>\n<p>Em rela\u00e7\u00e3o ao Dezembro Laranja, Maric\u00e1 tamb\u00e9m possui um Servi\u00e7o de Preven\u00e7\u00e3o e Tratamento do C\u00e2ncer de Pele no Hospital Dr. Ernesto Che Guevara. O atendimento \u00e9 voltado \u00e0 popula\u00e7\u00e3o em geral e tamb\u00e9m a trabalhadores da gest\u00e3o municipal que atuam expostos ao sol. O primeiro atendimento ocorre na<br \/>Unidade de Sa\u00fade da Fam\u00edlia (USF) de refer\u00eancia e, se for identificada a necessidade, a pessoa ser\u00e1 encaminhada para acompanhamento especializado, com agendamento pela Central de Regula\u00e7\u00e3o, priorizando os casos mais graves e urgentes.<\/p>\n","protected":false},"excerpt":{"rendered":"&#13; &#13; &#13; Foto: Cau\u00e3 Santana A Prefeitura de Maric\u00e1, por meio da Secretaria de Sa\u00fade, promoveu nesta&hellip;\n","protected":false},"author":2,"featured_media":185518,"comment_status":"","ping_status":"","sticky":false,"template":"","format":"standard","meta":{"footnotes":""},"categories":[86],"tags":[7929,37731,116,32,1461,33,117],"class_list":{"0":"post-185517","1":"post","2":"type-post","3":"status-publish","4":"format-standard","5":"has-post-thumbnail","7":"category-saude","8":"tag-conscientizacao","9":"tag-dezembro-vermelho-e-laranja","10":"tag-health","11":"tag-portugal","12":"tag-prevencao","13":"tag-pt","14":"tag-saude"},"share_on_mastodon":{"url":"https:\/\/pubeurope.com\/@pt\/115707182385963858","error":""},"_links":{"self":[{"href":"https:\/\/www.europesays.com\/pt\/wp-json\/wp\/v2\/posts\/185517","targetHints":{"allow":["GET"]}}],"collection":[{"href":"https:\/\/www.europesays.com\/pt\/wp-json\/wp\/v2\/posts"}],"about":[{"href":"https:\/\/www.europesays.com\/pt\/wp-json\/wp\/v2\/types\/post"}],"author":[{"embeddable":true,"href":"https:\/\/www.europesays.com\/pt\/wp-json\/wp\/v2\/users\/2"}],"replies":[{"embeddable":true,"href":"https:\/\/www.europesays.com\/pt\/wp-json\/wp\/v2\/comments?post=185517"}],"version-history":[{"count":0,"href":"https:\/\/www.europesays.com\/pt\/wp-json\/wp\/v2\/posts\/185517\/revisions"}],"wp:featuredmedia":[{"embeddable":true,"href":"https:\/\/www.europesays.com\/pt\/wp-json\/wp\/v2\/media\/185518"}],"wp:attachment":[{"href":"https:\/\/www.europesays.com\/pt\/wp-json\/wp\/v2\/media?parent=185517"}],"wp:term":[{"taxonomy":"category","embeddable":true,"href":"https:\/\/www.europesays.com\/pt\/wp-json\/wp\/v2\/categories?post=185517"},{"taxonomy":"post_tag","embeddable":true,"href":"https:\/\/www.europesays.com\/pt\/wp-json\/wp\/v2\/tags?post=185517"}],"curies":[{"name":"wp","href":"https:\/\/api.w.org\/{rel}","templated":true}]}}