{"id":185519,"date":"2025-12-12T14:57:38","date_gmt":"2025-12-12T14:57:38","guid":{"rendered":"https:\/\/www.europesays.com\/pt\/185519\/"},"modified":"2025-12-12T14:57:38","modified_gmt":"2025-12-12T14:57:38","slug":"morreu-a-atriz-gloria-de-matos-aos-89-anos-observador","status":"publish","type":"post","link":"https:\/\/www.europesays.com\/pt\/185519\/","title":{"rendered":"Morreu a atriz Gl\u00f3ria de Matos aos 89 anos \u2013 Observador"},"content":{"rendered":"<p>A atriz Gl\u00f3ria de Matos morreu, esta quinta-feira, aos 89 anos, v\u00edtima de insufici\u00eancia card\u00edaca. A <a href=\"https:\/\/sicnoticias.pt\/cultura\/2025-12-11-morreu-a-atriz-gloria-de-matos-2d2ab7f5\" rel=\"nofollow noopener\" target=\"_blank\">informa\u00e7\u00e3o foi confirmada \u00e0 SIC<\/a>, com a fam\u00edlia a dar conta de que o funeral decorrer\u00e1 no domingo.<\/p>\n<p>\u201cO corpo estar\u00e1 em C\u00e2mara ardente na Igreja de S. Jo\u00e3o de Deus em Lisboa, s\u00e1bado entre as 18h e as 22h e domingo entre as 12h e as 15h30, hora em que decorrer\u00e1 uma missa de corpo presente e o corpo seguir\u00e1 para o Cemit\u00e9rio do Alto de S. Jo\u00e3o\u201d, revelou a fam\u00edlia da atriz \u00e0 SIC.<\/p>\n<p><strong>Com uma carreira de mais de 60 anos (iniciou a carreira em 1974) que passou pelo teatro, televis\u00e3o e cinema<\/strong>, Gl\u00f3ria de Matos fez parte da cria\u00e7\u00e3o do Grupo de Teatro da Casa da Com\u00e9dia e foi professora na Escola de Teatro do Conservat\u00f3rio Nacional, na Escola Superior de Teatro e Cinema e na Universidade Aberta, sendo que foi membro da Alta Autoridade para a Comunica\u00e7\u00e3o Social e assessora da Secretaria de Estado da Cultura e do Instituto de Artes C\u00e9nicas.<\/p>\n<p>A atriz foi casada com locutor e apresentador de televis\u00e3o Henrique Mendes.<\/p>\n","protected":false},"excerpt":{"rendered":"A atriz Gl\u00f3ria de Matos morreu, esta quinta-feira, aos 89 anos, v\u00edtima de insufici\u00eancia card\u00edaca. A informa\u00e7\u00e3o foi&hellip;\n","protected":false},"author":2,"featured_media":185520,"comment_status":"","ping_status":"","sticky":false,"template":"","format":"standard","meta":{"footnotes":""},"categories":[85],"tags":[315,114,115,32,33,2387],"class_list":{"0":"post-185519","1":"post","2":"type-post","3":"status-publish","4":"format-standard","5":"has-post-thumbnail","7":"category-entretenimento","8":"tag-cultura","9":"tag-entertainment","10":"tag-entretenimento","11":"tag-portugal","12":"tag-pt","13":"tag-teatro"},"share_on_mastodon":{"url":"https:\/\/pubeurope.com\/@pt\/115707185922055026","error":""},"_links":{"self":[{"href":"https:\/\/www.europesays.com\/pt\/wp-json\/wp\/v2\/posts\/185519","targetHints":{"allow":["GET"]}}],"collection":[{"href":"https:\/\/www.europesays.com\/pt\/wp-json\/wp\/v2\/posts"}],"about":[{"href":"https:\/\/www.europesays.com\/pt\/wp-json\/wp\/v2\/types\/post"}],"author":[{"embeddable":true,"href":"https:\/\/www.europesays.com\/pt\/wp-json\/wp\/v2\/users\/2"}],"replies":[{"embeddable":true,"href":"https:\/\/www.europesays.com\/pt\/wp-json\/wp\/v2\/comments?post=185519"}],"version-history":[{"count":0,"href":"https:\/\/www.europesays.com\/pt\/wp-json\/wp\/v2\/posts\/185519\/revisions"}],"wp:featuredmedia":[{"embeddable":true,"href":"https:\/\/www.europesays.com\/pt\/wp-json\/wp\/v2\/media\/185520"}],"wp:attachment":[{"href":"https:\/\/www.europesays.com\/pt\/wp-json\/wp\/v2\/media?parent=185519"}],"wp:term":[{"taxonomy":"category","embeddable":true,"href":"https:\/\/www.europesays.com\/pt\/wp-json\/wp\/v2\/categories?post=185519"},{"taxonomy":"post_tag","embeddable":true,"href":"https:\/\/www.europesays.com\/pt\/wp-json\/wp\/v2\/tags?post=185519"}],"curies":[{"name":"wp","href":"https:\/\/api.w.org\/{rel}","templated":true}]}}