{"id":185521,"date":"2025-12-12T14:59:08","date_gmt":"2025-12-12T14:59:08","guid":{"rendered":"https:\/\/www.europesays.com\/pt\/185521\/"},"modified":"2025-12-12T14:59:08","modified_gmt":"2025-12-12T14:59:08","slug":"maioria-das-pensoes-vai-mesmo-aumentar-28-em-janeiro-observador","status":"publish","type":"post","link":"https:\/\/www.europesays.com\/pt\/185521\/","title":{"rendered":"Maioria das pens\u00f5es vai mesmo aumentar 2,8% em janeiro \u2013 Observador"},"content":{"rendered":"<p>J\u00e1 era um valor apontado e foi agora confirmado. A maioria das pens\u00f5es, aquelas at\u00e9 1.045 euros atualmente, que em 2026 passam a ser de 1.074,26 euro, <strong>v\u00e3o mesmo aumentar 2,8% em janeiro<\/strong>. As estimativas do Observador t\u00eam em conta os <a href=\"https:\/\/observador.pt\/2025\/12\/12\/ine-confirma-desaceleracao-da-inflacao-para-22-em-novembro\/\" rel=\"nofollow noopener\" target=\"_blank\">dados definitivos da infla\u00e7\u00e3o de novembro<\/a> divulgados esta sexta-feira pelo INE.<\/p>\n<p>Para a aferi\u00e7\u00e3o da atualiza\u00e7\u00e3o das pens\u00f5es, que o Observador <a href=\"https:\/\/observador.pt\/2025\/11\/28\/pensoes-mais-baixas-deverao-ter-subida-de-277-em-2026\/\" rel=\"nofollow noopener\" target=\"_blank\">j\u00e1 tinha estimado no final de novembro<\/a>, \u00e9 tido em conta os valores da infla\u00e7\u00e3o (anual sem habita\u00e7\u00e3o) de novembro e os dois \u00faltimos anos de evolu\u00e7\u00e3o do PIB (terminados no terceiro trimestre). A seguir o Governo publicar\u00e1 a portaria a confirmar os valores a que as pens\u00f5es ser\u00e3o atualizadas em 2026.<\/p>\n<p>A confirma\u00e7\u00e3o da evolu\u00e7\u00e3o da infla\u00e7\u00e3o de novembro tamb\u00e9m permite confirmar que o Indexante de Apoios Sociais (IAS), usado como refer\u00eancia no c\u00e1lculo de v\u00e1rios apoios sociais, <strong>dever\u00e1 subir 2,8% <\/strong>face aos atuais 522,5 euros, o que significa que <strong>chegar\u00e1 a 537,13 euros<\/strong>.<\/p>\n<p>Se as <strong>pens\u00f5es mais baixas, at\u00e9 dois IAS<\/strong> (1.045 euros atualmente, mas que em 2026 subir\u00e1 para 1.074,26 euros), <strong>que s\u00e3o tamb\u00e9m a maioria<\/strong>, dever\u00e3o ter um aumento de 2,8%, as pens\u00f5es entre dois e seis IAS (entre 1.045 a 3.135 euros neste ano, que em 2026 subir\u00e1 para um intervalo entre 1.074,26 e 3.222,78 euros) ter\u00e3o uma atualiza\u00e7\u00e3o de 2,27% e acima de seis IAS (3.135 euros este ano e de 3.222,78 euros em 2026) de 2,02%.<\/p>\n<p>Assim, o <strong>valor m\u00ednimo do subs\u00eddio de desemprego passa para 537,13 euros<\/strong>, <a href=\"https:\/\/observador.pt\/2025\/11\/28\/limite-maximo-do-subsidio-de-desemprego-deve-subir-para-1-3428-euros-no-proximo-ano-referencial-de-apoios-sociais-deve-subir-28\/\" rel=\"nofollow noopener\" target=\"_blank\">como j\u00e1 era poss\u00edvel estimar no final de novembro<\/a>. O valor m\u00e1ximo desta presta\u00e7\u00e3o social passa a ser de 1.342,82 euros.<\/p>\n<p>O valor do IAS serve de refer\u00eancia para a atualiza\u00e7\u00e3o das pens\u00f5es e para definir os limites do subs\u00eddio de desemprego. \u00c9 tamb\u00e9m relevante para calcular o rendimento de refer\u00eancia dos escal\u00f5es do abono de fam\u00edlia, e para aferir a elegibilidade do Rendimento Social de Inser\u00e7\u00e3o (RSI).<\/p>\n<p>Uma das condi\u00e7\u00f5es para receber o RSI \u00e9 n\u00e3o ter, na data do pedido, patrim\u00f3nio mobili\u00e1rio, nos quais se incluem dep\u00f3sitos banc\u00e1rios, a\u00e7\u00f5es, obriga\u00e7\u00f5es, certificados de aforro, t\u00edtulos de participa\u00e7\u00e3o e unidades de participa\u00e7\u00e3o em institui\u00e7\u00f5es de investimento coletivo, <strong>que ultrapasse 60 vezes o valor do IAS<\/strong>. Com base no valor estimado da atualiza\u00e7\u00e3o do IAS, este valor n\u00e3o poder\u00e1, em 2026, ultrapassar os\u00a0<strong>32.227,8 euros<\/strong>.<\/p>\n<p>Em rela\u00e7\u00e3o ao abono de fam\u00edlia, no primeiro escal\u00e3o (0,5 IAS vezes 14) o valor deste rendimento passar\u00e1 a ser de at\u00e9 3.759,84 euros e no 5.\u00ba e \u00faltimo escal\u00e3o passam a ter-se em conta os rendimentos superiores a 18.799,48 euros.<\/p>\n<p>Associado ao IAS est\u00e1 tamb\u00e9m o limite m\u00e1ximo de isen\u00e7\u00e3o do IRS Jovem, que atualmente se fixa nos 55 IAS. Tendo em conta a atualiza\u00e7\u00e3o, este limite m\u00e1ximo passar\u00e1 a ser de\u00a0<strong>29.542,15 euros<\/strong>.<\/p>\n","protected":false},"excerpt":{"rendered":"J\u00e1 era um valor apontado e foi agora confirmado. A maioria das pens\u00f5es, aquelas at\u00e9 1.045 euros atualmente,&hellip;\n","protected":false},"author":2,"featured_media":185522,"comment_status":"","ping_status":"","sticky":false,"template":"","format":"standard","meta":{"footnotes":""},"categories":[83],"tags":[88,476,89,90,21694,32,33,1055],"class_list":{"0":"post-185521","1":"post","2":"type-post","3":"status-publish","4":"format-standard","5":"has-post-thumbnail","7":"category-empresas","8":"tag-business","9":"tag-economia","10":"tag-economy","11":"tag-empresas","12":"tag-pensu00f5es","13":"tag-portugal","14":"tag-pt","15":"tag-seguranu00e7a-social"},"share_on_mastodon":{"url":"https:\/\/pubeurope.com\/@pt\/115707194051315411","error":""},"_links":{"self":[{"href":"https:\/\/www.europesays.com\/pt\/wp-json\/wp\/v2\/posts\/185521","targetHints":{"allow":["GET"]}}],"collection":[{"href":"https:\/\/www.europesays.com\/pt\/wp-json\/wp\/v2\/posts"}],"about":[{"href":"https:\/\/www.europesays.com\/pt\/wp-json\/wp\/v2\/types\/post"}],"author":[{"embeddable":true,"href":"https:\/\/www.europesays.com\/pt\/wp-json\/wp\/v2\/users\/2"}],"replies":[{"embeddable":true,"href":"https:\/\/www.europesays.com\/pt\/wp-json\/wp\/v2\/comments?post=185521"}],"version-history":[{"count":0,"href":"https:\/\/www.europesays.com\/pt\/wp-json\/wp\/v2\/posts\/185521\/revisions"}],"wp:featuredmedia":[{"embeddable":true,"href":"https:\/\/www.europesays.com\/pt\/wp-json\/wp\/v2\/media\/185522"}],"wp:attachment":[{"href":"https:\/\/www.europesays.com\/pt\/wp-json\/wp\/v2\/media?parent=185521"}],"wp:term":[{"taxonomy":"category","embeddable":true,"href":"https:\/\/www.europesays.com\/pt\/wp-json\/wp\/v2\/categories?post=185521"},{"taxonomy":"post_tag","embeddable":true,"href":"https:\/\/www.europesays.com\/pt\/wp-json\/wp\/v2\/tags?post=185521"}],"curies":[{"name":"wp","href":"https:\/\/api.w.org\/{rel}","templated":true}]}}