{"id":185523,"date":"2025-12-12T15:00:13","date_gmt":"2025-12-12T15:00:13","guid":{"rendered":"https:\/\/www.europesays.com\/pt\/185523\/"},"modified":"2025-12-12T15:00:13","modified_gmt":"2025-12-12T15:00:13","slug":"acordo-de-paris-temos-de-questionar-porque-e-que-os-paises-nao-fizeram-o-que-era-suposto","status":"publish","type":"post","link":"https:\/\/www.europesays.com\/pt\/185523\/","title":{"rendered":"Acordo de Paris. &#8220;Temos de questionar porque \u00e9 que os pa\u00edses n\u00e3o fizeram o que era suposto&#8221;"},"content":{"rendered":"<p>O acordo foi adotado no dia 12 de dezembro de 2015, entrando em vigor em 4 de novembro de 2016. Ficou definido que o aumento da temperatura m\u00e9dia mundial n\u00e3o deveria exceder 1,5\u00ba C em rela\u00e7\u00e3o aos n\u00edveis pr\u00e9-industriais.<\/p>\n<p>Passados 10 anos, Jorge Moreira da Silva nota que &#8220;houve imenso progresso, mas estamos muito longe do que \u00e9 necess\u00e1rio&#8221;, referindo que j\u00e1 houve previs\u00f5es para um aumento da temperatura em 4\u00baC quando as atuais rondam entre 2,3\u00baC e 2,5\u00baC.&#13;\n<\/p>\n<p>&#8220;O Acordo de Paris tem tudo o que precisamos, n\u00f3s s\u00f3 precisamos de o cumprir&#8221;, afirma Jorge Moreira da Silva \u00e0 Antena 1, pelo que o respons\u00e1vel da ONU aponta: <b>&#8220;Mais do que questionar o acordo, temos de questionar porque \u00e9 que os pa\u00edses n\u00e3o fizeram o que era suposto para cumprir o Acordo de Paris&#8221;.<\/b><br \/>\n          <img decoding=\"async\" itemprop=\"image\" class=\"img-fluid\"   src=\"https:\/\/www.europesays.com\/pt\/wp-content\/uploads\/2025\/12\/1765551611_878_bg_playeraudio_2.jpg\"\/><\/p>\n<p>J\u00e1 na COP 30, no Brasil este ano, embora melhores, defende que as medidas continuaram a n\u00e3o ser suficientes.<\/p>\n<p>Entrevistado no Ponto Central do Programa da Manh\u00e3, Moreira da Silva real\u00e7a que os cidad\u00e3os t\u00eam poder para pressionar os pa\u00edses.<\/p>\n<p>Aos cr\u00edticos mais ferozes do Acordo de Paris a pedirem um compromisso novo para conter a subida da temperatura por falta de mecanismos vinculativos para os pa\u00edses, responde que est\u00e1 atual e tem car\u00e1cter vinculativo.<\/p>\n<p><b>&#8220;O Tribunal de Justi\u00e7a Internacional emitiu um ac\u00f3rd\u00e3o h\u00e1 poucos meses, dizendo que o Acordo de Paris \u00e9 vinculativo e que os cidad\u00e3os podem levar os pa\u00edses aos tribunais por n\u00e3o cumprirem o Acordo de Paris&#8221;<\/b>, diz. <\/p>\n<p>No ano passado, o Tribunal Europeu dos Direitos Humanos <a href=\"https:\/\/www.rtp.pt\/noticias\/pais\/clima-jovens-portugueses-aguardam-decisao-sobre-queixa-contra-32-paises_a1562879\" rel=\"nofollow noopener\" target=\"_blank\">rejeitou a queixa<\/a> apresentada contra 32 pa\u00edses por um grupo de seis jovens portugueses, por n\u00e3o terem sido esgotadas todas as vias jur\u00eddicas em Portugal.<\/p>\n<p>          <img decoding=\"async\" itemprop=\"image\" class=\"img-fluid\"   src=\"https:\/\/www.europesays.com\/pt\/wp-content\/uploads\/2025\/12\/1765551613_292_bg_playeraudio_3.jpg\"\/><\/p>\n<p>Entrevista de Eduarda Maio a Jorge Moreira da Silva, no Ponto Central&#8221;Multilateralismo \u00e9 solu\u00e7\u00e3o&#8221;<br \/>\nO antigo ministro do Ambiente em Portugal assinala tamb\u00e9m que o Acordo de Paris trouxe uma mensagem de solidariedade para os pa\u00edses em desenvolvimento.<br \/>\n<b><br \/>&#13;<br \/>\n&#8220;A principal mensagem que retiro de todo este processo \u00e9 que o multilateralismo \u00e9 solu\u00e7\u00e3o&#8221;, sublinha Jorge Moreira da Silva, com a li\u00e7\u00e3o que leva da pandemia de que &#8220;pouco serve resolvermos o problema em casa se n\u00e3o apoiarmos os outros na sua resolu\u00e7\u00e3o&#8221;.<\/b><\/p>\n<p>&#8220;O nosso problema n\u00e3o \u00e9 de caminho&#8221;, mas \u00e9 preciso antes &#8220;acelerar a velocidade&#8221; e &#8220;fazer tudo para apoiar os pa\u00edses em desenvolvimento&#8221;.<b><br \/>&#13;<br \/>\n<\/b>&#13;<\/p>\n","protected":false},"excerpt":{"rendered":"O acordo foi adotado no dia 12 de dezembro de 2015, entrando em vigor em 4 de novembro&hellip;\n","protected":false},"author":2,"featured_media":185524,"comment_status":"","ping_status":"","sticky":false,"template":"","format":"standard","meta":{"footnotes":""},"categories":[50],"tags":[27,28,15,16,14,25,26,21,22,62,12,13,19,20,23,24,420,421,17,18,29,30,31,63,64,65],"class_list":{"0":"post-185523","1":"post","2":"type-post","3":"status-publish","4":"format-standard","5":"has-post-thumbnail","7":"category-mundo","8":"tag-breaking-news","9":"tag-breakingnews","10":"tag-featured-news","11":"tag-featurednews","12":"tag-headlines","13":"tag-latest-news","14":"tag-latestnews","15":"tag-main-news","16":"tag-mainnews","17":"tag-mundo","18":"tag-news","19":"tag-noticias","20":"tag-noticias-principais","21":"tag-noticiasprincipais","22":"tag-principais-noticias","23":"tag-principaisnoticias","24":"tag-rtp","25":"tag-rtp-noticias","26":"tag-top-stories","27":"tag-topstories","28":"tag-ultimas","29":"tag-ultimas-noticias","30":"tag-ultimasnoticias","31":"tag-world","32":"tag-world-news","33":"tag-worldnews"},"share_on_mastodon":{"url":"https:\/\/pubeurope.com\/@pt\/115707198063067863","error":""},"_links":{"self":[{"href":"https:\/\/www.europesays.com\/pt\/wp-json\/wp\/v2\/posts\/185523","targetHints":{"allow":["GET"]}}],"collection":[{"href":"https:\/\/www.europesays.com\/pt\/wp-json\/wp\/v2\/posts"}],"about":[{"href":"https:\/\/www.europesays.com\/pt\/wp-json\/wp\/v2\/types\/post"}],"author":[{"embeddable":true,"href":"https:\/\/www.europesays.com\/pt\/wp-json\/wp\/v2\/users\/2"}],"replies":[{"embeddable":true,"href":"https:\/\/www.europesays.com\/pt\/wp-json\/wp\/v2\/comments?post=185523"}],"version-history":[{"count":0,"href":"https:\/\/www.europesays.com\/pt\/wp-json\/wp\/v2\/posts\/185523\/revisions"}],"wp:featuredmedia":[{"embeddable":true,"href":"https:\/\/www.europesays.com\/pt\/wp-json\/wp\/v2\/media\/185524"}],"wp:attachment":[{"href":"https:\/\/www.europesays.com\/pt\/wp-json\/wp\/v2\/media?parent=185523"}],"wp:term":[{"taxonomy":"category","embeddable":true,"href":"https:\/\/www.europesays.com\/pt\/wp-json\/wp\/v2\/categories?post=185523"},{"taxonomy":"post_tag","embeddable":true,"href":"https:\/\/www.europesays.com\/pt\/wp-json\/wp\/v2\/tags?post=185523"}],"curies":[{"name":"wp","href":"https:\/\/api.w.org\/{rel}","templated":true}]}}