{"id":185525,"date":"2025-12-12T15:01:14","date_gmt":"2025-12-12T15:01:14","guid":{"rendered":"https:\/\/www.europesays.com\/pt\/185525\/"},"modified":"2025-12-12T15:01:14","modified_gmt":"2025-12-12T15:01:14","slug":"seis-pessoas-detidas-apos-desacatos-e-vandalismo-em-manifestacao-em-lisboa","status":"publish","type":"post","link":"https:\/\/www.europesays.com\/pt\/185525\/","title":{"rendered":"Seis pessoas detidas ap\u00f3s desacatos e vandalismo em manifesta\u00e7\u00e3o em Lisboa"},"content":{"rendered":"<p data-remotead-prev-elm=\"true\" data-remotead-elm-id=\"inread\">A primeira situa\u00e7\u00e3o grave ocorreu pelas 17.20 horas, quando um grupo de cerca de 150 pessos se separou da concentra\u00e7\u00e3o em frente \u00e0 Assembleia da Rep\u00fablica e avan\u00e7ou em dire\u00e7\u00e3o ao Chiado. Ao longo do trajeto, provocou diversos danos, incluindo graffiti em fachadas de edif\u00edcios residenciais e comerciais.<\/p>\n<p>O grupo foi intercetado no Largo do Carmo, onde alguns elementos reagiram com viol\u00eancia \u00e0 interven\u00e7\u00e3o policial. Dois suspeitos acabaram detidos por resist\u00eancia e coa\u00e7\u00e3o sobre funcion\u00e1rio e outros dois foram identificados.<\/p>\n<p>A manifesta\u00e7\u00e3o principal permaneceu concentrada em frente ao Parlamento at\u00e9 perto das 20.30 horas. Durante esse per\u00edodo, um manifestante foi detido por ter transposto o per\u00edmetro de seguran\u00e7a estabelecido pela pol\u00edcia.<\/p>\n<p>Caixotes do lixo incendiados<\/p>\n<p data-remotead-prev-elm=\"true\" data-remotead-elm-id=\"centro1\">No local, os agentes foram obrigados a extinguir dois focos de inc\u00eandio provocados por participantes, situa\u00e7\u00e3o que levou ao acionamento do Regimento de Sapadores Bombeiros para apagar um fogo que deflagrou em caixotes do lixo.<\/p>\n<p>Ap\u00f3s a extin\u00e7\u00e3o do inc\u00eandio, a PSP encaminhou os manifestantes para art\u00e9rias adjacentes da Rua Correia Gar\u00e7\u00e3o, procurando evitar novos danos no patrim\u00f3nio urbano.<\/p>\n<p>J\u00e1 no final da a\u00e7\u00e3o, pelas 20.38 horas, verificaram-se mais tr\u00eas deten\u00e7\u00f5es por resist\u00eancia e coa\u00e7\u00e3o sobre funcion\u00e1rio e por ofensas \u00e0 integridade f\u00edsica qualificada.<\/p>\n<p>No total, a PSP registou seis deten\u00e7\u00f5es e duas identifica\u00e7\u00f5es. O policiamento contou com refor\u00e7o da Unidade Especial de Pol\u00edcia e com o apoio do Regimento de Sapadores Bombeiros.<\/p>\n","protected":false},"excerpt":{"rendered":"A primeira situa\u00e7\u00e3o grave ocorreu pelas 17.20 horas, quando um grupo de cerca de 150 pessos se separou&hellip;\n","protected":false},"author":2,"featured_media":185526,"comment_status":"","ping_status":"","sticky":false,"template":"","format":"standard","meta":{"footnotes":""},"categories":[10],"tags":[627,27,28,37732,15,16,14,603,25,26,797,21,22,12,13,19,20,32,23,24,1306,33,17,18,29,30,31,20910],"class_list":{"0":"post-185525","1":"post","2":"type-post","3":"status-publish","4":"format-standard","5":"has-post-thumbnail","7":"category-portugal","8":"tag-bombeiros","9":"tag-breaking-news","10":"tag-breakingnews","11":"tag-chiado","12":"tag-featured-news","13":"tag-featurednews","14":"tag-headlines","15":"tag-justica","16":"tag-latest-news","17":"tag-latestnews","18":"tag-lisboa","19":"tag-main-news","20":"tag-mainnews","21":"tag-news","22":"tag-noticias","23":"tag-noticias-principais","24":"tag-noticiasprincipais","25":"tag-portugal","26":"tag-principais-noticias","27":"tag-principaisnoticias","28":"tag-psp","29":"tag-pt","30":"tag-top-stories","31":"tag-topstories","32":"tag-ultimas","33":"tag-ultimas-noticias","34":"tag-ultimasnoticias","35":"tag-vandalismo"},"share_on_mastodon":{"url":"https:\/\/pubeurope.com\/@pt\/115707201731413328","error":""},"_links":{"self":[{"href":"https:\/\/www.europesays.com\/pt\/wp-json\/wp\/v2\/posts\/185525","targetHints":{"allow":["GET"]}}],"collection":[{"href":"https:\/\/www.europesays.com\/pt\/wp-json\/wp\/v2\/posts"}],"about":[{"href":"https:\/\/www.europesays.com\/pt\/wp-json\/wp\/v2\/types\/post"}],"author":[{"embeddable":true,"href":"https:\/\/www.europesays.com\/pt\/wp-json\/wp\/v2\/users\/2"}],"replies":[{"embeddable":true,"href":"https:\/\/www.europesays.com\/pt\/wp-json\/wp\/v2\/comments?post=185525"}],"version-history":[{"count":0,"href":"https:\/\/www.europesays.com\/pt\/wp-json\/wp\/v2\/posts\/185525\/revisions"}],"wp:featuredmedia":[{"embeddable":true,"href":"https:\/\/www.europesays.com\/pt\/wp-json\/wp\/v2\/media\/185526"}],"wp:attachment":[{"href":"https:\/\/www.europesays.com\/pt\/wp-json\/wp\/v2\/media?parent=185525"}],"wp:term":[{"taxonomy":"category","embeddable":true,"href":"https:\/\/www.europesays.com\/pt\/wp-json\/wp\/v2\/categories?post=185525"},{"taxonomy":"post_tag","embeddable":true,"href":"https:\/\/www.europesays.com\/pt\/wp-json\/wp\/v2\/tags?post=185525"}],"curies":[{"name":"wp","href":"https:\/\/api.w.org\/{rel}","templated":true}]}}