{"id":185527,"date":"2025-12-12T15:02:31","date_gmt":"2025-12-12T15:02:31","guid":{"rendered":"https:\/\/www.europesays.com\/pt\/185527\/"},"modified":"2025-12-12T15:02:31","modified_gmt":"2025-12-12T15:02:31","slug":"roubo-descarado-eua-apreendem-petroleiro-ao-largo-da-costa-venezuelana","status":"publish","type":"post","link":"https:\/\/www.europesays.com\/pt\/185527\/","title":{"rendered":"&#8220;Roubo descarado&#8221;. EUA apreendem petroleiro ao largo da costa venezuelana"},"content":{"rendered":"<p data-remotead-prev-elm=\"true\" data-remotead-elm-id=\"inread\">&#8220;Acabamos de apreender um petroleiro na costa da Venezuela, um grande petroleiro, o maior j\u00e1 apreendido, na verdade&#8221;, disse Trump a jornalistas durante evento na Casa Branca.<\/p>\n<p>O navio-tanque foi utilizado durante anos pela Venezuela e Ir\u00e3o para transportar petr\u00f3leo, apesar das san\u00e7\u00f5es internacionais contra os dois pa\u00edses, detalhou a procuradora-geral dos Estados Unidos, Pam Bondi. A publica\u00e7\u00e3o est\u00e1 acompanhada de um v\u00eddeo no qual \u00e9 poss\u00edvel ver um grupo de militares a descer de helic\u00f3pteros e a abordar o navio em alto-mar.<\/p>\n<p>Respons\u00e1vel por uma forte campanha contra o governo de Nicol\u00e1s Maduro desde que voltou \u00e0 Casa Branca, Trump acrescentou: &#8220;Assumo que ficaremos com o petr\u00f3leo&#8221;.<\/p>\n<p data-remotead-prev-elm=\"true\" data-remotead-elm-id=\"centro1\">&#8220;A Venezuela denuncia e repudia energicamente o que constitui um roubo descarado e um ato de pirataria internacional&#8221;, afirmou a chancelaria venezuelana.<\/p>\n<p>O principal recurso da Venezuela \u00e9 o petr\u00f3leo, que est\u00e1 submetido a um embargo, o que obriga o pa\u00eds sul-americano a colocar a sua produ\u00e7\u00e3o no mercado paralelo a pre\u00e7os consideravelmente mais baixos, destinada principalmente a pa\u00edses asi\u00e1ticos. Washington tamb\u00e9m acusa o governo Maduro de ser um regime &#8220;narcoterrorista&#8221; e, por isso, iniciou uma campanha militar para destruir o que apresenta como lanchas carregadas de drogas no Mar das Cara\u00edbas e no Oceano Pac\u00edfico. A opera\u00e7\u00e3o, realizada com um in\u00e9dito destacamento naval e a\u00e9reo, inclui o maior porta-avi\u00f5es do Mundo, o USS Gerald R. Ford.<\/p>\n<p>At\u00e9 agora, a campanha contabiliza mais de 20 ataques e ao menos 87 mortos.<\/p>\n","protected":false},"excerpt":{"rendered":"&#8220;Acabamos de apreender um petroleiro na costa da Venezuela, um grande petroleiro, o maior j\u00e1 apreendido, na verdade&#8221;,&hellip;\n","protected":false},"author":2,"featured_media":185528,"comment_status":"","ping_status":"","sticky":false,"template":"","format":"standard","meta":{"footnotes":""},"categories":[8],"tags":[27,28,413,15,16,14,25,26,21,22,62,12,13,19,20,23521,32,23,24,33,17,18,29,30,31,3023],"class_list":{"0":"post-185527","1":"post","2":"type-post","3":"status-publish","4":"format-standard","5":"has-post-thumbnail","7":"category-principais-noticias","8":"tag-breaking-news","9":"tag-breakingnews","10":"tag-eua","11":"tag-featured-news","12":"tag-featurednews","13":"tag-headlines","14":"tag-latest-news","15":"tag-latestnews","16":"tag-main-news","17":"tag-mainnews","18":"tag-mundo","19":"tag-news","20":"tag-noticias","21":"tag-noticias-principais","22":"tag-noticiasprincipais","23":"tag-petroleiro","24":"tag-portugal","25":"tag-principais-noticias","26":"tag-principaisnoticias","27":"tag-pt","28":"tag-top-stories","29":"tag-topstories","30":"tag-ultimas","31":"tag-ultimas-noticias","32":"tag-ultimasnoticias","33":"tag-venezuela"},"share_on_mastodon":{"url":"https:\/\/pubeurope.com\/@pt\/115707205731256080","error":""},"_links":{"self":[{"href":"https:\/\/www.europesays.com\/pt\/wp-json\/wp\/v2\/posts\/185527","targetHints":{"allow":["GET"]}}],"collection":[{"href":"https:\/\/www.europesays.com\/pt\/wp-json\/wp\/v2\/posts"}],"about":[{"href":"https:\/\/www.europesays.com\/pt\/wp-json\/wp\/v2\/types\/post"}],"author":[{"embeddable":true,"href":"https:\/\/www.europesays.com\/pt\/wp-json\/wp\/v2\/users\/2"}],"replies":[{"embeddable":true,"href":"https:\/\/www.europesays.com\/pt\/wp-json\/wp\/v2\/comments?post=185527"}],"version-history":[{"count":0,"href":"https:\/\/www.europesays.com\/pt\/wp-json\/wp\/v2\/posts\/185527\/revisions"}],"wp:featuredmedia":[{"embeddable":true,"href":"https:\/\/www.europesays.com\/pt\/wp-json\/wp\/v2\/media\/185528"}],"wp:attachment":[{"href":"https:\/\/www.europesays.com\/pt\/wp-json\/wp\/v2\/media?parent=185527"}],"wp:term":[{"taxonomy":"category","embeddable":true,"href":"https:\/\/www.europesays.com\/pt\/wp-json\/wp\/v2\/categories?post=185527"},{"taxonomy":"post_tag","embeddable":true,"href":"https:\/\/www.europesays.com\/pt\/wp-json\/wp\/v2\/tags?post=185527"}],"curies":[{"name":"wp","href":"https:\/\/api.w.org\/{rel}","templated":true}]}}