{"id":185540,"date":"2025-12-12T15:16:56","date_gmt":"2025-12-12T15:16:56","guid":{"rendered":"https:\/\/www.europesays.com\/pt\/185540\/"},"modified":"2025-12-12T15:16:56","modified_gmt":"2025-12-12T15:16:56","slug":"vem-ai-mais-chuva-estas-regioes-vao-ser-as-mais-afetadas","status":"publish","type":"post","link":"https:\/\/www.europesays.com\/pt\/185540\/","title":{"rendered":"Vem a\u00ed mais chuva: estas regi\u00f5es v\u00e3o ser as mais afetadas"},"content":{"rendered":"<p>Est\u00e1s preparado para o regresso da chuva? Esta quinta-feira, 11 de dezembro, o tempo come\u00e7a a mostrar sinais de mudan\u00e7a, com o c\u00e9u bastante carregado. Durante o dia, a chuva poder\u00e1 afetar o litoral Norte e Centro, enquanto na Serra da Estrela poder\u00e1 cair neve nos pontos mais altos.\n<\/p>\n<p>A verdadeira mudan\u00e7a acontece na madrugada de sexta-feira, 12 de dezembro, quando a instabilidade meteorol\u00f3gica dever\u00e1 afetar Portugal continental. De acordo com a &#8216;<a href=\"https:\/\/www.tempo.pt\/noticias\/previsao\/a-frente-com-mais-chuva-da-semana-chegara-nesta-sexta-feira-12-as-5-regioes-mais-afetadas-ate-42-mm.html\" target=\"_blank\" rel=\"nofollow noopener\">Meteored<\/a>&#8216;, espera-se chuva frequente e, por vezes, intensa. Existe tamb\u00e9m risco de trovoadas nas regi\u00f5es Centro e Sul, sobretudo nos distritos de Castelo Branco, Guarda, Portalegre, \u00c9vora e Beja, que poder\u00e3o registar chuva forte.<\/p>\n<p>No s\u00e1bado, apesar da depress\u00e3o avan\u00e7ar rapidamente para Sul, ainda poder\u00e3o ocorrer alguns aguaceiros isolados. Mesmo assim, o resto do fim-de-semana promete ser mais calmo, com c\u00e9u pouco nublado ou limpo.\n<\/p>\n<p>J\u00e1 sabes: \u00e9 recomend\u00e1vel voltares a ter o guarda-chuva \u00e0 m\u00e3o, pois a sexta-feira promete ser molhada!<\/p>\n","protected":false},"excerpt":{"rendered":"Est\u00e1s preparado para o regresso da chuva? Esta quinta-feira, 11 de dezembro, o tempo come\u00e7a a mostrar sinais&hellip;\n","protected":false},"author":2,"featured_media":185541,"comment_status":"","ping_status":"","sticky":false,"template":"","format":"standard","meta":{"footnotes":""},"categories":[8],"tags":[783,778,779,774,27,28,764,769,767,772,782,15,16,784,14,222,771,25,26,773,21,22,149,12,768,13,19,20,777,32,23,24,33,766,781,765,763,775,780,776,770,17,18,29,30,31],"class_list":{"0":"post-185540","1":"post","2":"type-post","3":"status-publish","4":"format-standard","5":"has-post-thumbnail","7":"category-principais-noticias","8":"tag-6pm","9":"tag-80s-rfm","10":"tag-80srfm","11":"tag-90s","12":"tag-breaking-news","13":"tag-breakingnews","14":"tag-bruno-mars","15":"tag-cafe-da-manha","16":"tag-comedia","17":"tag-dance-it","18":"tag-emissao-online","19":"tag-featured-news","20":"tag-featurednews","21":"tag-fridayboyz","22":"tag-headlines","23":"tag-humor","24":"tag-jazzy","25":"tag-latest-news","26":"tag-latestnews","27":"tag-latinas","28":"tag-main-news","29":"tag-mainnews","30":"tag-music","31":"tag-news","32":"tag-nilton","33":"tag-noticias","34":"tag-noticias-principais","35":"tag-noticiasprincipais","36":"tag-oceano-pacifico","37":"tag-portugal","38":"tag-principais-noticias","39":"tag-principaisnoticias","40":"tag-pt","41":"tag-radio","42":"tag-radio-online","43":"tag-rfm","44":"tag-rock-in-rio","45":"tag-rocks","46":"tag-somnii","47":"tag-toca-portugal","48":"tag-top-25","49":"tag-top-stories","50":"tag-topstories","51":"tag-ultimas","52":"tag-ultimas-noticias","53":"tag-ultimasnoticias"},"share_on_mastodon":{"url":"","error":"Validation failed: Text character limit of 500 exceeded"},"_links":{"self":[{"href":"https:\/\/www.europesays.com\/pt\/wp-json\/wp\/v2\/posts\/185540","targetHints":{"allow":["GET"]}}],"collection":[{"href":"https:\/\/www.europesays.com\/pt\/wp-json\/wp\/v2\/posts"}],"about":[{"href":"https:\/\/www.europesays.com\/pt\/wp-json\/wp\/v2\/types\/post"}],"author":[{"embeddable":true,"href":"https:\/\/www.europesays.com\/pt\/wp-json\/wp\/v2\/users\/2"}],"replies":[{"embeddable":true,"href":"https:\/\/www.europesays.com\/pt\/wp-json\/wp\/v2\/comments?post=185540"}],"version-history":[{"count":0,"href":"https:\/\/www.europesays.com\/pt\/wp-json\/wp\/v2\/posts\/185540\/revisions"}],"wp:featuredmedia":[{"embeddable":true,"href":"https:\/\/www.europesays.com\/pt\/wp-json\/wp\/v2\/media\/185541"}],"wp:attachment":[{"href":"https:\/\/www.europesays.com\/pt\/wp-json\/wp\/v2\/media?parent=185540"}],"wp:term":[{"taxonomy":"category","embeddable":true,"href":"https:\/\/www.europesays.com\/pt\/wp-json\/wp\/v2\/categories?post=185540"},{"taxonomy":"post_tag","embeddable":true,"href":"https:\/\/www.europesays.com\/pt\/wp-json\/wp\/v2\/tags?post=185540"}],"curies":[{"name":"wp","href":"https:\/\/api.w.org\/{rel}","templated":true}]}}