{"id":185554,"date":"2025-12-12T15:26:09","date_gmt":"2025-12-12T15:26:09","guid":{"rendered":"https:\/\/www.europesays.com\/pt\/185554\/"},"modified":"2025-12-12T15:26:09","modified_gmt":"2025-12-12T15:26:09","slug":"rei-carlos-de-inglaterra-vai-fazer-comunicacao-ao-pais-sobre-cancro-pessoas","status":"publish","type":"post","link":"https:\/\/www.europesays.com\/pt\/185554\/","title":{"rendered":"Rei Carlos de Inglaterra vai fazer comunica\u00e7\u00e3o ao pa\u00eds sobre cancro | Pessoas"},"content":{"rendered":"<p>O rei Carlos III vai fazer esta sexta-feira uma comunica\u00e7\u00e3o televisiva sobre o seu estado de sa\u00fade e o tratamento a que tem sido submetido para o cancro, desde h\u00e1 quase dois anos, informou o Pal\u00e1cio de Buckingham.<\/p>\n<p>O monarca brit\u00e2nico &#8220;ir\u00e1 reflectir sobre a sua pr\u00f3pria jornada de recupera\u00e7\u00e3o&#8221;, informa o pal\u00e1cio, sem entrar em mais detalhes sobre o estado actual da sua sa\u00fade.<\/p>\n<p>O <a href=\"https:\/\/www.publico.pt\/2024\/02\/05\/impar\/noticia\/rei-carlos-iii-diagnosticado-cancro-mantemse-positivo-buckingham-2079352\" rel=\"nofollow noopener\" target=\"_blank\">cancro foi detectado<\/a> em exames ap\u00f3s um procedimento correctivo para hiperplasia benigna da pr\u00f3stata, informou o pal\u00e1cio em Fevereiro de 2024.<\/p>\n<p>Carlos III iniciou o <a href=\"https:\/\/www.publico.pt\/2024\/04\/30\/impar\/noticia\/carlos-iii-ja-regressou-trabalho-visitar-doentes-oncologicos-2088748\" rel=\"nofollow noopener\" target=\"_blank\">tratamento <\/a>e, ap\u00f3s algum tempo afastado dos holofotes, regressou \u00e0s suas fun\u00e7\u00f5es p\u00fablicas em Abril deste ano com uma agenda repleta de cerim\u00f3nias, apari\u00e7\u00f5es e viagens internacionais.<\/p>\n<p>A mensagem, pr\u00e9-gravada no final de Novembro na sua resid\u00eancia, Clarence House, abordar\u00e1 tamb\u00e9m a import\u00e2ncia do rastreio ao cancro e ser\u00e1 transmitida no Canal 4 \u00e0s 20h, informou o pal\u00e1cio.<\/p>\n<p>Esta mensagem ser\u00e1 divulgada no \u00e2mbito da campanha Stand Up to Cancer do Channel 4, em parceria com a institui\u00e7\u00e3o de solidariedade Cancer Research UK.<\/p>\n<p>A primeira apari\u00e7\u00e3o p\u00fablica do monarca, ap\u00f3s o diagn\u00f3stico, ocorreu no University College Hospital Macmillan Cancer Centre. A visita marcou tamb\u00e9m a sua nomea\u00e7\u00e3o como novo patrono da Cancer Research UK.<\/p>\n<p>Numa mensagem aos participantes de uma recep\u00e7\u00e3o em Abril em homenagem ao trabalho das institui\u00e7\u00f5es de solidariedade de combate ao cancro, o rei falou sobre a sua pr\u00f3pria experi\u00eancia com a doen\u00e7a, dizendo que esta lhe mostrou &#8220;o melhor da Humanidade&#8221;.<\/p>\n<p>A Maggie\u2019s, uma das principais institui\u00e7\u00f5es de apoio a doentes oncol\u00f3gicos, afirmou em Julho que as batalhas p\u00fablicas de Carlos e da sua nora, <a href=\"https:\/\/www.publico.pt\/2025\/07\/02\/impar\/noticia\/princesa-kate-descreve-luta-cancro-montanharussa-2138691\" target=\"_blank\" rel=\"nofollow noopener\">Kate<\/a>, contra o cancro tiveram um grande impacto noutros doentes, incentivando-os a falar abertamente sobre as dificuldades em lidar com a doen\u00e7a.<\/p>\n","protected":false},"excerpt":{"rendered":"O rei Carlos III vai fazer esta sexta-feira uma comunica\u00e7\u00e3o televisiva sobre o seu estado de sa\u00fade e&hellip;\n","protected":false},"author":2,"featured_media":185555,"comment_status":"","ping_status":"","sticky":false,"template":"","format":"standard","meta":{"footnotes":""},"categories":[85],"tags":[1207,114,115,709,708,712,32,33,713],"class_list":{"0":"post-185554","1":"post","2":"type-post","3":"status-publish","4":"format-standard","5":"has-post-thumbnail","7":"category-entretenimento","8":"tag-cancro","9":"tag-entertainment","10":"tag-entretenimento","11":"tag-familia-real-britanica","12":"tag-impar","13":"tag-pessoas","14":"tag-portugal","15":"tag-pt","16":"tag-reino-unido"},"share_on_mastodon":{"url":"https:\/\/pubeurope.com\/@pt\/115707300039008810","error":""},"_links":{"self":[{"href":"https:\/\/www.europesays.com\/pt\/wp-json\/wp\/v2\/posts\/185554","targetHints":{"allow":["GET"]}}],"collection":[{"href":"https:\/\/www.europesays.com\/pt\/wp-json\/wp\/v2\/posts"}],"about":[{"href":"https:\/\/www.europesays.com\/pt\/wp-json\/wp\/v2\/types\/post"}],"author":[{"embeddable":true,"href":"https:\/\/www.europesays.com\/pt\/wp-json\/wp\/v2\/users\/2"}],"replies":[{"embeddable":true,"href":"https:\/\/www.europesays.com\/pt\/wp-json\/wp\/v2\/comments?post=185554"}],"version-history":[{"count":0,"href":"https:\/\/www.europesays.com\/pt\/wp-json\/wp\/v2\/posts\/185554\/revisions"}],"wp:featuredmedia":[{"embeddable":true,"href":"https:\/\/www.europesays.com\/pt\/wp-json\/wp\/v2\/media\/185555"}],"wp:attachment":[{"href":"https:\/\/www.europesays.com\/pt\/wp-json\/wp\/v2\/media?parent=185554"}],"wp:term":[{"taxonomy":"category","embeddable":true,"href":"https:\/\/www.europesays.com\/pt\/wp-json\/wp\/v2\/categories?post=185554"},{"taxonomy":"post_tag","embeddable":true,"href":"https:\/\/www.europesays.com\/pt\/wp-json\/wp\/v2\/tags?post=185554"}],"curies":[{"name":"wp","href":"https:\/\/api.w.org\/{rel}","templated":true}]}}