{"id":185556,"date":"2025-12-12T15:27:08","date_gmt":"2025-12-12T15:27:08","guid":{"rendered":"https:\/\/www.europesays.com\/pt\/185556\/"},"modified":"2025-12-12T15:27:08","modified_gmt":"2025-12-12T15:27:08","slug":"chatgpt-vai-lancar-modo-adulto-em-2026-com-controlo-de-idade-reforcado","status":"publish","type":"post","link":"https:\/\/www.europesays.com\/pt\/185556\/","title":{"rendered":"ChatGPT vai lan\u00e7ar &#8220;modo adulto&#8221; em 2026 com controlo de idade refor\u00e7ado"},"content":{"rendered":"<p>                <b>O lan\u00e7amento surge no seguimento da introdu\u00e7\u00e3o de um novo sistema de dete\u00e7\u00e3o de idade<\/b>, concebido para evitar situa\u00e7\u00f5es extremas envolvendo utilizadores jovens e garantir que conte\u00fados sens\u00edveis n\u00e3o chegam a quem n\u00e3o deve.<\/p>\n<p>O objetivo central \u00e9 distinguir adultos de menores, adaptando automaticamente a experi\u00eancia do chatbot sempre que identifica que o utilizador tem menos de 18 anos.\u00a0<\/p>\n<p><b>Esta dete\u00e7\u00e3o ser\u00e1 feita com base no comportamento durante a conversa, permitindo ao sistema ajustar respostas e bloquear conte\u00fados prejudiciais. <\/b>Entre esses bloqueios estar\u00e1 todo o conte\u00fado sexual expl\u00edcito, al\u00e9m de outros materiais considerados inseguros para adolescentes.<\/p>\n<p><b>Ao mesmo tempo, para utilizadores que provem ser maiores de idade, a OpenAI introduzir\u00e1 um modo exclusivo que permite o acesso a conte\u00fado er\u00f3tico, segundo confirmou Sam Altman, CEO da organiza\u00e7\u00e3o.<\/b> Apenas adultos verificados poder\u00e3o ativar esta op\u00e7\u00e3o, que ficar\u00e1 totalmente fora do alcance de menores gra\u00e7as ao novo sistema de controlo de idade.<\/p>\n<p>A experi\u00eancia dedicada aos mais jovens incluir\u00e1 mecanismos adicionais de prote\u00e7\u00e3o, como facilitar a interven\u00e7\u00e3o de terceiros &#8211; como pais, tutores ou respons\u00e1veis &#8211; sempre que necess\u00e1rio para garantir a seguran\u00e7a de adolescentes em risco.<\/p>\n<p>A OpenAI j\u00e1 iniciou testes do sistema em v\u00e1rios pa\u00edses e afirma que <b>s\u00f3 avan\u00e7ar\u00e1 com o lan\u00e7amento global quando o n\u00edvel de precis\u00e3o de identifica\u00e7\u00e3o dos utilizadores for considerado suficientemente robusto.<\/b><\/p>\n<p>Num cen\u00e1rio internacional em que governos discutem cada vez mais a prote\u00e7\u00e3o digital dos menores, a Austr\u00e1lia tornou-se esta semana no primeiro pa\u00eds a avan\u00e7ar para a exclus\u00e3o de menores de 16 anos das redes sociais. Agora, a OpenAI procura acompanhar essa tend\u00eancia, refor\u00e7ando a seguran\u00e7a de quem navega no mundo da intelig\u00eancia artificial.&#13;\n            <\/p>\n","protected":false},"excerpt":{"rendered":"O lan\u00e7amento surge no seguimento da introdu\u00e7\u00e3o de um novo sistema de dete\u00e7\u00e3o de idade, concebido para evitar&hellip;\n","protected":false},"author":2,"featured_media":185557,"comment_status":"","ping_status":"","sticky":false,"template":"","format":"standard","meta":{"footnotes":""},"categories":[84],"tags":[642,109,107,108,933,2430,32,33,105,103,104,106,110],"class_list":{"0":"post-185556","1":"post","2":"type-post","3":"status-publish","4":"format-standard","5":"has-post-thumbnail","7":"category-ciencia-e-tecnologia","8":"tag-chatgpt","9":"tag-ciencia","10":"tag-ciencia-e-tecnologia","11":"tag-cienciaetecnologia","12":"tag-inteligencia-artificial","13":"tag-openai","14":"tag-portugal","15":"tag-pt","16":"tag-science","17":"tag-science-and-technology","18":"tag-scienceandtechnology","19":"tag-technology","20":"tag-tecnologia"},"share_on_mastodon":{"url":"https:\/\/pubeurope.com\/@pt\/115707303900363542","error":""},"_links":{"self":[{"href":"https:\/\/www.europesays.com\/pt\/wp-json\/wp\/v2\/posts\/185556","targetHints":{"allow":["GET"]}}],"collection":[{"href":"https:\/\/www.europesays.com\/pt\/wp-json\/wp\/v2\/posts"}],"about":[{"href":"https:\/\/www.europesays.com\/pt\/wp-json\/wp\/v2\/types\/post"}],"author":[{"embeddable":true,"href":"https:\/\/www.europesays.com\/pt\/wp-json\/wp\/v2\/users\/2"}],"replies":[{"embeddable":true,"href":"https:\/\/www.europesays.com\/pt\/wp-json\/wp\/v2\/comments?post=185556"}],"version-history":[{"count":0,"href":"https:\/\/www.europesays.com\/pt\/wp-json\/wp\/v2\/posts\/185556\/revisions"}],"wp:featuredmedia":[{"embeddable":true,"href":"https:\/\/www.europesays.com\/pt\/wp-json\/wp\/v2\/media\/185557"}],"wp:attachment":[{"href":"https:\/\/www.europesays.com\/pt\/wp-json\/wp\/v2\/media?parent=185556"}],"wp:term":[{"taxonomy":"category","embeddable":true,"href":"https:\/\/www.europesays.com\/pt\/wp-json\/wp\/v2\/categories?post=185556"},{"taxonomy":"post_tag","embeddable":true,"href":"https:\/\/www.europesays.com\/pt\/wp-json\/wp\/v2\/tags?post=185556"}],"curies":[{"name":"wp","href":"https:\/\/api.w.org\/{rel}","templated":true}]}}