{"id":185570,"date":"2025-12-12T15:46:07","date_gmt":"2025-12-12T15:46:07","guid":{"rendered":"https:\/\/www.europesays.com\/pt\/185570\/"},"modified":"2025-12-12T15:46:07","modified_gmt":"2025-12-12T15:46:07","slug":"benfica-alemao-patrick-dippel-e-o-novo-director-de-scouting","status":"publish","type":"post","link":"https:\/\/www.europesays.com\/pt\/185570\/","title":{"rendered":"Benfica: alem\u00e3o Patrick Dippel \u00e9 o novo director de scouting"},"content":{"rendered":"<p>(artigo atualizado)<\/p>\n<p>O Benfica fechou a contrata\u00e7\u00e3o de Patrick Dippel para a posi\u00e7\u00e3o de diretor de scouting. Trata-se de um alem\u00e3o, de 45 anos, que tem 20 anos de experi\u00eancia em diferentes projetos de an\u00e1lise,\u00a0sendo reconhecido como pioneiro no uso de Intelig\u00eancia Artificial e an\u00e1lise de dados no scouting.<\/p>\n<p>Licenciado em Ci\u00eancia Pol\u00edtica pela Universidade de Bona, entrou no futebol atrav\u00e9s do\u00a0projeto \u00abObserva\u00e7\u00e3o para o Campeonato do Mundo de 2006\u00bb, da Universidade de Desporto de Col\u00f3nia.<\/p>\n<p>Durante essa primeira experi\u00eancia criou perfis dos jogadores da sele\u00e7\u00e3o da Costa Rica (primeiro\u00a0advers\u00e1rio da sele\u00e7\u00e3o alem\u00e3), tendo ainda desenvolvido an\u00e1lise em v\u00eddeo do futebol da pr\u00f3pria sele\u00e7\u00e3o.<\/p>\n<p>Depois disso, em 2008, come\u00e7ou a trabalhar na empresa MasterCoach Int., uma plataforma de an\u00e1lise com recurso a dados e a sistema de v\u00eddeo computadorizado, na qual fazia an\u00e1lise para as sele\u00e7\u00f5es alem\u00e3s sub-17, sub-18, sub-19 e sub-21.<\/p>\n<p>Ficou seis anos na MasterCoach Int, que depois mudou de nome para Prozone, tendo mais tarde, j\u00e1 enquanto chefe de an\u00e1lise, desenvolvido projetos para a Federa\u00e7\u00e3o Alem\u00e3, a Federa\u00e7\u00e3o Holandesa, a Federa\u00e7\u00e3o Su\u00ed\u00e7a, a Liga Su\u00ed\u00e7a, a Superliga Chinesa, o Bayern Munique, o Bayer Leverkusen e o Young Boys.<\/p>\n<p>Em 2017 chegou ao Bayern Munique, no qual come\u00e7ou por fazer an\u00e1lise para as camadas jovens, para mais tarde trabalhar tamb\u00e9m como analista da equipa principal. Seguiram-se o Sturm Graz, o\u00a0Uerdingen, o Hamburgo e o Basileia.<\/p>\n<p>Recorde-se que no \u00faltimo debate antes da segunda volta com Jo\u00e3o Noronha Lopes, Rui Costa disse que o dossier do chief scout estava praticamente fechado e justificou por que raz\u00e3o n\u00e3o revelava o nome. \u00abA pessoa est\u00e1 empregada e se eu n\u00e3o ganhar as elei\u00e7\u00f5es essa pessoa vai continuar onde est\u00e1, naturalmente. Mas est\u00e1 tudo apalavrado e \u00e9 um \u00f3timo chief scout.\u00bb<\/p>\n<p>Ora, o presidente dos encarnados n\u00e3o se referia a Dippel, que deixou o Basileia no final da \u00e9poca passada e estava livre desde ent\u00e3o.<\/p>\n<p>O <strong>Maisfutebol <\/strong>sabe que, \u00e0 data, Paulo Meneses, coordenador do departamento de scouting do Sp. Braga h\u00e1 sete anos, era a possibilidade mais forte, mas, ap\u00f3s reuni\u00f5es, n\u00e3o se chegou a um entendimento no sentido de convencer o diretor do clube minhoto, pe\u00e7a-chave na estrutura de Ant\u00f3nio Salvador, a mudar-se para o Benfica Campus.\u00a0<\/p>\n<p>Antes de ter chegado ao Sp. Braga, Paulo Meneses trabalhou na prospe\u00e7\u00e3o de clubes como Betis, Sporting, Panathinaikos e, novamente, Sp. Braga, onde se iniciou em fun\u00e7\u00f5es deste tipo h\u00e1 mais de 15 anos.<\/p>\n<p style=\"margin-bottom:11px\">Recorde-se que a fun\u00e7\u00e3o de chief scout do Benfica est\u00e1 por ocupar desde a sa\u00edda de Pedro Ferreira para o Nottingham Forest no ver\u00e3o de 2024. De l\u00e1 at\u00e9 aos primeiros meses desta \u00e9poca,\u00a0acabou por ser Rui Pedro Braz a assumir a lideran\u00e7a deste departamento e fazer a ponte com Rui Costa, mas a sa\u00edda do ent\u00e3o diretor-desportivo para os sauditas do Al Ahly aumentou ainda mais a necessidade de colmatar uma lacuna agora preenchida.<\/p>\n","protected":false},"excerpt":{"rendered":"(artigo atualizado) O Benfica fechou a contrata\u00e7\u00e3o de Patrick Dippel para a posi\u00e7\u00e3o de diretor de scouting. Trata-se&hellip;\n","protected":false},"author":2,"featured_media":185571,"comment_status":"","ping_status":"","sticky":false,"template":"","format":"standard","meta":{"footnotes":""},"categories":[87],"tags":[51,37734,1190,135,37735,36,46,42,37736,32,33,47,134],"class_list":{"0":"post-185570","1":"post","2":"type-post","3":"status-publish","4":"format-standard","5":"has-post-thumbnail","7":"category-desporto","8":"tag-benfica","9":"tag-chief-scout","10":"tag-contratacao","11":"tag-desporto","12":"tag-diretor-de-scouting","13":"tag-liga","14":"tag-maisfutebol","15":"tag-mercado","16":"tag-patrick-dippel","17":"tag-portugal","18":"tag-pt","19":"tag-pura-paixao","20":"tag-sports"},"share_on_mastodon":{"url":"https:\/\/pubeurope.com\/@pt\/115707378940160778","error":""},"_links":{"self":[{"href":"https:\/\/www.europesays.com\/pt\/wp-json\/wp\/v2\/posts\/185570","targetHints":{"allow":["GET"]}}],"collection":[{"href":"https:\/\/www.europesays.com\/pt\/wp-json\/wp\/v2\/posts"}],"about":[{"href":"https:\/\/www.europesays.com\/pt\/wp-json\/wp\/v2\/types\/post"}],"author":[{"embeddable":true,"href":"https:\/\/www.europesays.com\/pt\/wp-json\/wp\/v2\/users\/2"}],"replies":[{"embeddable":true,"href":"https:\/\/www.europesays.com\/pt\/wp-json\/wp\/v2\/comments?post=185570"}],"version-history":[{"count":0,"href":"https:\/\/www.europesays.com\/pt\/wp-json\/wp\/v2\/posts\/185570\/revisions"}],"wp:featuredmedia":[{"embeddable":true,"href":"https:\/\/www.europesays.com\/pt\/wp-json\/wp\/v2\/media\/185571"}],"wp:attachment":[{"href":"https:\/\/www.europesays.com\/pt\/wp-json\/wp\/v2\/media?parent=185570"}],"wp:term":[{"taxonomy":"category","embeddable":true,"href":"https:\/\/www.europesays.com\/pt\/wp-json\/wp\/v2\/categories?post=185570"},{"taxonomy":"post_tag","embeddable":true,"href":"https:\/\/www.europesays.com\/pt\/wp-json\/wp\/v2\/tags?post=185570"}],"curies":[{"name":"wp","href":"https:\/\/api.w.org\/{rel}","templated":true}]}}