{"id":185576,"date":"2025-12-12T15:51:08","date_gmt":"2025-12-12T15:51:08","guid":{"rendered":"https:\/\/www.europesays.com\/pt\/185576\/"},"modified":"2025-12-12T15:51:08","modified_gmt":"2025-12-12T15:51:08","slug":"narges-mohammadi-detida-pelas-autoridades-iranianas","status":"publish","type":"post","link":"https:\/\/www.europesays.com\/pt\/185576\/","title":{"rendered":"Narges Mohammadi detida pelas autoridades iranianas"},"content":{"rendered":"<p>&#13;<br \/>\nA den\u00fancia foi feita pela pr\u00f3pria funda\u00e7\u00e3o de Narges Mohammadi, que revela que a deten\u00e7\u00e3o aconteceu durante uma cerim\u00f3nia f\u00fanebre em homenagem a Khosrow Alikordi, um proeminente advogado iraniano, defensor dos Direitos Humanos. &#13;\n<\/p>\n<p>\n<b>&#8220;A Funda\u00e7\u00e3o Narges Mohammadi anunciou ter recebido informa\u00e7\u00f5es cred\u00edveis&#13;<br \/>\nde que Narges Mohammadi foi violentamente detida pelas for\u00e7as de &#13;<br \/>\nseguran\u00e7a e pela pol\u00edcia h\u00e1 cerca de uma hora, durante a cerim\u00f3nia do &#13;<br \/>\ns\u00e9timo dia em mem\u00f3ria de Khosrow Alikordi&#8221;<\/b>, l\u00ea-se no comunicado. A ativista estava em liberdade condicional desde dezembro de 2024 por raz\u00f5es m\u00e9dicas.\u00a0<\/p>\n<p>A advogada de Narges Mohammadi, Chirinne Ardakani, confirmou a informa\u00e7\u00e3o em declara\u00e7\u00f5es \u00e0 ag\u00eancia France Presse e tamb\u00e9m atrav\u00e9s das redes sociais.\u00a0&#13;\n<\/p>\n<p>&#13;<br \/>\n<b>&#8220;A minha cliente (&#8230;) foi detida com outros ativistas h\u00e1 cerca de uma hora pelas for\u00e7as de seguran\u00e7a iranianas&#8221; depois de &#8220;ter tomado a palavra para denunciar a morte &#8216;suspeita&#8217; do advogado e defensor dos Direitos Humanos, Khosrow Alikordi&#8221;<\/b>, l\u00ea-se numa hist\u00f3ria partilhada pela advogada no Instagram.\u00a0&#13;\n<\/p>\n<p>&#13;<br \/>\nEsta deten\u00e7\u00e3o ocorreu em\u00a0Meshed, cidade iraniana pr\u00f3xima da fronteira com o Turquemenist\u00e3o e que era a cidade natal de\u00a0Khosrow Alikordi.\u00a0&#13;\n<\/p>\n<p>&#13;<br \/>\nNarges Mohammadi, com 53 anos, foi distinguida com o Pr\u00e9mio Nobel da Paz em 2023 pela &#8220;luta contra a opress\u00e3o das mulheres no Ir\u00e3o e pela promo\u00e7\u00e3o dos Direitos Humanos&#8221;.\u00a0&#13;\n<\/p>\n<p>&#13;<br \/>\nEm dezembro de 2024, a Nobel da Paz de saiu da pris\u00e3o por raz\u00f5es m\u00e9dicas. Narges Mohammadi foi detida e condenada a v\u00e1rios anos de pris\u00e3o: <b>at\u00e9 \u00e0 deten\u00e7\u00e3o desta sexta-feira, a ativista tinha sido detida pelas autoridades iranianas por 13 vezes, condenada por cinco vezes e condenada a um total de mais de 30 anos de pris\u00e3o.<\/b>&#13;\n<\/p>\n<p>&#13;<br \/>\nH\u00e1 dois anos, a ativista venceu o Pr\u00e9mio Nobel da Paz enquanto cumpria pena na pris\u00e3o de Evin. Em dezembro de 2023, os filhos de Narges Mohammadi receberam o pr\u00e9mio em Oslo em seu nome.&#13;<\/p>\n","protected":false},"excerpt":{"rendered":"&#13; A den\u00fancia foi feita pela pr\u00f3pria funda\u00e7\u00e3o de Narges Mohammadi, que revela que a deten\u00e7\u00e3o aconteceu durante&hellip;\n","protected":false},"author":2,"featured_media":185577,"comment_status":"","ping_status":"","sticky":false,"template":"","format":"standard","meta":{"footnotes":""},"categories":[50],"tags":[27,28,3853,15,16,14,5453,25,26,21,22,62,37737,12,24802,13,19,20,23,24,17,18,29,30,31,63,64,65],"class_list":{"0":"post-185576","1":"post","2":"type-post","3":"status-publish","4":"format-standard","5":"has-post-thumbnail","7":"category-mundo","8":"tag-breaking-news","9":"tag-breakingnews","10":"tag-detencao","11":"tag-featured-news","12":"tag-featurednews","13":"tag-headlines","14":"tag-irao","15":"tag-latest-news","16":"tag-latestnews","17":"tag-main-news","18":"tag-mainnews","19":"tag-mundo","20":"tag-narges-mohammadi","21":"tag-news","22":"tag-nobel-da-paz","23":"tag-noticias","24":"tag-noticias-principais","25":"tag-noticiasprincipais","26":"tag-principais-noticias","27":"tag-principaisnoticias","28":"tag-top-stories","29":"tag-topstories","30":"tag-ultimas","31":"tag-ultimas-noticias","32":"tag-ultimasnoticias","33":"tag-world","34":"tag-world-news","35":"tag-worldnews"},"share_on_mastodon":{"url":"https:\/\/pubeurope.com\/@pt\/115707398304844631","error":""},"_links":{"self":[{"href":"https:\/\/www.europesays.com\/pt\/wp-json\/wp\/v2\/posts\/185576","targetHints":{"allow":["GET"]}}],"collection":[{"href":"https:\/\/www.europesays.com\/pt\/wp-json\/wp\/v2\/posts"}],"about":[{"href":"https:\/\/www.europesays.com\/pt\/wp-json\/wp\/v2\/types\/post"}],"author":[{"embeddable":true,"href":"https:\/\/www.europesays.com\/pt\/wp-json\/wp\/v2\/users\/2"}],"replies":[{"embeddable":true,"href":"https:\/\/www.europesays.com\/pt\/wp-json\/wp\/v2\/comments?post=185576"}],"version-history":[{"count":0,"href":"https:\/\/www.europesays.com\/pt\/wp-json\/wp\/v2\/posts\/185576\/revisions"}],"wp:featuredmedia":[{"embeddable":true,"href":"https:\/\/www.europesays.com\/pt\/wp-json\/wp\/v2\/media\/185577"}],"wp:attachment":[{"href":"https:\/\/www.europesays.com\/pt\/wp-json\/wp\/v2\/media?parent=185576"}],"wp:term":[{"taxonomy":"category","embeddable":true,"href":"https:\/\/www.europesays.com\/pt\/wp-json\/wp\/v2\/categories?post=185576"},{"taxonomy":"post_tag","embeddable":true,"href":"https:\/\/www.europesays.com\/pt\/wp-json\/wp\/v2\/tags?post=185576"}],"curies":[{"name":"wp","href":"https:\/\/api.w.org\/{rel}","templated":true}]}}