{"id":185617,"date":"2025-12-12T16:30:18","date_gmt":"2025-12-12T16:30:18","guid":{"rendered":"https:\/\/www.europesays.com\/pt\/185617\/"},"modified":"2025-12-12T16:30:18","modified_gmt":"2025-12-12T16:30:18","slug":"prefeitura-de-penedo-vacina-gestantes-contra-bronquiolite","status":"publish","type":"post","link":"https:\/\/www.europesays.com\/pt\/185617\/","title":{"rendered":"Prefeitura de Penedo vacina gestantes contra bronquiolite"},"content":{"rendered":"<p>A Prefeitura de Penedo, por meio da Secretaria Municipal de Sa\u00fade (SMS) e em parceria com a Secretaria Municipal de Assist\u00eancia Social e Direitos Humanos (SEMASDH), realizou nesta sexta-feira, 12, uma a\u00e7\u00e3o de vacina\u00e7\u00e3o contra a bronquiolite em 25 gestantes, no Centro de Refer\u00eancia de Assist\u00eancia Social (CRAS) do Bairro Santo Ant\u00f4nio.<\/p>\n<p>A imuniza\u00e7\u00e3o protege beb\u00eas contra o V\u00edrus Sincicial Respirat\u00f3rio (VSR), reduzindo riscos de quadros graves da doen\u00e7a nos primeiros meses de vida, per\u00edodo em que o sistema imunol\u00f3gico dos rec\u00e9m-nascidos ainda est\u00e1 em forma\u00e7\u00e3o.<\/p>\n<p><strong>O VSR \u00e9 um dos principais respons\u00e1veis por interna\u00e7\u00f5es decorrentes de bronquiolite, especialmente entre rec\u00e9m-nascidos e lactentes. \u201cA vacina \u00e9 uma importante estrat\u00e9gia de prote\u00e7\u00e3o precoce, garantindo que esses beb\u00eas j\u00e1 nas\u00e7am com maior imunidade contra o VSR. Quanto maior a ades\u00e3o das gestantes, menores ser\u00e3o os riscos de complica\u00e7\u00f5es e interna\u00e7\u00f5es logo ap\u00f3s o nascimento. Vale lembrar que essa doen\u00e7a pode levar a morte dos beb\u00eas\u201d, afirmou a Diretora de Epidemiologia e Imuniza\u00e7\u00e3o, Dhayanna Oliveira.<\/strong><\/p>\n<p>Durante a a\u00e7\u00e3o, a Secret\u00e1ria Municipal de Assist\u00eancia Social, Ana Tereza Lopes, tamb\u00e9m recebeu a dose e incentivou outras gestantes a se vacinarem.<\/p>\n<p>\u201c\u00c9 uma vacina muito importante, principalmente para os nossos beb\u00eas. Nossas crian\u00e7as futuramente n\u00e3o ter\u00e3o bronquiolite e ser\u00e3o crian\u00e7as mais saud\u00e1veis. Fiz quest\u00e3o de vir garantir a minha dose e proteger a minha pequena Maria Eduarda\u201d, declarou.<\/p>\n<p><img data-dominant-color=\"918a7e\" data-has-transparency=\"false\" style=\"--dominant-color: #918a7e;\" fetchpriority=\"high\" decoding=\"async\" class=\"alignnone size-full wp-image-105916 not-transparent\" src=\"https:\/\/penedo.al.gov.br\/wp-content\/uploads\/2025\/12\/vacina-bronquiolite-penedo-foto-gabriela-flores-10.avif\" alt=\"\" width=\"1600\" height=\"900\"  \/><\/p>\n<p>Acompanhando a esposa, o Secret\u00e1rio Executivo de Sa\u00fade de Alagoas, Guilherme Lopes, comemorou a oferta da vacina no munic\u00edpio e ressaltou o avan\u00e7o da sa\u00fade.<\/p>\n<p><strong>\u201cFico muito feliz em ver Penedo disponibilizando essa vacina com rapidez e organiza\u00e7\u00e3o. Das 230 gestantes que est\u00e3o no per\u00edodo adequado para receber a dose, 100 j\u00e1 foram imunizadas em apenas tr\u00eas dias. Isso mostra o compromisso do munic\u00edpio com a sa\u00fade materno-infantil. E, hoje, como futuro pai, j\u00e1 sei que nossa filha est\u00e1 protege contra esta doen\u00e7a\u201d, destacou.<\/strong><\/p>\n<p>A SMS refor\u00e7a que todas as gestantes, a partir da 28\u00aa semana, podem procurar sua Unidade B\u00e1sica de Sa\u00fade de refer\u00eancia para receber a vacina\u00e7\u00e3o.<\/p>\n<p>Para isso, \u00e9 necess\u00e1rio apresentar o cart\u00e3o do pr\u00e9-natal e um documento de identifica\u00e7\u00e3o. A amplia\u00e7\u00e3o da cobertura vacinal \u00e9 essencial para prevenir casos graves e fortalecer a sa\u00fade das crian\u00e7as penedenses, garantindo um come\u00e7o de vida mais seguro e saud\u00e1vel.<\/p>\n<p><strong>Por Assessoria SMS Penedo<\/strong><\/p>\n<p>Texto e fotos: Gabriela Flores \u2013 jornalista e social midia<\/p>\n","protected":false},"excerpt":{"rendered":"A Prefeitura de Penedo, por meio da Secretaria Municipal de Sa\u00fade (SMS) e em parceria com a Secretaria&hellip;\n","protected":false},"author":2,"featured_media":185618,"comment_status":"","ping_status":"","sticky":false,"template":"","format":"standard","meta":{"footnotes":""},"categories":[86],"tags":[18233,116,27857,32,33,117,17268,37741,20328,37742],"class_list":{"0":"post-185617","1":"post","2":"type-post","3":"status-publish","4":"format-standard","5":"has-post-thumbnail","7":"category-saude","8":"tag-bronquiolite","9":"tag-health","10":"tag-penedo","11":"tag-portugal","12":"tag-pt","13":"tag-saude","14":"tag-sms","15":"tag-vacina-gestantes","16":"tag-virus-sincicial-respiratorio","17":"tag-vsr"},"share_on_mastodon":{"url":"https:\/\/pubeurope.com\/@pt\/115707551818592872","error":""},"_links":{"self":[{"href":"https:\/\/www.europesays.com\/pt\/wp-json\/wp\/v2\/posts\/185617","targetHints":{"allow":["GET"]}}],"collection":[{"href":"https:\/\/www.europesays.com\/pt\/wp-json\/wp\/v2\/posts"}],"about":[{"href":"https:\/\/www.europesays.com\/pt\/wp-json\/wp\/v2\/types\/post"}],"author":[{"embeddable":true,"href":"https:\/\/www.europesays.com\/pt\/wp-json\/wp\/v2\/users\/2"}],"replies":[{"embeddable":true,"href":"https:\/\/www.europesays.com\/pt\/wp-json\/wp\/v2\/comments?post=185617"}],"version-history":[{"count":0,"href":"https:\/\/www.europesays.com\/pt\/wp-json\/wp\/v2\/posts\/185617\/revisions"}],"wp:featuredmedia":[{"embeddable":true,"href":"https:\/\/www.europesays.com\/pt\/wp-json\/wp\/v2\/media\/185618"}],"wp:attachment":[{"href":"https:\/\/www.europesays.com\/pt\/wp-json\/wp\/v2\/media?parent=185617"}],"wp:term":[{"taxonomy":"category","embeddable":true,"href":"https:\/\/www.europesays.com\/pt\/wp-json\/wp\/v2\/categories?post=185617"},{"taxonomy":"post_tag","embeddable":true,"href":"https:\/\/www.europesays.com\/pt\/wp-json\/wp\/v2\/tags?post=185617"}],"curies":[{"name":"wp","href":"https:\/\/api.w.org\/{rel}","templated":true}]}}