{"id":185626,"date":"2025-12-12T16:47:07","date_gmt":"2025-12-12T16:47:07","guid":{"rendered":"https:\/\/www.europesays.com\/pt\/185626\/"},"modified":"2025-12-12T16:47:07","modified_gmt":"2025-12-12T16:47:07","slug":"batman-parte-2-pode-ter-brad-pitt-em-papel-de-vilao-diz-rumor","status":"publish","type":"post","link":"https:\/\/www.europesays.com\/pt\/185626\/","title":{"rendered":"Batman: Parte 2 pode ter Brad Pitt em papel de vil\u00e3o, diz rumor"},"content":{"rendered":"<p class=\"wp-block-yoast-seo-estimated-reading-time yoast-reading-time__wrapper\">Estimated reading time: 2 minutos<\/p>\n<p>Ao que parece, a <strong>DC Studios<\/strong> n\u00e3o vai parar em <a href=\"https:\/\/ovicio.com.br\/tag\/scarlett-johansson\" target=\"_blank\" rel=\"noreferrer noopener nofollow\">Scarlett Johansson<\/a>\u00a0na contrata\u00e7\u00e3o de novos nomes de peso para <a href=\"https:\/\/ovicio.com.br\/tag\/batman\" target=\"_blank\" rel=\"noreferrer noopener nofollow\">Batman: Parte 2 (2027)<\/a>. <strong>Brad Pitt<\/strong> estaria com uma proposta em m\u00e3os para dar vida a um dos vil\u00f5es.<\/p>\n<p>Conforme relatado pelo World of Reel e o jornalista <strong>Jeff Senider<\/strong>, est\u00e1 grande o burburinho nos bastidores de que o astro foi abordado pelo diretor <strong>Matt Reeves <\/strong>para discutir sobre o papel misterioso.<\/p>\n<p><strong>Reeves <\/strong>tem uma rela\u00e7\u00e3o muito pr\u00f3xima com a <strong>Plan B<\/strong> \u2013 a produtora de <strong>Brad Pitt <\/strong>\u2013, e em setembro chegou a admitir que estava conversando os membros dela para montar elenco e equipe do seu filme.<\/p>\n<p>Por enquanto, trate o relato como rumor. No entanto, vale prestar muita aten\u00e7\u00e3o nos pr\u00f3ximos movimentos.<\/p>\n<p>A produ\u00e7\u00e3o de<strong> Batman: Parte 2 (2027)<\/strong> vai come\u00e7ar em abril. A estreia est\u00e1 marcada para 30 de setembro de 2027.<\/p>\n<p><strong>Robert Pattinson<\/strong> volta como <strong>Batman<\/strong>, ao lado de<strong> Colin Farrell<\/strong> como <strong>Pinguim<\/strong>, <strong>Andy Serkis <\/strong>como <strong>Alfred <\/strong>e <strong>Jeffrey Wright<\/strong> como <strong>Comiss\u00e1rio Gordon<\/strong>.<\/p>\n<p><strong>Barry Keoghan<\/strong> tamb\u00e9m deve aparecer mais uma vez como <strong>Coringa<\/strong>. <strong>Zo\u00eb Kravitz<\/strong>, por sua vez, n\u00e3o reprisar\u00e1 seu papel como <strong>Mulher-Gato<\/strong>.<\/p>\n<p>O interesse rom\u00e2ntico de <strong>Bruce Wayne<\/strong> na trama ser\u00e1 a personagem de<strong> Scarlett Johansson<\/strong>, que ser\u00e1 uma das vil\u00e3s.<\/p>\n<p>Leia mais sobre Batman:<\/p>\n<p><strong>Fonte:<\/strong> <a href=\"https:\/\/www.worldofreel.com\/blog\/2025\/12\/12\/rumor-brad-pitt-in-talks-for-reeves-the-batman-part-two\" target=\"_blank\" rel=\"noreferrer noopener nofollow\">World Of Reel<\/a><\/p>\n","protected":false},"excerpt":{"rendered":"Estimated reading time: 2 minutos Ao que parece, a DC Studios n\u00e3o vai parar em Scarlett Johansson\u00a0na contrata\u00e7\u00e3o&hellip;\n","protected":false},"author":2,"featured_media":185627,"comment_status":"","ping_status":"","sticky":false,"template":"","format":"standard","meta":{"footnotes":""},"categories":[140],"tags":[1948,16365,37744,8151,7319,114,115,147,148,7320,14901,146,32,33,16809,37695],"class_list":{"0":"post-185626","1":"post","2":"type-post","3":"status-publish","4":"format-standard","5":"has-post-thumbnail","7":"category-filmes","8":"tag-batman","9":"tag-batman-parte-2","10":"tag-batman-parte-ii","11":"tag-brad-pitt","12":"tag-dc-studios","13":"tag-entertainment","14":"tag-entretenimento","15":"tag-film","16":"tag-filmes","17":"tag-james-gunn","18":"tag-matt-reeves","19":"tag-movies","20":"tag-portugal","21":"tag-pt","22":"tag-warner-bros-discovery","23":"tag-warner-bros-pictures"},"share_on_mastodon":{"url":"https:\/\/pubeurope.com\/@pt\/115707618505926896","error":""},"_links":{"self":[{"href":"https:\/\/www.europesays.com\/pt\/wp-json\/wp\/v2\/posts\/185626","targetHints":{"allow":["GET"]}}],"collection":[{"href":"https:\/\/www.europesays.com\/pt\/wp-json\/wp\/v2\/posts"}],"about":[{"href":"https:\/\/www.europesays.com\/pt\/wp-json\/wp\/v2\/types\/post"}],"author":[{"embeddable":true,"href":"https:\/\/www.europesays.com\/pt\/wp-json\/wp\/v2\/users\/2"}],"replies":[{"embeddable":true,"href":"https:\/\/www.europesays.com\/pt\/wp-json\/wp\/v2\/comments?post=185626"}],"version-history":[{"count":0,"href":"https:\/\/www.europesays.com\/pt\/wp-json\/wp\/v2\/posts\/185626\/revisions"}],"wp:featuredmedia":[{"embeddable":true,"href":"https:\/\/www.europesays.com\/pt\/wp-json\/wp\/v2\/media\/185627"}],"wp:attachment":[{"href":"https:\/\/www.europesays.com\/pt\/wp-json\/wp\/v2\/media?parent=185626"}],"wp:term":[{"taxonomy":"category","embeddable":true,"href":"https:\/\/www.europesays.com\/pt\/wp-json\/wp\/v2\/categories?post=185626"},{"taxonomy":"post_tag","embeddable":true,"href":"https:\/\/www.europesays.com\/pt\/wp-json\/wp\/v2\/tags?post=185626"}],"curies":[{"name":"wp","href":"https:\/\/api.w.org\/{rel}","templated":true}]}}