{"id":185651,"date":"2025-12-12T17:11:23","date_gmt":"2025-12-12T17:11:23","guid":{"rendered":"https:\/\/www.europesays.com\/pt\/185651\/"},"modified":"2025-12-12T17:11:23","modified_gmt":"2025-12-12T17:11:23","slug":"relembre-a-vida-do-artista-que-se-tornou-simbolo-do-seculo-xx-na-musica-e-no-cinema","status":"publish","type":"post","link":"https:\/\/www.europesays.com\/pt\/185651\/","title":{"rendered":"relembre a vida do artista que se tornou s\u00edmbolo do s\u00e9culo XX na m\u00fasica e no cinema"},"content":{"rendered":"\n<p class=\" content-text__container theme-color-primary-first-letter\" data-track-category=\"Link no Texto\" data-track-links=\"\"> Quem poderia imaginar que um garoto de Hoboken se tornaria um dos maiores \u00edcones do s\u00e9culo XX? Nesta sexta-feira (12), completam-se 110 anos do nascimento de Frank Sinatra, cantor e ator cuja carreira atravessou mais de cinco d\u00e9cadas e moldou a hist\u00f3ria da m\u00fasica popular americana (e do mundo). Filho \u00fanico de imigrantes sicilianos, Sinatra nasceu em 1915, em Nova Jersey, e cedo encontrou no r\u00e1dio e nos clubes noturnos o caminho para a fama. <\/p>\n<ul class=\"content-unordered-list\">\n<li><strong>A noite em que Bob Marley levou um tiro: <\/strong><a class=\"\" href=\"https:\/\/oglobo.globo.com\/cultura\/noticia\/2025\/12\/03\/a-noite-em-que-bob-marley-levou-um-tiro-49-anos-depois-entenda-como-ataque-mudou-o-reggae-para-sempre.ghtml\" rel=\"nofollow noopener\" target=\"_blank\"><strong>49 anos depois, entenda como ataque mudou o reggae para sempre<\/strong><\/a><\/li>\n<\/ul>\n<p class=\" content-text__container \" data-track-category=\"Link no Texto\" data-track-links=\"\"> Ainda na adolesc\u00eancia, decidiu que seria cantor, inspirado por Bing Crosby. O destino mudou quando o l\u00edder de banda Harry James o chamou para gravar, abrindo portas para sucessos como All or Nothing at All. Em 1940, j\u00e1 ao lado de Tommy Dorsey, conquistou proje\u00e7\u00e3o nacional, mas dois anos depois rompeu com a banda para construir seu nome solo \u2014 decis\u00e3o que definiria a fase seguinte da carreira. <\/p>\n<p>Da histeria das f\u00e3s ao estrelato no cinema<\/p>\n<p class=\" content-text__container \" data-track-category=\"Link no Texto\" data-track-links=\"\"> Entre 1943 e 1946, Sinatra se consolidou como fen\u00f4meno cultural. As \u201cbobby-soxers\u201d lotavam shows, rendendo ao jovem os apelidos de \u201cA Voz\u201d e \u201cO Sult\u00e3o do Desmaio\u201d. No cinema, estreou em 1943 e ganhou seu primeiro Oscar dois anos depois pelo curta The House I Live In, que promovia toler\u00e2ncia racial e religiosa. O p\u00f3s-guerra, por\u00e9m, abalou sua popularidade: contratos foram encerrados e o artista enfrentou um per\u00edodo de baixa. <\/p>\n<p class=\" content-text__container \" data-track-category=\"Link no Texto\" data-track-links=\"\"> A virada veio em 1953, quando interpretou o soldado Maggio em A Um Passo da Eternidade (From Here to Eternity). O papel, seu primeiro sem cantar, lhe garantiu o Oscar de Melhor Ator Coadjuvante e relan\u00e7ou sua carreira. Na m\u00fasica, a Capitol Records lhe deu espa\u00e7o para desenvolver um estilo vocal mais maduro, sustentado pelo di\u00e1logo com o jazz. <\/p>\n<p>      <img decoding=\"async\" class=\"content-media__image\"  src=\"https:\/\/www.europesays.com\/pt\/wp-content\/uploads\/2025\/12\/2024050656234001715796696.png\" alt=\"&quot;Marujos do amor&quot; (1945), estrelado por Frank Sinatra \u2014 Foto: Divulga\u00e7\u00e3o\" width=\"942\" height=\"675\" loading=\"lazy\"\/>  &#8220;Marujos do amor&#8221; (1945), estrelado por Frank Sinatra \u2014 Foto: Divulga\u00e7\u00e3o       <\/p>\n<p class=\" content-text__container \" data-track-category=\"Link no Texto\" data-track-links=\"\"> Na segunda metade dos anos 1950 e in\u00edcio dos 1960, consolidou-se como figura central do show business. Ganhou indica\u00e7\u00e3o ao Oscar por O Homem do Bra\u00e7o de Ouro (1955), brilhou em Sob o Dom\u00ednio do Mal (1962) e, ao lado de Sammy Davis Jr., Dean Martin, Peter Lawford e Joey Bishop, ajudou a definir o imagin\u00e1rio de Las Vegas com o Rat Pack \u2014 grupo que misturava glamour, humor e vida noturna explosiva. <\/p>\n<p class=\" content-text__container \" data-track-category=\"Link no Texto\" data-track-links=\"\"> Nesse per\u00edodo, vieram os maiores cl\u00e1ssicos: Strangers in the Night (1966), vencedor do Grammy, e Something Stupid, gravada com sua filha Nancy, que liderou as paradas por quatro semanas em 1967. No fim da d\u00e9cada, My Way se tornaria uma marca definitiva de Sinatra, imortalizando o tom confessional que caracterizou boa parte de sua obra. <\/p>\n<p class=\" content-text__container \" data-track-category=\"Link no Texto\" data-track-links=\"\"> A d\u00e9cada de 1970 marcou um retorno ap\u00f3s breve hiato, com o \u00e1lbum Ol\u2019 Blue Eyes Is Back, al\u00e9m de uma participa\u00e7\u00e3o crescente na pol\u00edtica americana. Sinatra apoiou diferentes candidatos ao longo da vida, de Franklin D. Roosevelt a Ronald Reagan \u2014 que lhe concedeu a Medalha Presidencial da Liberdade em 1985. <\/p>\n<p class=\" content-text__container \" data-track-category=\"Link no Texto\" data-track-links=\"\"> No campo pessoal, casou-se quatro vezes e teve tr\u00eas filhos, todos com sua primeira esposa, Nancy Barbato. Sua vida privada alimentou tabloides, assim como a biografia n\u00e3o autorizada publicada por Kitty Kelley em 1987, que mencionava supostas liga\u00e7\u00f5es com a m\u00e1fia \u2014 acusa\u00e7\u00f5es que n\u00e3o diminu\u00edram sua popularidade. <\/p>\n<p class=\" content-text__container \" data-track-category=\"Link no Texto\" data-track-links=\"\"> Em 1993, j\u00e1 aos 77 anos, voltou a atingir novas gera\u00e7\u00f5es com o \u00e1lbum Duets, gravado com nomes como Barbra Streisand, Tony Bennett e Aretha Franklin. Sua \u00faltima apari\u00e7\u00e3o p\u00fablica ocorreu em 1995, em um evento no Palm Desert Marriott Ballroom, na Calif\u00f3rnia. Tr\u00eas anos depois, em 14 de maio de 1998, Sinatra morreu aos 82 anos, em Los Angeles. <\/p>\n<p class=\" content-text__container \" data-track-category=\"Link no Texto\" data-track-links=\"\"> Figura incontorn\u00e1vel da m\u00fasica e do cinema, ele resumia seu legado com simplicidade: \u201cQuando canto, acredito nisso. Sou honesto.\u201d <\/p>\n","protected":false},"excerpt":{"rendered":"Quem poderia imaginar que um garoto de Hoboken se tornaria um dos maiores \u00edcones do s\u00e9culo XX? Nesta&hellip;\n","protected":false},"author":2,"featured_media":185652,"comment_status":"","ping_status":"","sticky":false,"template":"","format":"standard","meta":{"footnotes":""},"categories":[145],"tags":[211,210,114,115,319,32,33,318],"class_list":{"0":"post-185651","1":"post","2":"type-post","3":"status-publish","4":"format-standard","5":"has-post-thumbnail","7":"category-celebridades","8":"tag-celebridades","9":"tag-celebrities","10":"tag-entertainment","11":"tag-entretenimento","12":"tag-hard-news","13":"tag-portugal","14":"tag-pt","15":"tag-radar"},"share_on_mastodon":{"url":"https:\/\/pubeurope.com\/@pt\/115707713122157865","error":""},"_links":{"self":[{"href":"https:\/\/www.europesays.com\/pt\/wp-json\/wp\/v2\/posts\/185651","targetHints":{"allow":["GET"]}}],"collection":[{"href":"https:\/\/www.europesays.com\/pt\/wp-json\/wp\/v2\/posts"}],"about":[{"href":"https:\/\/www.europesays.com\/pt\/wp-json\/wp\/v2\/types\/post"}],"author":[{"embeddable":true,"href":"https:\/\/www.europesays.com\/pt\/wp-json\/wp\/v2\/users\/2"}],"replies":[{"embeddable":true,"href":"https:\/\/www.europesays.com\/pt\/wp-json\/wp\/v2\/comments?post=185651"}],"version-history":[{"count":0,"href":"https:\/\/www.europesays.com\/pt\/wp-json\/wp\/v2\/posts\/185651\/revisions"}],"wp:featuredmedia":[{"embeddable":true,"href":"https:\/\/www.europesays.com\/pt\/wp-json\/wp\/v2\/media\/185652"}],"wp:attachment":[{"href":"https:\/\/www.europesays.com\/pt\/wp-json\/wp\/v2\/media?parent=185651"}],"wp:term":[{"taxonomy":"category","embeddable":true,"href":"https:\/\/www.europesays.com\/pt\/wp-json\/wp\/v2\/categories?post=185651"},{"taxonomy":"post_tag","embeddable":true,"href":"https:\/\/www.europesays.com\/pt\/wp-json\/wp\/v2\/tags?post=185651"}],"curies":[{"name":"wp","href":"https:\/\/api.w.org\/{rel}","templated":true}]}}