{"id":185689,"date":"2025-12-12T17:55:16","date_gmt":"2025-12-12T17:55:16","guid":{"rendered":"https:\/\/www.europesays.com\/pt\/185689\/"},"modified":"2025-12-12T17:55:16","modified_gmt":"2025-12-12T17:55:16","slug":"chatgpt-alimentou-pensamento-delirante-de-homem-que-matou-a-mae-nos-eua","status":"publish","type":"post","link":"https:\/\/www.europesays.com\/pt\/185689\/","title":{"rendered":"ChatGPT alimentou &#8220;pensamento delirante&#8221; de homem que matou a m\u00e3e nos EUA"},"content":{"rendered":"<p data-remotead-prev-elm=\"true\" data-remotead-elm-id=\"inread\">Suzanne Adams, de 83 anos, foi espancada e estrangulada at\u00e9 \u00e0 morte pelo filho de 56 anos, Stein-Erik Soelberg, na sua resid\u00eancia em Old Greenwich a 3 de agosto, segundo a a\u00e7\u00e3o apresentada num tribunal de San Francisco, na Calif\u00f3rnia. Soelberg, em seguida, cometeu suic\u00eddio com uma faca.<\/p>\n<p>O caso soma-se a outros processos contra a OpenAI iniciados nos \u00faltimos meses, v\u00e1rios dos quais alegam que o ChatGPT contribuiu para o suic\u00eddio de utilizadores.<\/p>\n<p>A a\u00e7\u00e3o alega que meses de conversas com o ChatGPT <strong>validaram e amplificaram o pensamento delirante de Soelberg<\/strong> e acabaram por apontar a m\u00e3e como uma amea\u00e7a. Segundo os advogados, &#8220;o ChatGPT aceitou avidamente cada semente do pensamento delirante de Soelberg e desenvolveu-a at\u00e9 a transformar num universo que passou a ser toda a vida&#8221; do agressor. O chatbot da OpenAI tamb\u00e9m refor\u00e7ou as cren\u00e7as paranoicas de Soelberg, dizendo-lhe que <strong>estava a ser vigiado e que a impressora da m\u00e3e era um dispositivo de vigil\u00e2ncia<\/strong>.<\/p>\n<p data-remotead-prev-elm=\"true\" data-remotead-elm-id=\"centro1\">&#8220;\u00c9 uma situa\u00e7\u00e3o incrivelmente dilacerante e vamos analisar a a\u00e7\u00e3o judicial para entender os detalhes&#8221;, disse nesta quinta-feira um porta-voz da OpenAI.<\/p>\n<p>Outras a\u00e7\u00f5es apresentadas em novembro sustentam que o ChatGPT levou utilizadores \u00e0 depend\u00eancia e \u00e0 autoles\u00e3o, sendo que quatro dessas queixas incluem mortes por suic\u00eddio. Entre esses casos, a fam\u00edlia de Joshua Enneking, de 26 anos, alegou que o chatbot deu respostas detalhadas sobre como conseguir uma arma depois ter expressado pensamentos suicidas. A fam\u00edlia de Amaurie Lacey, de 17 anos, disse que o ChatGPT explicou ao adolescente &#8220;como fazer uma forca e quanto tempo viveria sem respirar&#8221;.<\/p>\n<p>A a\u00e7\u00e3o apresentada nesta quinta-feira acusa o diretor-executivo da OpenAI, Sam Altman, de apressar o lan\u00e7amento do modelo GPT-4 em maio de 2024, comprimindo meses de testes de seguran\u00e7a numa semana. A Microsoft, a maior acionista da OpenAI, tamb\u00e9m figura como r\u00e9 por supostamente ter aprovado o lan\u00e7amento do produto, apesar de saber dos cortes nos protocolos de seguran\u00e7a.<\/p>\n","protected":false},"excerpt":{"rendered":"Suzanne Adams, de 83 anos, foi espancada e estrangulada at\u00e9 \u00e0 morte pelo filho de 56 anos, Stein-Erik&hellip;\n","protected":false},"author":2,"featured_media":185690,"comment_status":"","ping_status":"","sticky":false,"template":"","format":"standard","meta":{"footnotes":""},"categories":[50],"tags":[27,28,642,413,15,16,14,5564,25,26,21,22,906,62,12,13,19,20,23,24,10382,17,18,29,30,31,63,64,65],"class_list":{"0":"post-185689","1":"post","2":"type-post","3":"status-publish","4":"format-standard","5":"has-post-thumbnail","7":"category-mundo","8":"tag-breaking-news","9":"tag-breakingnews","10":"tag-chatgpt","11":"tag-eua","12":"tag-featured-news","13":"tag-featurednews","14":"tag-headlines","15":"tag-homicidio","16":"tag-latest-news","17":"tag-latestnews","18":"tag-main-news","19":"tag-mainnews","20":"tag-microsoft","21":"tag-mundo","22":"tag-news","23":"tag-noticias","24":"tag-noticias-principais","25":"tag-noticiasprincipais","26":"tag-principais-noticias","27":"tag-principaisnoticias","28":"tag-suicidio","29":"tag-top-stories","30":"tag-topstories","31":"tag-ultimas","32":"tag-ultimas-noticias","33":"tag-ultimasnoticias","34":"tag-world","35":"tag-world-news","36":"tag-worldnews"},"share_on_mastodon":{"url":"https:\/\/pubeurope.com\/@pt\/115707885804829589","error":""},"_links":{"self":[{"href":"https:\/\/www.europesays.com\/pt\/wp-json\/wp\/v2\/posts\/185689","targetHints":{"allow":["GET"]}}],"collection":[{"href":"https:\/\/www.europesays.com\/pt\/wp-json\/wp\/v2\/posts"}],"about":[{"href":"https:\/\/www.europesays.com\/pt\/wp-json\/wp\/v2\/types\/post"}],"author":[{"embeddable":true,"href":"https:\/\/www.europesays.com\/pt\/wp-json\/wp\/v2\/users\/2"}],"replies":[{"embeddable":true,"href":"https:\/\/www.europesays.com\/pt\/wp-json\/wp\/v2\/comments?post=185689"}],"version-history":[{"count":0,"href":"https:\/\/www.europesays.com\/pt\/wp-json\/wp\/v2\/posts\/185689\/revisions"}],"wp:featuredmedia":[{"embeddable":true,"href":"https:\/\/www.europesays.com\/pt\/wp-json\/wp\/v2\/media\/185690"}],"wp:attachment":[{"href":"https:\/\/www.europesays.com\/pt\/wp-json\/wp\/v2\/media?parent=185689"}],"wp:term":[{"taxonomy":"category","embeddable":true,"href":"https:\/\/www.europesays.com\/pt\/wp-json\/wp\/v2\/categories?post=185689"},{"taxonomy":"post_tag","embeddable":true,"href":"https:\/\/www.europesays.com\/pt\/wp-json\/wp\/v2\/tags?post=185689"}],"curies":[{"name":"wp","href":"https:\/\/api.w.org\/{rel}","templated":true}]}}